{"id":251314,"date":"2025-07-16T12:42:11","date_gmt":"2025-07-16T12:42:11","guid":{"rendered":"https:\/\/www.europesays.com\/fr\/251314\/"},"modified":"2025-07-16T12:42:11","modified_gmt":"2025-07-16T12:42:11","slug":"est-ce-que-je-vais-me-faire-caca-dessus-les-mesaventures-de-michael-woods-en-pleine-etape","status":"publish","type":"post","link":"https:\/\/www.europesays.com\/fr\/251314\/","title":{"rendered":"\u00ab\u00a0Est-ce que je vais me faire caca dessus\u00a0?\u00a0\u00bb\u2026 Les m\u00e9saventures de Michael Woods en pleine \u00e9tape"},"content":{"rendered":"<p>Oubliez les pancartes, les fumig\u00e8nes ou les d\u00e9guisements sur le bord de la route pour soutenir <a href=\"https:\/\/www.20minutes.fr\/sport\/cyclisme\/tour-de-france\/4163663-20250716-tour-france-2025-plan-attaque-esperer-detroner-tadej-pogacar-cote-vingegaard-visma\" target=\"_blank\" class=\"color-ultramarine c-link\" rel=\"noopener\">les coureurs du Tour de France<\/a>. Pensez au papier-toilette\u00a0! Cela permettra \u00e0 certains cyclistes de passer un moins mauvais moment que celui v\u00e9cu par Michael Woods lors de <a href=\"https:\/\/www.20minutes.fr\/sport\/cyclisme\/tour-de-france\/4163548-20250714-direct-tour-france-2025-10e-etape-premier-feu-artifice-montagne-pogacar-encore-demonstration-suivez-etape\" target=\"_blank\" class=\"color-ultramarine c-link\" rel=\"noopener\">la 10e \u00e9tape de la Grande Boucle, lundi<\/a>. Pr\u00e9sent dans l\u2019\u00e9chapp\u00e9e, le Canadien a d\u00fb l\u00e2cher pour un probl\u00e8me de transit, comme il l\u2019a racont\u00e9 sur son <a href=\"https:\/\/michaelwoods.cc\/my-dumoulin-moment\/?fbclid=PAZXh0bgNhZW0CMTEAAafDz_ZHvl8rMUfCtBxYl2q6dP_-Yv5aAMBf5vhDvk5TqPFlJSlZGoY0BUgWRQ_aem_JbtQ78yATBjxZv7JOoP_FA\" rel=\"nofollow noopener\" target=\"_blank\" class=\"color-ultramarine c-link\">blog<\/a>.<\/p>\n<p>\u00ab\u00a0Au 135e km, mes jambes ont commenc\u00e9 \u00e0 se contracter et mon estomac \u00e0 gargouiller. D\u00e9fait et abattu, je roulais \u00e0 un rythme que je pensais pouvoir tenir, mais la boule au ventre ne faisait qu\u2019empirer. J\u2019essayais de respirer, j\u2019essayais de traverser la crise, mais j\u2019\u00e9tais frapp\u00e9 par la r\u00e9alisation que j\u2019allais vivre <a href=\"https:\/\/www.20minutes.fr\/sport\/cyclisme\/2075175-20170525-video-tour-italie-dumoulin-maitrise-encore-grimpeurs-roule-vers-victoire-finale\" target=\"_blank\" class=\"color-ultramarine c-link\" rel=\"noopener\">mon moment Dumoulin<\/a>.\u00a0\u00bb Soit le besoin imm\u00e9diat de faire la grosse commission, comme le N\u00e9erlandais lors du Giro 2017.<\/p>\n<p>La salle de bains dans un sale \u00e9tat<\/p>\n<p>Probl\u00e8me, il n\u2019est pas \u00e9vident pour un coureur de se mettre sur le bas-c\u00f4t\u00e9 pour cette (grosse) pause naturelle. \u00ab\u00a0C\u2019est tout simplement impossible. Il y a trop de monde. M\u00eame s\u2019arr\u00eater pour faire pipi est d\u00e9j\u00e0 assez difficile. Alors, alors que je commen\u00e7ais \u00e0 me demander\u00a0: \u00ab\u00a0Est-ce que je vais me faire caca dessus\u00a0?\u00a0\u00bb, j\u2019ai eu une r\u00e9v\u00e9lation formidable\u00a0: \u00ab\u00a0Les camping-cars ont des toilettes\u00a0!\u00a0\u00bb En quelques secondes, je suis pass\u00e9 devant un camping-car et j\u2019ai cri\u00e9\u00a0: \u00ab\u00a0Toilettes, toilettes, toilettes\u00a0!\u00a0\u00bb\u00a0\u00bb<\/p>\n<p>L\u2019accueil \u00e0 la fran\u00e7aise est tel qu\u2019un homme n\u2019a pas tard\u00e9 \u00e0 ouvrir son domicile roulant pour <a href=\"https:\/\/www.20minutes.fr\/sport\/cyclisme\/4043643-20230701-tour-france-2023-powless-philipsen-champoussin-connaissez-mal-aussi-vont-enflammer-course\" target=\"_blank\" class=\"color-ultramarine c-link\" rel=\"noopener\">Michael Woods<\/a>. S\u00fbrement \u00e0 son plus grand regret. \u00ab\u00a0Au pauvre homme, tr\u00e8s gentil et abasourdi, qui m\u2019a ouvert la porte de son camping-car, je tiens d\u2019abord \u00e0 vous remercier, mais aussi \u00e0 m\u2019excuser abondamment pour l\u2019\u00e9tat dans lequel j\u2019ai laiss\u00e9 votre salle de bains.\u00a0\u00bb<\/p>\n<\/p>\n<p>Que s\u2019est-il pass\u00e9 pour que le ventre de Michael Woods l\u00e2che comme \u00e7a, en plein milieu de l\u2019\u00e9tape\u00a0? \u00ab\u00a0Le stress de la course ne tue pas seulement les jambes\u00a0; il peut aussi faire des ravages sur le syst\u00e8me digestif, surtout \u00e0 l\u2019\u00e8re des fortes doses de glucides. 120 g de glucides par heure pendant quatre heures cons\u00e9cutives ne donnent pas de bons r\u00e9sultats.\u00a0\u00bb Pr\u00e9parez donc le papier-toilette et la serpilli\u00e8re, on ne sait jamais.<\/p>\n","protected":false},"excerpt":{"rendered":"Oubliez les pancartes, les fumig\u00e8nes ou les d\u00e9guisements sur le bord de la route pour soutenir les coureurs&hellip;\n","protected":false},"author":2,"featured_media":251315,"comment_status":"","ping_status":"","sticky":false,"template":"","format":"standard","meta":{"footnotes":""},"categories":[1411],"tags":[6733,1154,207,1011,27,517,60,13917,210],"class_list":{"0":"post-251314","1":"post","2":"type-post","3":"status-publish","4":"format-standard","5":"has-post-thumbnail","7":"category-cyclisme","8":"tag-auvergne","9":"tag-cycling","10":"tag-cyclisme","11":"tag-fr","12":"tag-france","13":"tag-sport","14":"tag-sports","15":"tag-toilettes","16":"tag-tour-de-france"},"share_on_mastodon":{"url":"https:\/\/pubeurope.com\/@fr\/114862970926244352","error":""},"_links":{"self":[{"href":"https:\/\/www.europesays.com\/fr\/wp-json\/wp\/v2\/posts\/251314","targetHints":{"allow":["GET"]}}],"collection":[{"href":"https:\/\/www.europesays.com\/fr\/wp-json\/wp\/v2\/posts"}],"about":[{"href":"https:\/\/www.europesays.com\/fr\/wp-json\/wp\/v2\/types\/post"}],"author":[{"embeddable":true,"href":"https:\/\/www.europesays.com\/fr\/wp-json\/wp\/v2\/users\/2"}],"replies":[{"embeddable":true,"href":"https:\/\/www.europesays.com\/fr\/wp-json\/wp\/v2\/comments?post=251314"}],"version-history":[{"count":0,"href":"https:\/\/www.europesays.com\/fr\/wp-json\/wp\/v2\/posts\/251314\/revisions"}],"wp:featuredmedia":[{"embeddable":true,"href":"https:\/\/www.europesays.com\/fr\/wp-json\/wp\/v2\/media\/251315"}],"wp:attachment":[{"href":"https:\/\/www.europesays.com\/fr\/wp-json\/wp\/v2\/media?parent=251314"}],"wp:term":[{"taxonomy":"category","embeddable":true,"href":"https:\/\/www.europesays.com\/fr\/wp-json\/wp\/v2\/categories?post=251314"},{"taxonomy":"post_tag","embeddable":true,"href":"https:\/\/www.europesays.com\/fr\/wp-json\/wp\/v2\/tags?post=251314"}],"curies":[{"name":"wp","href":"https:\/\/api.w.org\/{rel}","templated":true}]}}