{"id":251318,"date":"2025-07-16T12:44:11","date_gmt":"2025-07-16T12:44:11","guid":{"rendered":"https:\/\/www.europesays.com\/fr\/251318\/"},"modified":"2025-07-16T12:44:11","modified_gmt":"2025-07-16T12:44:11","slug":"lupita-nyongo-revele-etre-atteinte-de-fibromes-uterins","status":"publish","type":"post","link":"https:\/\/www.europesays.com\/fr\/251318\/","title":{"rendered":"Lupita Nyong\u2019o r\u00e9v\u00e8le \u00eatre atteinte de fibromes ut\u00e9rins"},"content":{"rendered":"<p>        <img decoding=\"async\" loading=\"lazy\" src=\"https:\/\/www.europesays.com\/fr\/wp-content\/uploads\/2025\/07\/cb58d46_1658701137876-5c92a7783b000002076dd723.jpeg\"  width=\"728\" height=\"485\" alt=\"Bien que b\u00e9nins, les fibromes ut\u00e9rins peuvent occasionner de nombreux troubles pour les femmes qui en souffrent\"\/>  <\/p>\n<p>Andreas Rentz via Getty Images<\/p>\n<p>Bien que b\u00e9nins, les fibromes ut\u00e9rins peuvent occasionner de nombreux troubles pour les femmes qui en souffrent<\/p>\n<p class=\"asset asset-text\">SANT\u00c9 &#8211; S\u2019ouvrir sur sa sant\u00e9 pour la bonne cause. Dans un post Instagram publi\u00e9 mardi 15\u00a0juillet, <a href=\"https:\/\/www.huffingtonpost.fr\/culture\/article\/derriere-la-coiffure-glamour-de-lupita-nyong-o-le-precieux-travail-d-un-coiffeur_158490.html\" target=\"_blank\" rel=\"noopener\">Lupita Nyong\u2019o<\/a> a d\u00e9voil\u00e9 lutter depuis plus de dix ans contre des <a href=\"https:\/\/www.huffingtonpost.fr\/life\/article\/les-fibromes-uterins-ces-trolls-qui-squattent-mon-uterus_211141.html\" target=\"_blank\" rel=\"noopener\">fibromes ut\u00e9rins<\/a>.<\/p>\n<p class=\"asset asset-text\">R\u00e9v\u00e9l\u00e9e en 2013\u00a0dans 12\u00a0Years a Slave de Steve McQueen, Lupita Nyong\u2019o raconte dans sa publication que c\u2019est l\u2019ann\u00e9e suivante, alors qu\u2019elle recevait l\u2019Oscar de la meilleure actrice dans un second r\u00f4le, qu\u2019on lui a annonc\u00e9 qu\u2019elle avait \u00ab\u00a030\u00a0fibromes\u00a0\u00bb.<\/p>\n<p class=\"asset asset-text\">\u00ab\u00a0J\u2019ai \u00e9t\u00e9 op\u00e9r\u00e9e pour les enlever. J\u2019ai demand\u00e9 \u00e0 mon m\u00e9decin si je pouvais faire quelque chose pour \u00e9viter qu\u2019ils ne r\u00e9apparaissent. Elle m\u2019a r\u00e9pondu\u00a0: \u201cVous ne pouvez pas. Ce n\u2019est qu\u2019une question de temps avant qu\u2019ils ne reviennent\u201d\u00a0\u00bb, \u00e9crit l\u2019actrice de 42\u00a0ans.<\/p>\n<p> La lecture de ce contenu est susceptible d\u2019entra\u00eener un d\u00e9p\u00f4t de cookies de la part de l\u2019op\u00e9rateur tiers qui l\u2019h\u00e9berge. Compte-tenu des choix que vous avez exprim\u00e9s en mati\u00e8re de d\u00e9p\u00f4t de cookies, nous avons bloqu\u00e9 l\u2019affichage de ce contenu. Si vous souhaitez y acc\u00e9der, vous devez accepter la cat\u00e9gorie de cookies \u201cContenus tiers\u201d en cliquant sur le bouton ci-dessous. <\/p>\n<p> Lire la Vid\u00e9o        Qu\u2019est-ce que des fibromes ut\u00e9rins\u00a0?    <\/p>\n<p class=\"asset asset-text\">Comme le d\u00e9veloppe <a href=\"https:\/\/www.ameli.fr\/assure\/sante\/themes\/fibrome-uterin\/symptomes-diagnostic-evolution\" target=\"_blank\" rel=\"noopener\" title=\"Nouvelle fen\u00eatre\">le site de l\u2019Assurance-maladie<\/a>, les fibromes ut\u00e9rins sont des tumeurs qui se d\u00e9veloppent au niveau de l\u2019endom\u00e8tre (la muqueuse tapissant l\u2019ut\u00e9rus), dans le muscle ut\u00e9rin ou le myom\u00e8tre (la couche interm\u00e9diaire de la paroi de l\u2019ut\u00e9rus).\u00a0Bien que b\u00e9nignes, ces tumeurs peuvent occasionner de nombreux troubles pour <a href=\"https:\/\/www.huffingtonpost.fr\/life\/article\/sharon-stone-souffre-d-un-fibrome-de-quoi-s-agit-il_209754.html\" target=\"_blank\" rel=\"noopener\" title=\"Nouvelle fen\u00eatre\">les femmes qui en souffrent<\/a>, \u00e0 commencer par des pertes abondantes au moment des r\u00e8gles, une pesanteur et\/ou des douleurs pelviennes, des douleurs pendant les rapports sexuels ou encore des troubles de la fertilit\u00e9.<\/p>\n<p class=\"asset asset-text\">Comme le pr\u00e9cise Lupita Nyong\u2019o dans son post Instagram, de \u00ab\u00a0trop nombreuses femmes souffrent de fibromes ut\u00e9rins\u00a0\u00bb, \u00e0 savoir \u00ab\u00a080\u00a0% des femmes noires et 70\u00a0% des femmes blanches \u00e0 50\u00a0ans\u00a0\u00bb. Pourtant, aucun traitement ne leur est propos\u00e9, si ce n\u2019est la chirurgie, qui ne permet pourtant pas de les retirer d\u00e9finitivement.<\/p>\n<p class=\"asset asset-text\">Un fatalisme que l\u2019actrice n\u2019accepte pas. \u00ab\u00a0Lorsque nous atteignons la pubert\u00e9, on nous apprend que les r\u00e8gles sont synonymes de douleur et que la douleur fait tout simplement partie de la vie d\u2019une femme\u00a0\u00bb, \u00e9crit-elle. \u00ab\u00a0J\u2019ai commenc\u00e9 \u00e0 parler de mon exp\u00e9rience en priv\u00e9 et j\u2019ai compris que tant de femmes vivaient la m\u00eame chose. Nous luttons seules contre quelque chose qui affecte la plupart d\u2019entre nous. C\u2019est fini de souffrir en silence\u00a0!\u00a0\u00bb<\/p>\n<p>    \u00ab\u00a0Nous devons rejeter la banalisation de la douleur f\u00e9minine\u00a0\u00bb    <\/p>\n<p class=\"asset asset-text\">Pour soutenir les jeunes femmes qui se d\u00e9couvriront, elles aussi, cette maladie, l\u2019actrice de Black Panther et Us a \u00e9t\u00e9 re\u00e7ue au Congr\u00e8s am\u00e9ricain mardi 15\u00a0juillet aupr\u00e8s de la d\u00e9put\u00e9e Yvette D. Clarke pour pr\u00e9senter <a href=\"https:\/\/clarke.house.gov\/clarke-and-colleagues-join-academy-award-winning-actor-lupita-nyongo-and-advocates-to-mark-introduction-of-uterine-health-legislative-package\/\" target=\"_blank\" rel=\"noopener\" title=\"Nouvelle fen\u00eatre\">un ensemble de projets de loi<\/a> pour faire progresser les initiatives en mati\u00e8re de sant\u00e9 ut\u00e9rine. \u00ab\u00a0J\u2019envisage un avenir diff\u00e9rent\u00a0: un avenir avec une \u00e9ducation pr\u00e9coce pour les adolescentes, de meilleurs protocoles de pr\u00e9vention et de d\u00e9pistage, une recherche rigoureuse et des traitements moins invasifs pour les fibromes ut\u00e9rins\u00a0\u00bb, d\u00e9veloppe Lupita Nyong\u2019o sur son compte Instagram.<\/p>\n<p class=\"asset asset-text\">Elle a \u00e9galement annonc\u00e9 lancer, en partenariat avec la <a href=\"https:\/\/www.foundationwomenshealth.org\/media\/fwh-x-lupita\" target=\"_blank\" rel=\"noopener\" title=\"Nouvelle fen\u00eatre\">Foundation for Women\u2019s Health<\/a>, une bourse qui financera la recherche m\u00e9dicale sur les fibromes ut\u00e9rins. \u00ab\u00a0J\u2019esp\u00e8re trouver des r\u00e9ponses pour les trop nombreuses femmes atteintes de fibromes ut\u00e9rins, a d\u00e9clar\u00e9 Lupita Nyong\u2019o mardi \u00e0 Washington. Nous devons rejeter la banalisation de la douleur f\u00e9minine.\u00a0\u00bb<\/p>\n","protected":false},"excerpt":{"rendered":"Andreas Rentz via Getty Images Bien que b\u00e9nins, les fibromes ut\u00e9rins peuvent occasionner de nombreux troubles pour les&hellip;\n","protected":false},"author":2,"featured_media":251319,"comment_status":"","ping_status":"","sticky":false,"template":"","format":"standard","meta":{"footnotes":""},"categories":[1359],"tags":[58,59,1011,27,39147,5656,39146,973,71],"class_list":{"0":"post-251318","1":"post","2":"type-post","3":"status-publish","4":"format-standard","5":"has-post-thumbnail","7":"category-people","8":"tag-divertissement","9":"tag-entertainment","10":"tag-fr","11":"tag-france","12":"tag-gynecologie","13":"tag-life","14":"tag-lupita-nyong-o","15":"tag-people","16":"tag-sante"},"share_on_mastodon":{"url":"https:\/\/pubeurope.com\/@fr\/114862979022006531","error":""},"_links":{"self":[{"href":"https:\/\/www.europesays.com\/fr\/wp-json\/wp\/v2\/posts\/251318","targetHints":{"allow":["GET"]}}],"collection":[{"href":"https:\/\/www.europesays.com\/fr\/wp-json\/wp\/v2\/posts"}],"about":[{"href":"https:\/\/www.europesays.com\/fr\/wp-json\/wp\/v2\/types\/post"}],"author":[{"embeddable":true,"href":"https:\/\/www.europesays.com\/fr\/wp-json\/wp\/v2\/users\/2"}],"replies":[{"embeddable":true,"href":"https:\/\/www.europesays.com\/fr\/wp-json\/wp\/v2\/comments?post=251318"}],"version-history":[{"count":0,"href":"https:\/\/www.europesays.com\/fr\/wp-json\/wp\/v2\/posts\/251318\/revisions"}],"wp:featuredmedia":[{"embeddable":true,"href":"https:\/\/www.europesays.com\/fr\/wp-json\/wp\/v2\/media\/251319"}],"wp:attachment":[{"href":"https:\/\/www.europesays.com\/fr\/wp-json\/wp\/v2\/media?parent=251318"}],"wp:term":[{"taxonomy":"category","embeddable":true,"href":"https:\/\/www.europesays.com\/fr\/wp-json\/wp\/v2\/categories?post=251318"},{"taxonomy":"post_tag","embeddable":true,"href":"https:\/\/www.europesays.com\/fr\/wp-json\/wp\/v2\/tags?post=251318"}],"curies":[{"name":"wp","href":"https:\/\/api.w.org\/{rel}","templated":true}]}}