{"id":251320,"date":"2025-07-16T12:45:11","date_gmt":"2025-07-16T12:45:11","guid":{"rendered":"https:\/\/www.europesays.com\/fr\/251320\/"},"modified":"2025-07-16T12:45:11","modified_gmt":"2025-07-16T12:45:11","slug":"les-statues-en-or-des-jo-representant-10-femmes-installees-dans-le-18e-cet-ete","status":"publish","type":"post","link":"https:\/\/www.europesays.com\/fr\/251320\/","title":{"rendered":"Les statues en or des JO repr\u00e9sentant 10 femmes install\u00e9es dans le 18e cet \u00e9t\u00e9"},"content":{"rendered":"<p>L\u2019h\u00e9ritage des <strong>Jeux olympiques et paralympiques<\/strong> de Paris 2024 est plus fort que jamais. Apr\u00e8s le retour de la <a href=\"https:\/\/www.lebonbon.fr\/paris\/good-news\/acces-date-concerts-retour-vasque-olympique-paris\/\" rel=\"nofollow noopener\" target=\"_blank\"><strong>vasque olympique<\/strong><\/a> dans le jardin des Tuileries en juin dernier et jusqu&rsquo;au 14 septembre, ce sont les <strong>10 statues dor\u00e9es<\/strong> repr\u00e9sentant les grandes femmes de l\u2019Histoire fran\u00e7aise qui font leur retour dans la capitale \u00e0 l&rsquo;\u00e9t\u00e9 2025.\u00a0<\/p>\n<p>&#13;<\/p>\n<blockquote class=\"instagram-media\" data-instgrm-permalink=\"https:\/\/www.instagram.com\/p\/DKPXNEvqWUS\/?utm_source=ig_embed&amp;utm_campaign=loading\" data-instgrm-version=\"14\" style=\"background: #FFF; border: 0; border-radius: 3px; box-shadow: 0 0 1px 0 rgba(0,0,0,0.5),0 1px 10px 0 rgba(0,0,0,0.15); margin: 1px; max-width: 540px; min-width: 326px; padding: 0; width: calc(100% - 2px);\"><p>&#13;<br \/>\n&#13;\n<\/p><\/blockquote>\n<p>&#13;<br \/>\n&#13;<br \/>\n<br \/><strong>Des statues qui ont marqu\u00e9 l&rsquo;ouverture des JO<\/strong>&#13;<\/p>\n<p>Le rendez-vous est donn\u00e9<strong> le 26 juillet 2025<\/strong>, un an jour pour jour apr\u00e8s <a href=\"https:\/\/www.lebonbon.fr\/paris\/news\/d\u00e9roul\u00e9-ceremonie-d-ouverture-jeux-olympiques-5-points-cles\/\" rel=\"nofollow noopener\" target=\"_blank\">la c\u00e9r\u00e9monie d\u2019ouverture<\/a> de l\u2019\u00e9v\u00e9nement sportif le plus convoit\u00e9. En plus du cheval de m\u00e9tal et de sa myst\u00e9rieuse cavali\u00e8re que l\u2019on a d\u00e9couverts galopant sur la sc\u00e8ne, ce sont <strong>10 statues en or<\/strong> de quatre m\u00e8tres de haut, repr\u00e9sentant d\u2019illustres femmes d\u2019arts, de lettres, de sciences, de politiques ou de sports, que le spectateur\u00b7ice\u00b7s du monde entier ont pu d\u00e9couvrir. Dans quelques jours, elles seront donc plac\u00e9es et inaugur\u00e9es dans le 18e arrondissement, <strong>rue de la Chapelle<\/strong>.<\/p>\n<p>&#13;<\/p>\n<blockquote class=\"twitter-tweet\"><p>&#13;<\/p>\n<p lang=\"fr\" dir=\"ltr\">Les 10 femmes en or de <a href=\"https:\/\/twitter.com\/hashtag\/Paris2024?src=hash&amp;ref_src=twsrc%5Etfw\" rel=\"nofollow noopener\" target=\"_blank\">#Paris2024<\/a> s\u2019installent \u00e0 l\u2019Assembl\u00e9e\u00a0! Puissent-elles nous inspirer cette ann\u00e9e\u00a0! Venez les admirer d\u00e8s le 23 septembre.<\/p>\n<p>\ud83d\udd17 <a href=\"https:\/\/t.co\/NcoPzxZI6g\" rel=\"nofollow\">https:\/\/t.co\/NcoPzxZI6g<\/a> <a href=\"https:\/\/t.co\/W1i6hFoTDZ\" rel=\"nofollow\">pic.twitter.com\/W1i6hFoTDZ<\/a><\/p>\n<p>&#13;<br \/>\n\u2014 Ya\u00ebl Braun-Pivet (@YaelBRAUNPIVET) <a href=\"https:\/\/twitter.com\/YaelBRAUNPIVET\/status\/1834254812839358808?ref_src=twsrc%5Etfw\" rel=\"nofollow noopener\" target=\"_blank\">September 12, 2024<\/a><\/p><\/blockquote>\n<p>&#13;<br \/>\n&#13;<br \/>\n<br \/><strong>Une installation d\u00e9finitive dans le 18e<\/strong>&#13;<\/p>\n<p>Repr\u00e9sentant Christine de Pizan, Jeanne Barret, <strong>Olympe de Gouges<\/strong>, Louise Michel, Alice Guy, Alice Milliat, Paulette Nardal, Simone de Beauvoir, <strong>Simone Veil<\/strong> et Gis\u00e8le Halimi, ces statues avaient \u00e9t\u00e9 temporairement plac\u00e9es \u00e0 <a href=\"https:\/\/www.lebonbon.fr\/paris\/culture\/statues-10-femmes-or-ceremonie-ouverture-vont-etre-exposees-gratuitement\/\" rel=\"nofollow noopener\" target=\"_blank\"><strong>l\u2019Assembl\u00e9e nationale<\/strong><\/a> du 21 septembre au 4 octobre 2024. C\u2019est d\u00e9sormais une place permanente qui leur est accord\u00e9e dans le 18e. Il sera possible de les voir <strong>gratuitement et quotidiennement<\/strong>. Profitez-en\u00a0!<\/p>\n<p>&#13;<\/p>\n<blockquote class=\"instagram-media\" data-instgrm-permalink=\"https:\/\/www.instagram.com\/reel\/DAaV5cSocgV\/?utm_source=ig_embed&amp;utm_campaign=loading\" data-instgrm-version=\"14\" style=\"background: #FFF; border: 0; border-radius: 3px; box-shadow: 0 0 1px 0 rgba(0,0,0,0.5),0 1px 10px 0 rgba(0,0,0,0.15); margin: 1px; max-width: 540px; min-width: 326px; padding: 0; width: calc(100% - 2px);\"><p>&#13;<br \/>\n&#13;\n<\/p><\/blockquote>\n<p>&#13;<br \/>\n&#13;<\/p>\n<p><strong>Statues en or des JO<br \/>Rue de la Chapelle \u2014 18e<br \/>Accessible tous les jours <br \/>Gratuit <br \/><a href=\"https:\/\/parisjetaime.com\/evenement\/statues-jo-10-femmes-en-or-assemblee-nationale-e1122\" rel=\"nofollow noopener noreferrer\" target=\"_blank\">Plus d\u2019infos<\/a><\/strong><\/p>\n<p><script async src=\"https:\/\/platform.twitter.com\/widgets.js\" charset=\"utf-8\"><\/script><script async src=\"\/\/www.instagram.com\/embed.js\"><\/script><\/p>\n","protected":false},"excerpt":{"rendered":"L\u2019h\u00e9ritage des Jeux olympiques et paralympiques de Paris 2024 est plus fort que jamais. Apr\u00e8s le retour de&hellip;\n","protected":false},"author":2,"featured_media":251321,"comment_status":"","ping_status":"","sticky":false,"template":"","format":"standard","meta":{"footnotes":""},"categories":[1358],"tags":[1348,1384,1385,1386,58,59,1011,27],"class_list":{"0":"post-251320","1":"post","2":"type-post","3":"status-publish","4":"format-standard","5":"has-post-thumbnail","7":"category-arts-et-design","8":"tag-arts","9":"tag-arts-and-design","10":"tag-arts-et-design","11":"tag-design","12":"tag-divertissement","13":"tag-entertainment","14":"tag-fr","15":"tag-france"},"share_on_mastodon":{"url":"https:\/\/pubeurope.com\/@fr\/114862982792294791","error":""},"_links":{"self":[{"href":"https:\/\/www.europesays.com\/fr\/wp-json\/wp\/v2\/posts\/251320","targetHints":{"allow":["GET"]}}],"collection":[{"href":"https:\/\/www.europesays.com\/fr\/wp-json\/wp\/v2\/posts"}],"about":[{"href":"https:\/\/www.europesays.com\/fr\/wp-json\/wp\/v2\/types\/post"}],"author":[{"embeddable":true,"href":"https:\/\/www.europesays.com\/fr\/wp-json\/wp\/v2\/users\/2"}],"replies":[{"embeddable":true,"href":"https:\/\/www.europesays.com\/fr\/wp-json\/wp\/v2\/comments?post=251320"}],"version-history":[{"count":0,"href":"https:\/\/www.europesays.com\/fr\/wp-json\/wp\/v2\/posts\/251320\/revisions"}],"wp:featuredmedia":[{"embeddable":true,"href":"https:\/\/www.europesays.com\/fr\/wp-json\/wp\/v2\/media\/251321"}],"wp:attachment":[{"href":"https:\/\/www.europesays.com\/fr\/wp-json\/wp\/v2\/media?parent=251320"}],"wp:term":[{"taxonomy":"category","embeddable":true,"href":"https:\/\/www.europesays.com\/fr\/wp-json\/wp\/v2\/categories?post=251320"},{"taxonomy":"post_tag","embeddable":true,"href":"https:\/\/www.europesays.com\/fr\/wp-json\/wp\/v2\/tags?post=251320"}],"curies":[{"name":"wp","href":"https:\/\/api.w.org\/{rel}","templated":true}]}}