{"id":251328,"date":"2025-07-16T12:49:14","date_gmt":"2025-07-16T12:49:14","guid":{"rendered":"https:\/\/www.europesays.com\/fr\/251328\/"},"modified":"2025-07-16T12:49:14","modified_gmt":"2025-07-16T12:49:14","slug":"mais-au-fait-cest-qui-la-surfeuse-dargent","status":"publish","type":"post","link":"https:\/\/www.europesays.com\/fr\/251328\/","title":{"rendered":"mais au fait, c&rsquo;est qui la Surfeuse d&rsquo;argent ?"},"content":{"rendered":"<p>D\u2019imp\u00e9ratrice de Zenn-La \u00e0 Surfeuse d\u2019Argent, le personnage de Shalla-Bal retrouve ses lettres de noblesses dans <a href=\"https:\/\/www.journaldugeek.com\/2025\/06\/25\/les-4-fantastiques-le-trailer-final-est-la-ca-sent-tres-bon\/\" target=\"_blank\" rel=\"noopener\">Les 4 Fantastiques, Premiers pas<\/a>. Si l\u2019antagoniste incarn\u00e9e par Julia Garner signe ses premiers pas dans le MCU, son r\u00f4le se veut bien plus ambivalent dans les comics.<\/p>\n<p> De compagne \u00e0 imp\u00e9ratrice <\/p>\n<p>Issue de la grande tradition cosmique Marvel, Shalla-Bal appara\u00eet pour la premi\u00e8re fois en 1968 dans Silver Surfer #1, sous la plume de Stan Lee et John Buscema. Originaire de la plan\u00e8te Zenn-La, elle se distingue d\u00e8s le d\u00e9but comme l\u2019\u00e2me s\u0153ur de Norrin Radd, futur Surfeur d\u2019Argent.<\/p>\n<p>Lorsque Galactus menace d\u2019annihiler Zenn-La, c\u2019est le sacrifice de Norrin Radd \u2013 <strong>acceptant de devenir le h\u00e9raut du d\u00e9voreur de mondes<\/strong> afin de sauver son peuple \u2013 qui arrache Shalla-Bal \u00e0 l\u2019amour de sa vie. Cette s\u00e9paration, impos\u00e9e par le D\u00e9voreur et renforc\u00e9e par les manipulations de Mephisto et Fatalis, devient un \u00e9l\u00e9ment r\u00e9current dans l\u2019histoire tragique du Surfeur, qui \u00e9rige Shalla-Bal en symbole. Sa m\u00e9moire devient l\u2019ancre qui retient Norrin Radd \u00e0 son humanit\u00e9, et elle re\u00e7oit une partie de son pouvoir cosmique. Devenue imp\u00e9ratrice de Zenn-La, elle redonne vie \u00e0 sa plan\u00e8te, et sacrifie encore une fois son amour au profit de ses responsabilit\u00e9s politiques. Un sens du devoir qui va impacter ses choix et d\u00e9cisions tout au long de son parcours.<\/p>\n<p> Pourquoi la Surfeuse d\u2019argent est de m\u00e8che avec Galactus\u00a0? <\/p>\n<p>Dans le nouveau film des 4 Fantastiques\u00a0: Premiers Pas, la Surfeuse d\u2019Argent appara\u00eet aux c\u00f4t\u00e9s de Galactus car elle joue son r\u00f4le de h\u00e9raut cosmique\u00a0: c\u2019est elle qui annonce \u00e0 la Terre l\u2019arriv\u00e9e imminente du d\u00e9voreur de mondes. Cet \u00e9l\u00e9ment sc\u00e9naristique est une reprise fid\u00e8le \u00e0 la mythologie Marvel, o\u00f9 le Surfeur d\u2019Argent est charg\u00e9 de trouver des mondes pour Galactus en \u00e9change de la survie de sa propre plan\u00e8te.<\/p>\n<\/p>\n<p>    <a href=\"https:\/\/www.youtube.com\/user\/JournalduGeek?sub_confirmation=1\" target=\"_blank\" rel=\"nofollow noopener\"><br \/>\n        S&rsquo;abonner \u00e0 Journal du Geek<br \/>\n    <\/a> <\/p>\n<p>Ce r\u00f4le n\u2019est pas invent\u00e9 : dans certaines r\u00e9alit\u00e9s parall\u00e8les (notamment What If\u2026? et Terre X), Shalla-Bal porte le nom de Starglow et rev\u00eat l\u2019apparence du Surfeur d\u2019Argent. C\u2019est justement sous cette forme qu\u2019elle appara\u00eet dans le film\u00a0: <strong>Shalla-Bal devient la Surfeuse d\u2019argent<\/strong>, pr\u00eate \u00e0 tout pour le salut de son peuple. Longtemps r\u00e9duite au statut de muse, de souvenir ou d\u2019objet narratif, elle acquiert, gr\u00e2ce au MCU, la stature de protagoniste centrale. Sa relation avec la Torche promet d\u2019ailleurs de s\u2019imposer comme une composante phare du r\u00e9cit.<\/p>\n<p>En attendant de d\u00e9couvrir le film, pr\u00e9vu pour le 23 juillet 2025, on ne peut que s\u2019enthousiasmer pour ce que <a href=\"https:\/\/www.journaldugeek.com\/2025\/07\/15\/les-4-fantastiques-on-a-vu-20-minutes-du-film-qui-veut-sauver-marvel\/\" target=\"_blank\" rel=\"noopener\">Marvel nous a d\u00e9j\u00e0 donn\u00e9 \u00e0 voir<\/a>.<\/p>\n<p>  \u00c0 lire et \u00e0 voir pour aller plus loin <\/p>\n<ul>\n<li>Le Surfeur d\u2019argent\u00a0: Requiem<\/li>\n<li>Les 4 Fantastiques\u00a0: Voici venir Galactus<\/li>\n<li>Terre X<\/li>\n<\/ul>\n<blockquote>\n<p class=\"text-base text-neutral-700 dark:text-neutral-300\">\ud83d\udfe3 Pour ne manquer aucune news sur le Journal du Geek, abonnez-vous sur <a href=\"https:\/\/news.google.com\/publications\/CAAqBwgKMNr_hAswwYyCAw?hl=fr&amp;gl=FR&amp;ceid=FR%3Afr\" target=\"_blank\" rel=\"noopener\">Google Actualit\u00e9s<\/a> et sur <a href=\"https:\/\/whatsapp.com\/channel\/0029VaClM5y4tRry12tb7D2h\" target=\"_blank\" rel=\"noopener\">notre WhatsApp<\/a>. Et si vous nous adorez, on a <a href=\"https:\/\/www.journaldugeek.com\/newsletter\/\" target=\"_blank\" rel=\"noopener\">une newsletter tous les matins<\/a>.<\/p>\n<\/blockquote>\n","protected":false},"excerpt":{"rendered":"D\u2019imp\u00e9ratrice de Zenn-La \u00e0 Surfeuse d\u2019Argent, le personnage de Shalla-Bal retrouve ses lettres de noblesses dans Les 4&hellip;\n","protected":false},"author":2,"featured_media":251329,"comment_status":"","ping_status":"","sticky":false,"template":"","format":"standard","meta":{"footnotes":""},"categories":[1354],"tags":[9993,650,19247,58,59,1346,1011,27,28380,2135,11224,1360],"class_list":{"0":"post-251328","1":"post","2":"type-post","3":"status-publish","4":"format-standard","5":"has-post-thumbnail","7":"category-films","8":"tag-bd","9":"tag-cinema","10":"tag-comics","11":"tag-divertissement","12":"tag-entertainment","13":"tag-films","14":"tag-fr","15":"tag-france","16":"tag-les-4-fantastiques","17":"tag-marvel","18":"tag-mcu","19":"tag-movies"},"share_on_mastodon":{"url":"https:\/\/pubeurope.com\/@fr\/114862998303753264","error":""},"_links":{"self":[{"href":"https:\/\/www.europesays.com\/fr\/wp-json\/wp\/v2\/posts\/251328","targetHints":{"allow":["GET"]}}],"collection":[{"href":"https:\/\/www.europesays.com\/fr\/wp-json\/wp\/v2\/posts"}],"about":[{"href":"https:\/\/www.europesays.com\/fr\/wp-json\/wp\/v2\/types\/post"}],"author":[{"embeddable":true,"href":"https:\/\/www.europesays.com\/fr\/wp-json\/wp\/v2\/users\/2"}],"replies":[{"embeddable":true,"href":"https:\/\/www.europesays.com\/fr\/wp-json\/wp\/v2\/comments?post=251328"}],"version-history":[{"count":0,"href":"https:\/\/www.europesays.com\/fr\/wp-json\/wp\/v2\/posts\/251328\/revisions"}],"wp:featuredmedia":[{"embeddable":true,"href":"https:\/\/www.europesays.com\/fr\/wp-json\/wp\/v2\/media\/251329"}],"wp:attachment":[{"href":"https:\/\/www.europesays.com\/fr\/wp-json\/wp\/v2\/media?parent=251328"}],"wp:term":[{"taxonomy":"category","embeddable":true,"href":"https:\/\/www.europesays.com\/fr\/wp-json\/wp\/v2\/categories?post=251328"},{"taxonomy":"post_tag","embeddable":true,"href":"https:\/\/www.europesays.com\/fr\/wp-json\/wp\/v2\/tags?post=251328"}],"curies":[{"name":"wp","href":"https:\/\/api.w.org\/{rel}","templated":true}]}}