{"id":251339,"date":"2025-07-16T12:55:10","date_gmt":"2025-07-16T12:55:10","guid":{"rendered":"https:\/\/www.europesays.com\/fr\/251339\/"},"modified":"2025-07-16T12:55:10","modified_gmt":"2025-07-16T12:55:10","slug":"letrange-passion-des-ukrainiens-pour-la-premiere-dame-americaine","status":"publish","type":"post","link":"https:\/\/www.europesays.com\/fr\/251339\/","title":{"rendered":"l\u2019\u00e9trange passion des Ukrainiens pour la premi\u00e8re dame am\u00e9ricaine"},"content":{"rendered":"<p>L\u2019\u00e9pouse de Donald Trump est salu\u00e9e par les internautes ukrainiens pour avoir contribu\u00e9 au r\u00e9cent revirement du pr\u00e9sident am\u00e9ricain sur l\u2019envoi d\u2019armes d\u00e9fensives \u00e0 Kiev.<\/p>\n<p class=\"fig-paragraph\">Le nouveau h\u00e9ros des Ukrainiens s\u2019appelle Trump. Et ce n\u2019est pas une dystopie. Ces derniers jours, les r\u00e9seaux sociaux s\u2019enflamment en effet pour \u00abl\u2019agent\u00bb\u00a0<a href=\"https:\/\/madame.lefigaro.fr\/tag\/melania-trump\" target=\"_blank\" rel=\"sponsored noopener nofollow\" data-gtm-custom-categorie=\"navigation\" data-gtm-custom-action=\"crossclick\" data-gtm-custom-label=\"Contextuel\" data-gtm-event=\"customEventSPE\">Melania Trump<\/a>, lou\u00e9 pour son r\u00f4le jug\u00e9 d\u00e9terminant dans le virage \u00e0 180 degr\u00e9s op\u00e9r\u00e9 par son mari dans son soutien \u00e0 Kiev.<\/p>\n<p class=\"fig-paragraph\">Cette \u00e9trange romance 2.0 d\u00e9bute lundi 14 juillet. Donald Trump, qui vient d\u2019annoncer au c\u00f4t\u00e9 du secr\u00e9taire g\u00e9n\u00e9ral de l\u2019Otan\u00a0<a href=\"https:\/\/www.lefigaro.fr\/tag\/mark-rutte\" target=\"_blank\" rel=\"sponsored noopener nofollow\" data-gtm-custom-categorie=\"navigation\" data-gtm-custom-action=\"crossclick\" data-gtm-custom-label=\"Contextuel\" data-gtm-event=\"customEventSPE\">Mark Rutte<\/a>\u00a0de\u00a0<a href=\"http:\/\/www.lefigaro.fr\/international\/guerre-en-ukraine-la-livraison-d-armes-americaines-a-kiev-favorise-la-poursuite-des-hostilites-affirme-le-kremlin-20250708\" data-fig-type=\"NewsFlash\" data-gtm-custom-categorie=\"navigation\" data-gtm-custom-action=\"crossclick\" data-gtm-custom-label=\"Contextuel\" data-gtm-event=\"customEventSPE\" data-fig-domain=\"LEFIGARO\" rel=\"nofollow noopener\" target=\"_blank\">nouvelles livraisons d\u2019armes am\u00e9ricaines<\/a>\u00a0\u00e0 l\u2019Ukraine via alli\u00e9s europ\u00e9ens, explique son revirement par une conversation qu\u2019il a eue avec la premi\u00e8re dame.<\/p>\n<p>                                    <a class=\"fig-a11y-skip a11y-hidden\" href=\"#fig-a11y-skip-main-inarticle\"><br \/>\n        Passer la publicit\u00e9<br \/>\n    <\/a><\/p>\n<p class=\"fig-paragraph\">\u00abMes conversations avec [Vladimir Poutine] sont toujours tr\u00e8s agr\u00e9ables. Je ne peux m\u2019emp\u00eacher de me dire\u00a0: \u201cN\u2019est-ce pas une conversation charmante\u00a0?\u201d Et puis, cette nuit-l\u00e0, des missiles explosent\u00bb, raconte le 47e pr\u00e9sident des \u00c9tats-Unis. Et de poursuivre\u00a0: \u00abJe rentre chez moi et je dis \u00e0 la premi\u00e8re dame\u00a0: \u201cJ\u2019ai parl\u00e9 avec Vladimir aujourd\u2019hui. Nous avons eu une conversation formidable\u201d. Et l\u00e0 elle me r\u00e9pond\u00a0: \u201cVraiment\u00a0? Une autre ville vient d\u2019\u00eatre touch\u00e9e&#8230;\u201d\u00a0\u00bb<\/p>\n<p class=\"fig-body-link\">\n            \u00c0 lire aussi<br \/>\n        <a class=\"fig-body-link__link\" href=\"http:\/\/madame.lefigaro.fr\/societe\/actu\/melania-vs-ivanka-trump-la-guerre-froide-qui-fait-rage-a-la-maison-blanche-20250228\" data-fig-type=\"Article\" data-gtm-custom-categorie=\"navigation\" data-gtm-custom-action=\"crossclick\" data-gtm-custom-label=\"Contextuel\" data-gtm-event=\"customEventSPE\" data-fig-domain=\"MADAME\" rel=\"nofollow noopener\" target=\"_blank\">Melania vs Ivanka Trump\u00a0: la guerre froide qui fait rage \u00e0 la Maison-Blanche<br \/>\n    <\/a>\n<\/p>\n<p>\u00abLes r\u00e9seaux sociaux d\u00e9bordent d\u2019amour pour Melania\u00bb<\/p>\n<p class=\"fig-paragraph\">Une confidence qui propulse aussit\u00f4t Melania Trump au rang de coqueluche sur les r\u00e9seaux sociaux ukrainiens. Une internaute rend par exemple hommage \u00e0 l\u2019\u00abAgent Melania Trumpenko\u00bb et diffuse un montage photo repr\u00e9sentant la quinquag\u00e9naire\u00a0<a href=\"http:\/\/madame.lefigaro.fr\/style\/news\/le-look-ultrastrict-de-melania-lors-de-l-investiture-de-donald-trump-20250120\" data-fig-type=\"Article\" data-gtm-custom-categorie=\"navigation\" data-gtm-custom-action=\"crossclick\" data-gtm-custom-label=\"Contextuel\" data-gtm-event=\"customEventSPE\" data-fig-domain=\"MADAME\" rel=\"nofollow noopener\" target=\"_blank\">v\u00eatue de son c\u00e9l\u00e8bre blazer ultrastrict<\/a>, floqu\u00e9 d\u2019un trident ukrainien.<\/p>\n<p class=\"fig-paragraph\">\u00abLes r\u00e9seaux sociaux d\u00e9bordent d\u2019amour pour Melania Trump\u00bb, confirme sur X le magazine Business Ukrain avant de partager un c\u00e9l\u00e8bre meme &#8211; une image humoristique ayant vocation \u00e0 devenir virale &#8211; d\u00e9peignant trois soldats offrir une casquette militaire \u00e0 la premi\u00e8re dame am\u00e9ricaine.<\/p>\n<p class=\"fig-paragraph\">Le journal britannique The Guardian rappelle que Melania Trump, n\u00e9e en\u00a0<a href=\"https:\/\/www.lefigaro.fr\/tag\/slovenie\" target=\"_blank\" rel=\"sponsored noopener nofollow\" data-gtm-custom-categorie=\"navigation\" data-gtm-custom-action=\"crossclick\" data-gtm-custom-label=\"Contextuel\" data-gtm-event=\"customEventSPE\">Slov\u00e9nie<\/a>, s\u2019est d\u00e9j\u00e0 montr\u00e9e sensible au sort des Ukrainiens, en guerre contre la Russie depuis f\u00e9vrier 2022. Peu apr\u00e8s le d\u00e9but du conflit, elle avait appel\u00e9 ses abonn\u00e9s sur les r\u00e9seaux sociaux \u00e0 faire un don \u00e0 la Croix-Rouge, assurant qu\u2019il \u00e9tait \u00abd\u00e9chirant et horrible de voir des innocents souffrir\u00bb.<\/p>\n","protected":false},"excerpt":{"rendered":"L\u2019\u00e9pouse de Donald Trump est salu\u00e9e par les internautes ukrainiens pour avoir contribu\u00e9 au r\u00e9cent revirement du pr\u00e9sident&hellip;\n","protected":false},"author":2,"featured_media":251340,"comment_status":"","ping_status":"","sticky":false,"template":"","format":"standard","meta":{"footnotes":""},"categories":[5],"tags":[11,1011,27,131,14,21831,12,28],"class_list":{"0":"post-251339","1":"post","2":"type-post","3":"status-publish","4":"format-standard","5":"has-post-thumbnail","7":"category-international","8":"tag-actualites","9":"tag-fr","10":"tag-france","11":"tag-guerre-en-ukraine","12":"tag-international","13":"tag-melania-trump","14":"tag-news","15":"tag-world"},"share_on_mastodon":{"url":"https:\/\/pubeurope.com\/@fr\/114863022058982283","error":""},"_links":{"self":[{"href":"https:\/\/www.europesays.com\/fr\/wp-json\/wp\/v2\/posts\/251339","targetHints":{"allow":["GET"]}}],"collection":[{"href":"https:\/\/www.europesays.com\/fr\/wp-json\/wp\/v2\/posts"}],"about":[{"href":"https:\/\/www.europesays.com\/fr\/wp-json\/wp\/v2\/types\/post"}],"author":[{"embeddable":true,"href":"https:\/\/www.europesays.com\/fr\/wp-json\/wp\/v2\/users\/2"}],"replies":[{"embeddable":true,"href":"https:\/\/www.europesays.com\/fr\/wp-json\/wp\/v2\/comments?post=251339"}],"version-history":[{"count":0,"href":"https:\/\/www.europesays.com\/fr\/wp-json\/wp\/v2\/posts\/251339\/revisions"}],"wp:featuredmedia":[{"embeddable":true,"href":"https:\/\/www.europesays.com\/fr\/wp-json\/wp\/v2\/media\/251340"}],"wp:attachment":[{"href":"https:\/\/www.europesays.com\/fr\/wp-json\/wp\/v2\/media?parent=251339"}],"wp:term":[{"taxonomy":"category","embeddable":true,"href":"https:\/\/www.europesays.com\/fr\/wp-json\/wp\/v2\/categories?post=251339"},{"taxonomy":"post_tag","embeddable":true,"href":"https:\/\/www.europesays.com\/fr\/wp-json\/wp\/v2\/tags?post=251339"}],"curies":[{"name":"wp","href":"https:\/\/api.w.org\/{rel}","templated":true}]}}