{"id":25134,"date":"2025-04-14T20:31:08","date_gmt":"2025-04-14T20:31:08","guid":{"rendered":"https:\/\/www.europesays.com\/fr\/25134\/"},"modified":"2025-04-14T20:31:08","modified_gmt":"2025-04-14T20:31:08","slug":"apres-le-choc-de-soumy-la-russie-se-justifie-frappe-a-nouveau-et-menace","status":"publish","type":"post","link":"https:\/\/www.europesays.com\/fr\/25134\/","title":{"rendered":"Apr\u00e8s le choc de Soumy, la Russie se justifie, frappe \u00e0 nouveau et menace"},"content":{"rendered":"<p><strong>R\u00e9cap &#8211; \u00ab\u00a020 Minutes\u00a0\u00bb fait le point pour vous tous les soirs sur l\u2019avanc\u00e9e du conflit en Ukraine. Ce lundi, au 1.146e jour de guerre et au lendemain de la frappe meurtri\u00e8re de Soumy, la Russie a tent\u00e9 de se justifier<\/strong><\/p>\n<p>Vous avez rat\u00e9 les derniers \u00e9v\u00e9nements sur la <a href=\"https:\/\/www.20minutes.fr\/monde\/ukraine\/\" rel=\"nofollow noopener\" target=\"_blank\" data-ylk=\"slk:guerre en Ukraine;elm:context_link;itc:0;sec:content-canvas\" class=\"link \">guerre en Ukraine<\/a>\u00a0? 20 Minutes fait le point pour vous tous les soirs. Entre les d\u00e9clarations fortes, les avanc\u00e9es sur le front et le bilan des combats, voici l\u2019essentiel de ce lundi 14\u00a0avril 2025, au 1.146e jour de la guerre.<\/p>\n<p>Le fait du jour<\/p>\n<p>Face \u00e0 l\u2019\u00e9motion mondiale suscit\u00e9e par la frappe de missiles sur le centre-ville de Soumy dimanche, dont le bilan humain est de 34 morts et plus d\u2019une centaine de bless\u00e9s, le <a href=\"https:\/\/www.20minutes.fr\/dossier\/kremlin\" rel=\"nofollow noopener\" target=\"_blank\" data-ylk=\"slk:Kremlin;elm:context_link;itc:0;sec:content-canvas\" class=\"link \">Kremlin<\/a> \u00e9tait en mode justification ce lundi. Le minist\u00e8re russe de la D\u00e9fense a confirm\u00e9 avoir tir\u00e9 deux missiles balistiques \u00ab\u00a0Isklander\u00a0\u00bb sur la localit\u00e9 du nord-est de l\u2019Ukraine, mais, a-t-il expliqu\u00e9 dans un communiqu\u00e9, non pas pour viser les habitants, mais pour cibler \u00ab\u00a0les lieux d\u2019une r\u00e9union du commandement\u00a0\u00bb de l\u2019arm\u00e9e ukrainienne. La <a href=\"https:\/\/www.20minutes.fr\/monde\/russie\/\" rel=\"nofollow noopener\" target=\"_blank\" data-ylk=\"slk:Russie;elm:context_link;itc:0;sec:content-canvas\" class=\"link \">Russie<\/a> renvoie la faute sur Kiev en l\u2019accusant \u00ab\u00a0d\u2019utiliser la population ukrainienne comme boucliers humains, en pla\u00e7ant des installations militaires ou en organisant des \u00e9v\u00e9nements auxquels participent des militaires au centre d\u2019une ville dens\u00e9ment peupl\u00e9e\u00a0\u00bb.<\/p>\n<p>\u00ab\u00a0Nos militaires frappent exclusivement des cibles militaires et quasi-militaires\u00a0\u00bb, a aussi assur\u00e9 lundi matin Dmitri Peskov, le porte-parole du Kremlin.<\/p>\n<p>La d\u00e9claration du jour<\/p>\n<blockquote class=\"caas-blockquote\">\n<p>Je pense que c\u2019est terrible. Et l\u2019on m\u2019a dit qu\u2019ils ont fait une erreur. Mais je pense que c\u2019est une chose horrible\u00a0\u00bb<\/p>\n<\/blockquote>\n<p>Malgr\u00e9 ses relations assez chaleureuses avec le Kremlin, Donald Trump s\u2019est trouv\u00e9 dans l\u2019obligation d\u2019\u00e9voquer, avec une certaine(&#8230;)<\/p>\n<p><a href=\"https:\/\/www.20minutes.fr\/monde\/ukraine\/4148554-20250414-guerre-ukraine-apres-choc-soumy-russie-justifie-frappe-nouveau-menace&quot;\" rel=\"nofollow noopener\" target=\"_blank\" data-ylk=\"slk:Lire la suite sur 20minutes;elm:context_link;itc:0;sec:content-canvas\" class=\"link \">Lire la suite sur 20minutes<\/a><\/p>\n<p>\u00c0 lire aussi :<br \/><a href=\"https:\/\/www.20minutes.fr\/monde\/ukraine\/4147857-20250414-guerre-ukraine-combat-olga-sauver-mari-andrii-mort-lente-prisons-russes\" rel=\"nofollow noopener\" target=\"_blank\" data-ylk=\"slk:Guerre en Ukraine\u00a0: Le combat d\u2019Olga pour sauver son mari Andrii d\u2019une \u00ab\u00a0mort lente\u00a0\u00bb dans les prisons russes;elm:context_link;itc:0;sec:content-canvas\" class=\"link \">Guerre en Ukraine\u00a0: Le combat d\u2019Olga pour sauver son mari Andrii d\u2019une \u00ab\u00a0mort lente\u00a0\u00bb dans les prisons russes<\/a><br \/><a href=\"https:\/\/www.20minutes.fr\/monde\/ukraine\/4148427-20250413-guerre-ukraine-faut-savoir-frappe-russe-centre-ville-bonde-soumy\" rel=\"nofollow noopener\" target=\"_blank\" data-ylk=\"slk:Guerre en Ukraine\u00a0: Ce qu\u2019il faut savoir sur la frappe russe dans le centre-ville bond\u00e9 de Soumy;elm:context_link;itc:0;sec:content-canvas\" class=\"link \">Guerre en Ukraine\u00a0: Ce qu\u2019il faut savoir sur la frappe russe dans le centre-ville bond\u00e9 de Soumy<\/a><\/p>\n","protected":false},"excerpt":{"rendered":"R\u00e9cap &#8211; \u00ab\u00a020 Minutes\u00a0\u00bb fait le point pour vous tous les soirs sur l\u2019avanc\u00e9e du conflit en Ukraine.&hellip;\n","protected":false},"author":2,"featured_media":25135,"comment_status":"","ping_status":"","sticky":false,"template":"","format":"standard","meta":{"footnotes":""},"categories":[1590],"tags":[642,11,1777,674,9045,9046,12,9044,220],"class_list":{"0":"post-25134","1":"post","2":"type-post","3":"status-publish","4":"format-standard","5":"has-post-thumbnail","7":"category-ukraine","8":"tag-20-minutes","9":"tag-actualites","10":"tag-eu","11":"tag-europe","12":"tag-installations-militaires","13":"tag-le-front","14":"tag-news","15":"tag-soumy","16":"tag-ukraine"},"share_on_mastodon":{"url":"https:\/\/pubeurope.com\/@fr\/114338220255698903","error":""},"_links":{"self":[{"href":"https:\/\/www.europesays.com\/fr\/wp-json\/wp\/v2\/posts\/25134","targetHints":{"allow":["GET"]}}],"collection":[{"href":"https:\/\/www.europesays.com\/fr\/wp-json\/wp\/v2\/posts"}],"about":[{"href":"https:\/\/www.europesays.com\/fr\/wp-json\/wp\/v2\/types\/post"}],"author":[{"embeddable":true,"href":"https:\/\/www.europesays.com\/fr\/wp-json\/wp\/v2\/users\/2"}],"replies":[{"embeddable":true,"href":"https:\/\/www.europesays.com\/fr\/wp-json\/wp\/v2\/comments?post=25134"}],"version-history":[{"count":0,"href":"https:\/\/www.europesays.com\/fr\/wp-json\/wp\/v2\/posts\/25134\/revisions"}],"wp:featuredmedia":[{"embeddable":true,"href":"https:\/\/www.europesays.com\/fr\/wp-json\/wp\/v2\/media\/25135"}],"wp:attachment":[{"href":"https:\/\/www.europesays.com\/fr\/wp-json\/wp\/v2\/media?parent=25134"}],"wp:term":[{"taxonomy":"category","embeddable":true,"href":"https:\/\/www.europesays.com\/fr\/wp-json\/wp\/v2\/categories?post=25134"},{"taxonomy":"post_tag","embeddable":true,"href":"https:\/\/www.europesays.com\/fr\/wp-json\/wp\/v2\/tags?post=25134"}],"curies":[{"name":"wp","href":"https:\/\/api.w.org\/{rel}","templated":true}]}}