{"id":251343,"date":"2025-07-16T12:57:12","date_gmt":"2025-07-16T12:57:12","guid":{"rendered":"https:\/\/www.europesays.com\/fr\/251343\/"},"modified":"2025-07-16T12:57:12","modified_gmt":"2025-07-16T12:57:12","slug":"maitena-biraben-recadre-stephane-bern-dans-lemission-speciale-consacree-a-thierry-ardisson","status":"publish","type":"post","link":"https:\/\/www.europesays.com\/fr\/251343\/","title":{"rendered":"Ma\u00eftena Biraben recadre St\u00e9phane Bern dans l\u2019\u00e9mission sp\u00e9ciale consacr\u00e9e \u00e0 Thierry Ardisson"},"content":{"rendered":"<p>Mardi soir, l\u2019animatrice de 58 ans, proche de l\u2019homme en noir, \u00e9tait invit\u00e9e sur le plateau du pr\u00e9sentateur de \u00abSecrets d\u2019histoire\u00bb sur France 2. Des tensions sont apparues.<\/p>\n<p class=\"fig-paragraph\">\u00abLe 14 juillet\u00a0! Quelle ironie de l\u2019histoire pour celui qui se pr\u00e9sentait comme royaliste.\u00a0<a href=\"https:\/\/www.lefigaro.fr\/tag\/thierry-ardisson\" target=\"_blank\" rel=\"noopener\" data-gtm-custom-categorie=\"navigation\" data-gtm-custom-action=\"crossclick\" data-gtm-custom-label=\"Contextuel\" data-gtm-event=\"customEventSPE\"><strong>Thierry Ardisson<\/strong> <\/a>\u00a0nous a quitt\u00e9s\u00bb, entame\u00a0<a href=\"https:\/\/www.lefigaro.fr\/tag\/stephane-bern\" target=\"_blank\" rel=\"noopener\" data-gtm-custom-categorie=\"navigation\" data-gtm-custom-action=\"crossclick\" data-gtm-custom-label=\"Contextuel\" data-gtm-event=\"customEventSPE\"><strong>St\u00e9phane Bern<\/strong><\/a> . Le Monsieur Patrimoine a pr\u00e9sent\u00e9 la soir\u00e9e hommage \u00e0 l\u2019animateur de\u00a0<a href=\"https:\/\/tvmag.lefigaro.fr\/programme-tv\/article\/television\/18091\/tout-le-monde-en-parle.html\" target=\"_blank\" data-fig-type=\"Article\" rel=\"noopener\" data-gtm-custom-categorie=\"navigation\" data-gtm-custom-action=\"crossclick\" data-gtm-custom-label=\"Contextuel\" data-gtm-event=\"customEventSPE\" data-fig-domain=\"TVMAG\">\u00abTout le monde en parle\u00bb<\/a>, en direct sur France 2, ce mardi 15 juillet. Au programme\u00a0? Une table ronde avec quelques proches de \u00abl\u2019homme en noir\u00bb, le DJ Philippe Corti,\u00a0la productrice\u00a0<a href=\"https:\/\/www.lefigaro.fr\/tag\/marie-france-briere\" target=\"_blank\" rel=\"noopener\" data-gtm-custom-categorie=\"navigation\" data-gtm-custom-action=\"crossclick\" data-gtm-custom-label=\"Contextuel\" data-gtm-event=\"customEventSPE\">Marie-France Bri\u00e8re<\/a>\u00a0ou encore\u00a0l\u2019animatrice\u00a0<a href=\"https:\/\/www.lefigaro.fr\/tag\/maitena-biraben\" target=\"_blank\" rel=\"noopener\" data-gtm-custom-categorie=\"navigation\" data-gtm-custom-action=\"crossclick\" data-gtm-custom-label=\"Contextuel\" data-gtm-event=\"customEventSPE\"><strong>Ma\u00eftena Biraben<\/strong><\/a> . L\u2019occasion de revoir les images les plus marquantes de l\u2019homme en noir, d\u00e9c\u00e9d\u00e9 la veille.<\/p>\n<p class=\"fig-paragraph\">Seulement, au cours de ce direct, St\u00e9phane Bern et Ma\u00eftena Biraben ont rencontr\u00e9 quelques difficult\u00e9s \u00e0 se comprendre. Tout a commenc\u00e9 avec la bourde du pr\u00e9sentateur de\u00a0<a href=\"https:\/\/tvmag.lefigaro.fr\/programme-tv\/programme\/secrets-d-histoire-d1557856670\/saison-19\" target=\"_blank\" rel=\"noopener\" data-gtm-custom-categorie=\"navigation\" data-gtm-custom-action=\"crossclick\" data-gtm-custom-label=\"Contextuel\" data-gtm-event=\"customEventSPE\">\u00abSecrets d\u2019Histoire\u00bb<\/a>, au moment de pr\u00e9senter l\u2019animatrice de 58 ans.<\/p>\n<p>                                    <a class=\"fig-a11y-skip a11y-hidden\" href=\"#fig-a11y-skip-main-inarticle\"><br \/>\n        Passer la publicit\u00e9<br \/>\n    <\/a><\/p>\n<p class=\"fig-paragraph\">\u00abCe qui est dr\u00f4le, c\u2019est la transmission, Ma\u00eftena Biraben, c\u2019est lui qui vous a mise \u00e0 la t\u00e9l\u00e9\u00bb, d\u00e9clare St\u00e9phane Bern avant de se faire couper par la principale int\u00e9ress\u00e9e qui \u00e9clate alors de rire avant d\u2019expliquer\u00a0: \u00ab\u00c0 chaque fois qu\u2019il (Thierry Ardisson, NDLR) disait \u00e7a je lui disais\u00a0:\u201cTu ne peux pas dire \u00e7a\u00a0!\u201d. \u00c7a faisait d\u00e9j\u00e0 10 ans que je faisais de la t\u00e9l\u00e9vision, donc non\u00bb, recadre l\u2019ancienne animatrice du \u00abGrand Journal\u00bb de Canal+. Puis le pr\u00e9sentateur de r\u00e9pondre ironiquement\u00a0: \u00abEn Suisse romande\u00a0?\u00bb<\/p>\n<p class=\"fig-body-link\">\n            \u00c0 lire aussi<br \/>\n        <a class=\"fig-body-link__link\" href=\"http:\/\/tvmag.lefigaro.fr\/programme-tv\/actu-tele\/c-est-genial-de-pouvoir-changer-d-avis-maitena-biraben-reagit-a-l-arrivee-de-lea-salame-au-20-heures-de-france-2-20250622\" target=\"_blank\" data-fig-type=\"Article\" rel=\"noopener\" data-gtm-custom-categorie=\"navigation\" data-gtm-custom-action=\"crossclick\" data-gtm-custom-label=\"Contextuel\" data-gtm-event=\"customEventSPE\" data-fig-domain=\"TVMAG\">\u00abC\u2019est g\u00e9nial de pouvoir changer d\u2019avis\u00bb\u00a0: Ma\u00eftena Biraben r\u00e9agit \u00e0 l\u2019arriv\u00e9e de L\u00e9a Salam\u00e9 au 20 heures de France 2<br \/>\n    <\/a>\n<\/p>\n<p class=\"fig-paragraph\">Une interrogation qui a perturb\u00e9 l\u2019animatrice puisque, les yeux \u00e9carquill\u00e9s, elle s\u2019insurge\u00a0: \u00abCe n\u2019est pas de la t\u00e9l\u00e9 en Suisse romande\u00a0? Je r\u00eave\u00a0!\u00bb Une boulette rattrap\u00e9e par l\u2019animateur avec le sourire\u00a0: \u00abSi, si, non mais pour les t\u00e9l\u00e9spectateurs fran\u00e7ais\u00bb. Pour que Ma\u00eftena Biraben affirme finalement\u00a0: <strong>\u00ab<\/strong>Je suis arriv\u00e9e en France avec Thierry, absolument\u00bb.<\/p>\n<p class=\"fig-paragraph\">La g\u00eane entre les deux aurait pu s\u2019arr\u00eater \u00e0 ce d\u00e9but de soir\u00e9e, si, vers 22 heures, St\u00e9phane Bern n\u2019avait pas commis une nouvelle bourde\u00a0: \u00abJe vous vois regarder L\u00e9a, toutes ces images avec une certaine nostalgie, \u00e9videmment\u00bb. Sauf qu\u2019il s\u2019adressait \u00e0 Ma\u00eftena Biraben et non L\u00e9a Salam\u00e9 (en duplex n\u00e9anmoins). La quinquag\u00e9naire corrige imm\u00e9diatement tout en ironisant\u00a0: \u00abAlors moi, c\u2019est Ma\u00eftena, et je regarde \u00e7a avec joie, mais \u00e7a me va tr\u00e8s bien qu\u2019on m\u2019appelle L\u00e9a, que j\u2019embrasse\u00bb.<\/p>\n<p>Pluie d\u2019hommage<\/p>\n<p class=\"fig-paragraph\"><a href=\"https:\/\/www.lefigaro.fr\/tag\/lea-salame\" target=\"_blank\" rel=\"noopener\" data-gtm-custom-categorie=\"navigation\" data-gtm-custom-action=\"crossclick\" data-gtm-custom-label=\"Contextuel\" data-gtm-event=\"customEventSPE\">L\u00e9a Salam\u00e9<\/a>\u00a0\u00e9tait bel et bien pr\u00e9sente pour cette soir\u00e9e hommage, mais en duplex. La prochaine pr\u00e9sentatrice du \u00ab20 Heures\u00bb sur la Deux a tenu \u00e0 adresser un message \u00e0 l\u2019homme en noir et sa femme\u00a0: \u00abThierry Ardisson, je l\u2019ai re\u00e7u souvent, \u00e0 la t\u00e9l\u00e9, \u00e0 la radio, mais je ne le connaissais pas bien. En revanche, j\u2019ai \u00e9t\u00e9 marqu\u00e9e par le fait qu\u2019elle \u00e9tait toujours l\u00e0 (<a href=\"https:\/\/www.lefigaro.fr\/tag\/audrey-crespo-mara\" target=\"_blank\" rel=\"noopener\" data-gtm-custom-categorie=\"navigation\" data-gtm-custom-action=\"crossclick\" data-gtm-custom-label=\"Contextuel\" data-gtm-event=\"customEventSPE\">Audrey Crespo-Mara<\/a> , NDLR). Je dois dire que j\u2019ai \u00e9t\u00e9 boulevers\u00e9e, comme tous ceux qui les ont vus ensemble. Au bout de 15 ans d\u2019amour, par cet amour fou qu\u2019il avait pour elle, qu\u2019elle avait pour lui aussi. Il fallait voir comment Ardisson regardait sa femme, c\u2019\u00e9tait tr\u00e8s beau \u00e0 voir. J\u2019ai rarement vu un homme qui regardait une femme avec autant d\u2019amour. Il n\u2019\u00e9coutait qu\u2019elle\u00bb.<\/p>\n<p class=\"fig-body-link\">\n            \u00c0 lire aussi<br \/>\n        <a class=\"fig-body-link__link\" href=\"http:\/\/tvmag.lefigaro.fr\/programme-tv\/actu-tele\/mes-derniers-mots-ont-pour-toi-nico-tres-emue-lea-salame-fait-ses-adieux-a-la-matinale-de-france-inter-20250703\" target=\"_blank\" data-fig-type=\"Article\" rel=\"noopener\" data-gtm-custom-categorie=\"navigation\" data-gtm-custom-action=\"crossclick\" data-gtm-custom-label=\"Contextuel\" data-gtm-event=\"customEventSPE\" data-fig-domain=\"TVMAG\">\u00abMes derniers mots sont pour toi\u00bb\u00a0: tr\u00e8s \u00e9mue, L\u00e9a Salam\u00e9 fait ses adieux \u00e0 la matinale de France Inter<br \/>\n    <\/a>\n<\/p>\n<p class=\"fig-paragraph\">Une soir\u00e9e \u00e9galement marqu\u00e9e par l\u2019\u00e9mouvant hommage vid\u00e9o du fid\u00e8le acolyte du pr\u00e9sentateur de\u00a0<a href=\"https:\/\/tvmag.lefigaro.fr\/programme-tv\/programme\/salut-les-terriens-d100225308\" target=\"_blank\" rel=\"noopener\" data-gtm-custom-categorie=\"navigation\" data-gtm-custom-action=\"crossclick\" data-gtm-custom-label=\"Contextuel\" data-gtm-event=\"customEventSPE\">\u00abSalut les Terriens\u00a0!\u00bb<\/a>,\u00a0<a href=\"https:\/\/www.lefigaro.fr\/tag\/laurent-baffie\" target=\"_blank\" rel=\"noopener\" data-gtm-custom-categorie=\"navigation\" data-gtm-custom-action=\"crossclick\" data-gtm-custom-label=\"Contextuel\" data-gtm-event=\"customEventSPE\">Laurent Baffie<\/a>\u00a0: \u00abC\u2019est vrai ce qu\u2019il dit Brassens, dans 100 ans tu nous manqueras encore. En tout cas l\u00e0 tu nous manques \u00e9norm\u00e9ment, \u00e0 Audrey, aux enfants, \u00e0 tous tes amis, et tous les gens qui ont aim\u00e9 tes \u00e9missions et ta libert\u00e9. L\u00e0 je sais que ce soir, France 2 te rend hommage. Je suis s\u00fbr que \u00e7a doit te faire tr\u00e8s, tr\u00e8s plaisir, et te connaissant \u00e7a doit te faire marrer aussi. Voil\u00e0, petit message, puisque tu es l\u00e0-haut, dis aux gens que je remercie le ciel d\u2019avoir crois\u00e9 ta route. Voil\u00e0, merci Thierry\u00bb.<\/p>\n<p>                                    <a class=\"fig-a11y-skip a11y-hidden\" href=\"#fig-a11y-skip-main-inarticle_mtf\"><br \/>\n        Passer la publicit\u00e9<br \/>\n    <\/a><\/p>\n<p class=\"fig-paragraph\">Les deux heures d\u2019hommage se sont finalement termin\u00e9es par les larmes d\u2019un autre ami fid\u00e8le de Thierry Ardisson, le DJ Philippe Corti.<\/p>\n","protected":false},"excerpt":{"rendered":"Mardi soir, l\u2019animatrice de 58 ans, proche de l\u2019homme en noir, \u00e9tait invit\u00e9e sur le plateau du pr\u00e9sentateur&hellip;\n","protected":false},"author":2,"featured_media":251344,"comment_status":"","ping_status":"","sticky":false,"template":"","format":"standard","meta":{"footnotes":""},"categories":[2],"tags":[11,1011,27,4879,3806,12,18875,10058],"class_list":{"0":"post-251343","1":"post","2":"type-post","3":"status-publish","4":"format-standard","5":"has-post-thumbnail","7":"category-actualites","8":"tag-actualites","9":"tag-fr","10":"tag-france","11":"tag-hommage","12":"tag-lea-salame","13":"tag-news","14":"tag-stephane-bern","15":"tag-thierry-ardisson"},"share_on_mastodon":{"url":"https:\/\/pubeurope.com\/@fr\/114863029816120224","error":""},"_links":{"self":[{"href":"https:\/\/www.europesays.com\/fr\/wp-json\/wp\/v2\/posts\/251343","targetHints":{"allow":["GET"]}}],"collection":[{"href":"https:\/\/www.europesays.com\/fr\/wp-json\/wp\/v2\/posts"}],"about":[{"href":"https:\/\/www.europesays.com\/fr\/wp-json\/wp\/v2\/types\/post"}],"author":[{"embeddable":true,"href":"https:\/\/www.europesays.com\/fr\/wp-json\/wp\/v2\/users\/2"}],"replies":[{"embeddable":true,"href":"https:\/\/www.europesays.com\/fr\/wp-json\/wp\/v2\/comments?post=251343"}],"version-history":[{"count":0,"href":"https:\/\/www.europesays.com\/fr\/wp-json\/wp\/v2\/posts\/251343\/revisions"}],"wp:featuredmedia":[{"embeddable":true,"href":"https:\/\/www.europesays.com\/fr\/wp-json\/wp\/v2\/media\/251344"}],"wp:attachment":[{"href":"https:\/\/www.europesays.com\/fr\/wp-json\/wp\/v2\/media?parent=251343"}],"wp:term":[{"taxonomy":"category","embeddable":true,"href":"https:\/\/www.europesays.com\/fr\/wp-json\/wp\/v2\/categories?post=251343"},{"taxonomy":"post_tag","embeddable":true,"href":"https:\/\/www.europesays.com\/fr\/wp-json\/wp\/v2\/tags?post=251343"}],"curies":[{"name":"wp","href":"https:\/\/api.w.org\/{rel}","templated":true}]}}