{"id":251347,"date":"2025-07-16T12:59:09","date_gmt":"2025-07-16T12:59:09","guid":{"rendered":"https:\/\/www.europesays.com\/fr\/251347\/"},"modified":"2025-07-16T12:59:09","modified_gmt":"2025-07-16T12:59:09","slug":"les-gendarmes-interceptent-un-dangereux-camion-sur-lautoroute","status":"publish","type":"post","link":"https:\/\/www.europesays.com\/fr\/251347\/","title":{"rendered":"les gendarmes interceptent un dangereux camion sur l&rsquo;autoroute"},"content":{"rendered":"<p>            Par<br \/>\n        <strong><br \/>\n            <a href=\"https:\/\/actu.fr\/auteur\/mathias-souteyrat\" title=\"Consulter tous les articles de Mathias Souteyrat\" target=\"_blank\" rel=\"noopener\">Mathias Souteyrat<\/a><br \/>\n        <\/strong><\/p>\n<p>        Publi\u00e9 le<\/p>\n<p>            16 juil. 2025 \u00e0 14h22        <\/p>\n<p>Dans la soir\u00e9e du mardi 8\u00a0juillet 2025, une patrouille des gendarmes de la Brigade motoris\u00e9e (BMO) de <a href=\"https:\/\/actu.fr\/saint-etienne\/\" target=\"_blank\" rel=\"noopener\">Saint-\u00c9tienne<\/a>\u00a0intercepte un poids lourd en circulation sur l\u2019<a href=\"https:\/\/actu.fr\/tag\/autoroute-72-a72\" target=\"_blank\" rel=\"noopener\">autoroute A72<\/a>. \u00ab\u2009Un drame \u00e9vit\u00e9\u2009\u00bb de peu, racontent les militaires lig\u00e9riens sur leurs r\u00e9seaux sociaux. Ce qu\u2019il s\u2019est pass\u00e9.<\/p>\n<p>Pneus crev\u00e9s, fum\u00e9e noire, jante produisant des \u00e9tincelles<\/p>\n<p class=\" wall-content\">Le motif du contr\u00f4le\u2009? \u00ab\u2009Le camion roule avec un pneu \u00e9clat\u00e9 et un autre crev\u00e9, laissant \u00e9chapper de la fum\u00e9e noire. L\u2019ensemble routier est intercept\u00e9 en urgence alors qu\u2019il circule avec une jante nue produisant des \u00e9tincelles, mettant en danger les usagers.\u2009\u00bb<\/p>\n<p class=\" wall-content\">Les gendarmes immobilisent le v\u00e9hicule sur la bande d\u2019arr\u00eat d\u2019urgence, \u00e9vitant un accident grave.<\/p>\n<p>Le chauffeur alcoolis\u00e9<\/p>\n<p class=\" wall-content\">Le chauffeur est seul \u00e0 bord. Le contr\u00f4le d\u2019alcool\u00e9mie s\u2019av\u00e8re positif, avec un taux sup\u00e9rieur \u00e0 0,70\u00a0mg\/l d\u2019air expir\u00e9.<\/p>\n<p class=\" wall-content\">Il sera poursuivi pour\u2009:<\/p>\n<ul class=\" wall-content\">\n<li>Conduite en \u00e9tat d\u2019ivresse (CEEA)<\/li>\n<li>D\u00e9faut de ma\u00eetrise<\/li>\n<li>Mise en danger de la vie d\u2019autrui<\/li>\n<\/ul>\n<p class=\" wall-content\">Les CRS autoroutiers ont ensuite pris en charge le mis en cause.<\/p>\n<p class=\" wall-content\">Suivez toute l\u2019actualit\u00e9 de vos villes et m\u00e9dias favoris en vous inscrivant \u00e0 <a href=\"https:\/\/moncompte.actu.fr\" title=\"D\u00e9couvez Mon Actu\" rel=\"nofollow noopener\" data-trk=\"{&quot;cta&quot;:{&quot;action&quot;:&quot;https:\\\/\\\/moncompte.actu.fr&quot;,&quot;category&quot;:&quot;mon compte&quot;,&quot;from&quot;:&quot;article footer&quot;,&quot;name&quot;:&quot;Mon actu&quot;,&quot;type&quot;:&quot;cta&quot;}}\" target=\"_blank\">Mon Actu<\/a>.<\/p>\n","protected":false},"excerpt":{"rendered":"Par Mathias Souteyrat Publi\u00e9 le 16 juil. 2025 \u00e0 14h22 Dans la soir\u00e9e du mardi 8\u00a0juillet 2025, une&hellip;\n","protected":false},"author":2,"featured_media":251348,"comment_status":"","ping_status":"","sticky":false,"template":"","format":"standard","meta":{"footnotes":""},"categories":[9653],"tags":[1111,11,18457,2430,1777,674,118,1011,27,3381,12,25,4001,5009],"class_list":{"0":"post-251347","1":"post","2":"type-post","3":"status-publish","4":"format-standard","5":"has-post-thumbnail","7":"category-saint-etienne","8":"tag-actu","9":"tag-actualites","10":"tag-autoroute-72-a72","11":"tag-auvergne-rhone-alpes","12":"tag-eu","13":"tag-europe","14":"tag-faits-divers","15":"tag-fr","16":"tag-france","17":"tag-gendarmerie","18":"tag-news","19":"tag-republique-francaise","20":"tag-saint-etienne","21":"tag-securite-routiere"},"share_on_mastodon":{"url":"https:\/\/pubeurope.com\/@fr\/114863038166077772","error":""},"_links":{"self":[{"href":"https:\/\/www.europesays.com\/fr\/wp-json\/wp\/v2\/posts\/251347","targetHints":{"allow":["GET"]}}],"collection":[{"href":"https:\/\/www.europesays.com\/fr\/wp-json\/wp\/v2\/posts"}],"about":[{"href":"https:\/\/www.europesays.com\/fr\/wp-json\/wp\/v2\/types\/post"}],"author":[{"embeddable":true,"href":"https:\/\/www.europesays.com\/fr\/wp-json\/wp\/v2\/users\/2"}],"replies":[{"embeddable":true,"href":"https:\/\/www.europesays.com\/fr\/wp-json\/wp\/v2\/comments?post=251347"}],"version-history":[{"count":0,"href":"https:\/\/www.europesays.com\/fr\/wp-json\/wp\/v2\/posts\/251347\/revisions"}],"wp:featuredmedia":[{"embeddable":true,"href":"https:\/\/www.europesays.com\/fr\/wp-json\/wp\/v2\/media\/251348"}],"wp:attachment":[{"href":"https:\/\/www.europesays.com\/fr\/wp-json\/wp\/v2\/media?parent=251347"}],"wp:term":[{"taxonomy":"category","embeddable":true,"href":"https:\/\/www.europesays.com\/fr\/wp-json\/wp\/v2\/categories?post=251347"},{"taxonomy":"post_tag","embeddable":true,"href":"https:\/\/www.europesays.com\/fr\/wp-json\/wp\/v2\/tags?post=251347"}],"curies":[{"name":"wp","href":"https:\/\/api.w.org\/{rel}","templated":true}]}}