{"id":251353,"date":"2025-07-16T13:03:14","date_gmt":"2025-07-16T13:03:14","guid":{"rendered":"https:\/\/www.europesays.com\/fr\/251353\/"},"modified":"2025-07-16T13:03:14","modified_gmt":"2025-07-16T13:03:14","slug":"la-vie-des-ex-alaixys-romao-signe-a-six-fours","status":"publish","type":"post","link":"https:\/\/www.europesays.com\/fr\/251353\/","title":{"rendered":"La vie des ex : Alaixys Romao signe \u00e0 Six-Fours"},"content":{"rendered":"<p>Apr\u00e8s quatre ann\u00e9es pass\u00e9es en Gr\u00e8ce, Alaixys Romao fait son retour en France&#8230; non loin de Marseille. <a href=\"https:\/\/www.laprovence.com\/article\/om\/2314652\/je-ne-me-fixe-pas-de-limites.html\" target=\"_blank\" rel=\"noopener\">Pass\u00e9 par l&rsquo;OM entre 2013 et 2016<\/a> (127 matches), le milieu de terrain de 41 ans s&rsquo;est, en effet, engag\u00e9 avec Six-Fours Le Brusc a annonc\u00e9 la formation varoise ce mercredi sur ses r\u00e9seaux sociaux.\u00a0<\/p>\n<p>Dans le monde professionnel depuis plus de 20 ans, l&rsquo;international togolais (87 s\u00e9lections) va apporter toute son exp\u00e9rience \u00e0 un groupe qui est encore dans le flou concernant son avenir. Premier de la poule en R\u00e9gional 1,\u00a0<a href=\"https:\/\/www.laprovence.com\/article\/sports\/1066683374462114\/football-carnoux-propulse-en-national-3-par-la-dncg\" target=\"_blank\" rel=\"noopener\">le SFBFC a vu son budget \u00eatre retoqu\u00e9 par la DNCG<\/a> le 12 juin puis d\u00e9but juillet malgr\u00e9 l&rsquo;appel, ce qui a propuls\u00e9 son dauphin, Carnoux, en National 3. Les Varois, qui ont repris l&rsquo;entra\u00eenement vendredi dernier, ont alors d\u00e9cid\u00e9 de saisir le Comit\u00e9 National Olympique et Sportif Fran\u00e7ais et attendent d\u00e9sormais leur passage devant l&rsquo;instance.<\/p>\n","protected":false},"excerpt":{"rendered":"Apr\u00e8s quatre ann\u00e9es pass\u00e9es en Gr\u00e8ce, Alaixys Romao fait son retour en France&#8230; non loin de Marseille. Pass\u00e9&hellip;\n","protected":false},"author":2,"featured_media":251354,"comment_status":"","ping_status":"","sticky":false,"template":"","format":"standard","meta":{"footnotes":""},"categories":[9619],"tags":[17,1111,11,39149,154,1777,674,1011,27,12,149,882,25,39150,3789,15636,2310,4717],"class_list":{"0":"post-251353","1":"post","2":"type-post","3":"status-publish","4":"format-standard","5":"has-post-thumbnail","7":"category-toulon","8":"tag-17","9":"tag-actu","10":"tag-actualites","11":"tag-alaixys","12":"tag-des","13":"tag-eu","14":"tag-europe","15":"tag-fr","16":"tag-france","17":"tag-news","18":"tag-om","19":"tag-provence-alpes-cote-dazur","20":"tag-republique-francaise","21":"tag-romao","22":"tag-signe","23":"tag-six-fours","24":"tag-toulon","25":"tag-vie"},"share_on_mastodon":{"url":"https:\/\/pubeurope.com\/@fr\/114863053480378464","error":""},"_links":{"self":[{"href":"https:\/\/www.europesays.com\/fr\/wp-json\/wp\/v2\/posts\/251353","targetHints":{"allow":["GET"]}}],"collection":[{"href":"https:\/\/www.europesays.com\/fr\/wp-json\/wp\/v2\/posts"}],"about":[{"href":"https:\/\/www.europesays.com\/fr\/wp-json\/wp\/v2\/types\/post"}],"author":[{"embeddable":true,"href":"https:\/\/www.europesays.com\/fr\/wp-json\/wp\/v2\/users\/2"}],"replies":[{"embeddable":true,"href":"https:\/\/www.europesays.com\/fr\/wp-json\/wp\/v2\/comments?post=251353"}],"version-history":[{"count":0,"href":"https:\/\/www.europesays.com\/fr\/wp-json\/wp\/v2\/posts\/251353\/revisions"}],"wp:featuredmedia":[{"embeddable":true,"href":"https:\/\/www.europesays.com\/fr\/wp-json\/wp\/v2\/media\/251354"}],"wp:attachment":[{"href":"https:\/\/www.europesays.com\/fr\/wp-json\/wp\/v2\/media?parent=251353"}],"wp:term":[{"taxonomy":"category","embeddable":true,"href":"https:\/\/www.europesays.com\/fr\/wp-json\/wp\/v2\/categories?post=251353"},{"taxonomy":"post_tag","embeddable":true,"href":"https:\/\/www.europesays.com\/fr\/wp-json\/wp\/v2\/tags?post=251353"}],"curies":[{"name":"wp","href":"https:\/\/api.w.org\/{rel}","templated":true}]}}