{"id":251358,"date":"2025-07-16T13:06:29","date_gmt":"2025-07-16T13:06:29","guid":{"rendered":"https:\/\/www.europesays.com\/fr\/251358\/"},"modified":"2025-07-16T13:06:29","modified_gmt":"2025-07-16T13:06:29","slug":"le-parc-zoologique-de-montpellier-est-contraint-de-fermer-a-cause-des-risques-dincendies","status":"publish","type":"post","link":"https:\/\/www.europesays.com\/fr\/251358\/","title":{"rendered":"le parc zoologique de Montpellier est contraint de fermer \u00e0 cause des risques d&rsquo;incendies"},"content":{"rendered":"<p>            Par<br \/>\n        <strong><br \/>\n            <a href=\"https:\/\/actu.fr\/auteur\/j-phan\" title=\"Consulter tous les articles de Jordan Phan\" rel=\"nofollow noopener\" target=\"_blank\">Jordan Phan<\/a><br \/>\n        <\/strong><\/p>\n<p>        Publi\u00e9 le<\/p>\n<p>            16 juil. 2025 \u00e0 14h30<br \/>\n        ; mis \u00e0 jour le 16 juil. 2025 \u00e0 14h45    <\/p>\n<p>Ce <strong>mercredi 16 juillet<\/strong>, la <strong>ville de l\u2019H\u00e9rault<\/strong> a mis en place un protocole s\u00e9curitaire pour pr\u00e9venir des d\u00e9parts de feux. Le <strong>parc zoologique du Lunaret<\/strong> est donc ferm\u00e9, la <strong>r\u00e9serve du Lez<\/strong> et le <strong>bois de Montmaur<\/strong> sont interdits d\u2019acc\u00e8s au public et les <strong>travaux dans les zones expos\u00e9es aux incendies<\/strong> en for\u00eat, bois et garrigue, et jusqu\u2019\u00e0 200m autour, sont aussi proscrits.<\/p>\n<p>    <a href=\"https:\/\/www.google.com\/maps\/embed?pb=!1m18!1m12!1m3!1d219.11799186589863!2d3.873728144602393!3d43.63947856169171!2m3!1f0!2f0!3f0!3m2!1i1024!2i768!4f13.1!3m3!1m2!1s0x12b6af2f82d34b21%3A0x40fd8b55e8f6118d!2sZoo%20de%20Montpellier!5e0!3m2!1sfr!2sfr!4v1752666705651!5m2!1sfr!2sfr\" title=\"Ouvrie le lien\" rel=\"nofollow noopener\" target=\"_blank\">Cliquez ici pour visualiser le contenu<\/a><\/p>\n<blockquote class=\"ac-article-quote wall-content\">\n<p>\u00ab\u00a0Une vigilance de tous est importante, comme par exemple les m\u00e9gots aux bords de routes, ou encore les activit\u00e9s \u00e0 risques aux abords des zones de for\u00eats (barbecue, outils pouvant provoquer des \u00e9tincelles : bricolage avec une meuleuse, travaux agricoles,\u2026).\u00a0\u00bb\n <\/p>\n<p>    <strong>Pr\u00e9fet de l&rsquo;H\u00e9rault<\/strong>\n            <\/p><\/blockquote>\n<p>Fermeture et interdictions<\/p>\n<p class=\" wall-content\">Les <strong>d\u00e9parts de feux<\/strong> sont identifi\u00e9s principalement dans le <strong>Nord de la commune<\/strong>. Ainsi, le parc zoologique est ferm\u00e9 au public, et sont interdits d\u2019acc\u00e8s la r\u00e9serve du Lez et le bois de Montmaur. La Ville pr\u00e9vient que <strong>certains massifs<\/strong> peuvent \u00e9galement \u00eatre inabordables et rappelle \u00e0 l\u2019ordre les habitants qu&rsquo;\u00a0\u00bbune <strong>vigilance<\/strong> de tous est importante, comme par exemple les <strong>m\u00e9gots aux bords de routes<\/strong>, ou encore les activit\u00e9s \u00e0 risques aux abords des zones de for\u00eats (<strong>barbecue<\/strong>, outils pouvant provoquer des \u00e9tincelles : <strong>bricolage avec une<\/strong> <strong>meuleuse<\/strong>, <strong>travaux agricoles<\/strong>,\u2026).\u00a0\u00bb<\/p>\n<p>    <a href=\"https:\/\/www.facebook.com\/plugins\/post.php?href=https%3A%2F%2Fwww.facebook.com%2FPrefet34%2Fposts%2Fpfbid0XVGmMCLXACoXwKmkUGS32quzJBA5PpWeMsZh9Z1snZ4QgPQj5kQi8bJWqUj1ii4Ql&amp;show_text=true&amp;width=350\" title=\"Ouvrie le lien\" rel=\"nofollow noopener\" target=\"_blank\">Cliquez ici pour visualiser le contenu<\/a><\/p>\n<p class=\" wall-content\">Les espaces bois\u00e9s sont des zones propices aux feux de for\u00eat, notamment dans les <strong>Garrigues et Pin\u00e8des de l\u2019Est h\u00e9raultais<\/strong>, <strong>La Gardiole<\/strong> et la <strong>Plaine viticole de l\u2019Est h\u00e9raultais<\/strong>.<\/p>\n<p>Vid\u00e9os : en ce moment sur Actu<br \/>\n    <img   decoding=\"async\" loading=\"lazy\" src=\"https:\/\/www.europesays.com\/fr\/wp-content\/uploads\/2025\/07\/capture-decran-2025-07-16-a-142406-960x640.png\" alt=\"Adoptez les bons r\u00e9flexes et consultez r\u00e9guli\u00e8rement la m\u00e9t\u00e9o des for\u00eats mise \u00e0 jour tous les soirs \u00e0 17h\" width=\"960\" height=\"640\"\/><br \/>\n    Adoptez les bons r\u00e9flexes et consultez r\u00e9guli\u00e8rement la m\u00e9t\u00e9o des for\u00eats mise \u00e0 jour tous les soirs \u00e0 17h (\u00a9Ville de Montpellier)Les bonnes pratiques \u00e0 adopter<\/p>\n<p class=\" wall-content\">La <strong>Ville de Montpellier<\/strong> pr\u00e9cise l\u2019ouverture de la p\u00e9riode des feux de for\u00eat jusqu\u2019au <strong>15 septembre<\/strong> et informe des mesures de pr\u00e9vention et de protection des incendies, dont <strong>90% sont d\u2019origine humaine<\/strong> : <strong>informez-vous et respectez les consignes<\/strong>, <strong>ne t\u00e9l\u00e9phonez qu\u2019en cas d\u2019urgence<\/strong>, <strong>prenez des nouvelles de vos proches<\/strong>, <strong>appelez les pompiers <\/strong>(18 ou 112) et <strong>d\u00e9gagez les voies de circulation en cas de passage du 18<\/strong>. Si le feu menace votre habitation,<strong> coupez l\u2019\u00e9lectricit\u00e9 et fermez le gaz<\/strong>, <strong>arrosez abondamment les abords et les fa\u00e7ades de votre maison<\/strong>, <strong>calfeutrez les issues<\/strong> et <strong>pr\u00e9parez-vous \u00e0 \u00e9vacuer les lieux<\/strong>. Enfin, le Pr\u00e9fet de l\u2019H\u00e9rault tient \u00e0 souligner que ces mesures doivent \u00eatre \u00e9tudi\u00e9es et prises \u00ab\u00a0en particulier pour les personnes r\u00e9sidant dans une <strong>zone \u00e0 risque ou \u00e0 proximit\u00e9<\/strong>, pratiquant la <strong>randonn\u00e9e<\/strong> ou envisageant des<strong> travaux \u00e0 titre professionnel ou priv\u00e9<\/strong>.\u00a0\u00bb<\/p>\n<p class=\" wall-content\">Suivez toute l\u2019actualit\u00e9 de vos villes et m\u00e9dias favoris en vous inscrivant \u00e0 <a href=\"https:\/\/moncompte.actu.fr\" title=\"D\u00e9couvez Mon Actu\" rel=\"nofollow noopener\" data-trk=\"{&quot;cta&quot;:{&quot;action&quot;:&quot;https:\\\/\\\/moncompte.actu.fr&quot;,&quot;category&quot;:&quot;mon compte&quot;,&quot;from&quot;:&quot;article footer&quot;,&quot;name&quot;:&quot;Mon actu&quot;,&quot;type&quot;:&quot;cta&quot;}}\" target=\"_blank\">Mon Actu<\/a>.<\/p>\n","protected":false},"excerpt":{"rendered":"Par Jordan Phan Publi\u00e9 le 16 juil. 2025 \u00e0 14h30 ; mis \u00e0 jour le 16 juil. 2025&hellip;\n","protected":false},"author":2,"featured_media":251359,"comment_status":"","ping_status":"","sticky":false,"template":"","format":"standard","meta":{"footnotes":""},"categories":[9599],"tags":[1111,11,1777,674,1011,27,1310,2208,12,2680,25,104],"class_list":{"0":"post-251358","1":"post","2":"type-post","3":"status-publish","4":"format-standard","5":"has-post-thumbnail","7":"category-montpellier","8":"tag-actu","9":"tag-actualites","10":"tag-eu","11":"tag-europe","12":"tag-fr","13":"tag-france","14":"tag-incendie","15":"tag-montpellier","16":"tag-news","17":"tag-occitanie","18":"tag-republique-francaise","19":"tag-societe"},"share_on_mastodon":{"url":"https:\/\/pubeurope.com\/@fr\/114863065451774398","error":""},"_links":{"self":[{"href":"https:\/\/www.europesays.com\/fr\/wp-json\/wp\/v2\/posts\/251358","targetHints":{"allow":["GET"]}}],"collection":[{"href":"https:\/\/www.europesays.com\/fr\/wp-json\/wp\/v2\/posts"}],"about":[{"href":"https:\/\/www.europesays.com\/fr\/wp-json\/wp\/v2\/types\/post"}],"author":[{"embeddable":true,"href":"https:\/\/www.europesays.com\/fr\/wp-json\/wp\/v2\/users\/2"}],"replies":[{"embeddable":true,"href":"https:\/\/www.europesays.com\/fr\/wp-json\/wp\/v2\/comments?post=251358"}],"version-history":[{"count":0,"href":"https:\/\/www.europesays.com\/fr\/wp-json\/wp\/v2\/posts\/251358\/revisions"}],"wp:featuredmedia":[{"embeddable":true,"href":"https:\/\/www.europesays.com\/fr\/wp-json\/wp\/v2\/media\/251359"}],"wp:attachment":[{"href":"https:\/\/www.europesays.com\/fr\/wp-json\/wp\/v2\/media?parent=251358"}],"wp:term":[{"taxonomy":"category","embeddable":true,"href":"https:\/\/www.europesays.com\/fr\/wp-json\/wp\/v2\/categories?post=251358"},{"taxonomy":"post_tag","embeddable":true,"href":"https:\/\/www.europesays.com\/fr\/wp-json\/wp\/v2\/tags?post=251358"}],"curies":[{"name":"wp","href":"https:\/\/api.w.org\/{rel}","templated":true}]}}