{"id":251360,"date":"2025-07-16T13:07:29","date_gmt":"2025-07-16T13:07:29","guid":{"rendered":"https:\/\/www.europesays.com\/fr\/251360\/"},"modified":"2025-07-16T13:07:29","modified_gmt":"2025-07-16T13:07:29","slug":"quelles-especes-trouve-t-on-en-seine-maritime","status":"publish","type":"post","link":"https:\/\/www.europesays.com\/fr\/251360\/","title":{"rendered":"quelles esp\u00e8ces trouve-t-on en Seine-Maritime\u00a0?"},"content":{"rendered":"<p>            Par<br \/>\n        <strong><br \/>\n            <a href=\"https:\/\/actu.fr\/auteur\/adrien-filoche\" title=\"Consulter tous les articles de Adrien Filoche\" target=\"_blank\" rel=\"noopener\">Adrien Filoche<\/a><br \/>\n        <\/strong><\/p>\n<p>        Publi\u00e9 le<\/p>\n<p>            16 juil. 2025 \u00e0 8h12        <\/p>\n<p>Kss\u2026 kss\u2026 Ce mercredi 16\u00a0juillet 2025 marque<strong> la Journ\u00e9e mondiale des serpents.<\/strong> Pour l\u2019occasion, la r\u00e9daction de 76actu a voulu recenser l\u2019ensemble des esp\u00e8ces que l\u2019on peut retrouver pr\u00e8s de chez nous, en <a href=\"https:\/\/actu.fr\/normandie\/seine-maritime_76\" target=\"_blank\" rel=\"noopener\">Seine-Maritime<\/a>. On vous rassure, ce sont des serpents plut\u00f4t communs et peu dangereux, m\u00eame s\u2019il faut rester vigilant et surtout <strong>\u00e9viter de trop les d\u00e9ranger.<\/strong><\/p>\n<p>Trois esp\u00e8ces de couleuvres<\/p>\n<p class=\" wall-content\">Le serpent le plus fr\u00e9quent dans le d\u00e9partement est sans doute <strong>la couleuvre \u00e0 collier.<\/strong> \u00ab\u2009On la reconna\u00eet facilement \u00e0 son collier blanc autour du cou\u2009\u00bb, pr\u00e9sente Arnaud Genouville, animateur nature pour <a href=\"https:\/\/actu.fr\/normandie\/allouville-bellefosse_76001\/seine-maritime-venez-vous-occuper-jour-et-nuit-des-animaux-en-devenant-benevole-au-chene_61386783.html\" target=\"_blank\" rel=\"noopener\">l\u2019association Ch\u00eane.<\/a> G\u00e9n\u00e9ralement, ce reptile vit pr\u00e8s des zones humides.<\/p>\n<p class=\" wall-content\">En Seine-Maritime, on peut aussi tomber sur la <strong>couleuvre verte et jaune, que l\u2019on retrouve<\/strong> plut\u00f4t dans les zones ensoleill\u00e9es. Elle est reconnaissable \u00e0 sa couleur noire marbr\u00e9e de jaune ou verte. En m\u00eame temps, c\u2019est dans le nom\u2009! Elle peut mordre si on vient la stresser. Mais l\u2019esp\u00e8ce n\u2019est pas venimeuse et la morsure est superficielle.<\/p>\n<blockquote class=\"ac-article-quote wall-content\">\n<p>Les reptiles sont sensibles aux vibrations des pas. La plupart du temps, ils vont se cacher. Ce sont des animaux peureux.<\/p>\n<p>    <strong>Arnaud Genouville<\/strong><br \/>\n        animateur nature pour l&rsquo;association Ch\u00eane    <\/p><\/blockquote>\n<p class=\" wall-content\">M\u00eame si l\u2019esp\u00e8ce est plus rare, on peut aussi trouver en Seine-Maritime la <strong>couleuvre d\u2019Esculape, <\/strong>qui peut mesurer jusqu\u2019\u00e0 deux m\u00e8tres. Elle se nourrit de petits mammif\u00e8res, de l\u00e9zards, d\u2019oiseaux et de leurs \u0153ufs, ou encore d\u2019insectes. Comme les autres couleuvres, cette esp\u00e8ce n\u2019est pas venimeuse et totalement inoffensive pour l\u2019homme.<\/p>\n<p>Vid\u00e9os : en ce moment sur Actu<strong>La vip\u00e8re, c\u2019est tr\u00e8s rare<\/strong><\/p>\n<p class=\" wall-content\">En Seine-Maritime, on ne peut tomber dans la nature que sur un serpent venimeux\u2009: <strong>la vip\u00e8re aspic.\u00a0<\/strong>Si cette esp\u00e8ce est pr\u00e9sente et recens\u00e9e, elle reste <strong>tr\u00e8s rare et localis\u00e9e<\/strong>. On peut la retrouver dans les landes, en bords de for\u00eats et autres zones bois\u00e9es. La vip\u00e8re aspic est venimeuse, mais les morsures restent exceptionnelles.<\/p>\n<p class=\" wall-content\"><strong>En cas de morsure<\/strong>, Arnaud Genouville recommande de prendre en photo le serpent et de contacter le centre antipoison (112) ou le Samu (15). \u00ab\u2009Si ce n\u2019est pas possible, vous pouvez porter la personne bless\u00e9e \u00e0 l\u2019h\u00f4pital pour v\u00e9rifier qu\u2019il n\u2019y a pas de complications\u2009\u00bb, d\u00e9taille-t-il. Et de pr\u00e9ciser\u2009: \u00ab\u2009Il n\u2019y a pas besoin de faire de garrot ou d\u2019aspirer le venin avec la bouche\u2009\u00bb.<\/p>\n<p class=\" wall-content\">Parmi les autres r\u00e9flexes \u00e0 avoir, il faut rester calme, limiter les mouvements pour r\u00e9duire la circulation du venin, et ne pas appliquer d\u2019alcool, ni de glace.<\/p>\n<p class=\" wall-content\">Pour <strong>faire la diff\u00e9rence entre une vip\u00e8re et une couleuvre<\/strong>, Arnaud Genouville explique\u2009: \u00ab\u2009La vip\u00e8re est de taille courte, g\u00e9n\u00e9ralement autour de 75\u00a0cm. Son \u0153il est en forme de fente verticale. La couleuvre a l\u2019\u0153il tr\u00e8s rond, et elle est g\u00e9n\u00e9ralement plus longue, jusqu\u2019\u00e0 1\u00a0m\u00e8tre 50, voire deux m\u00e8tres.\u2009\u00bb<\/p>\n<p>Un l\u00e9zard sans patte qui ressemble \u00e0 un serpent<\/p>\n<p class=\" wall-content\">\u00ab\u2009Parmi les autres reptiles, la Seine-Maritime compte \u00e9galement des <strong>orvets<\/strong>. On les confond souvent, mais <strong>ce ne sont pas des serpents.<\/strong> Ce sont des l\u00e9zards sans patte\u2009\u00bb, pr\u00e9cise Arnaud Genouville. Cette esp\u00e8ce, tr\u00e8s fr\u00e9quente, est totalement inoffensive.<\/p>\n<p class=\" wall-content\">Une autre esp\u00e8ce de serpent, <strong>la vip\u00e8re p\u00e9liade<\/strong>, n\u2019est pas connue comme \u00e9tant pr\u00e9sente naturellement dans le d\u00e9partement de la Seine-Maritime, mais elle peut \u00eatre aper\u00e7ue en Normandie, dans l\u2019Orne, la Manche ou encore le Calvados. Mais ses apparitions sont tr\u00e8s rares.<\/p>\n<p class=\" wall-content\">\u00ab\u2009Aucune esp\u00e8ce de serpent en Seine-Maritime ne repr\u00e9sente un danger pour l\u2019homme. Ce sont des animaux tr\u00e8s importants pour la biodiversit\u00e9\u2009\u00bb, conclut Arnaud Genouville.<\/p>\n<p>Suivez l\u2019actualit\u00e9 de Rouen sur <a href=\"https:\/\/www.whatsapp.com\/channel\/0029VaKfnf99hXF2ddApFB1D\" target=\"_blank\" rel=\"noopener\">notre cha\u00eene WhatsApp<\/a> et sur <a href=\"https:\/\/www.tiktok.com\/@76actu.fr?lang=fr\" target=\"_blank\" rel=\"noopener\">notre compte TikTok<\/a>Suivez l\u2019actualit\u00e9 du\u00a0Havre sur <a href=\"https:\/\/www.whatsapp.com\/channel\/0029VaFqJYE8aKvLBwVrEe0o\" target=\"_blank\" rel=\"noopener\">notre cha\u00eene WhatsApp<\/a> et sur <a href=\"https:\/\/www.tiktok.com\/@76actu.fr?lang=fr\" target=\"_blank\" rel=\"noopener\">notre compte TikTok<\/a><\/p>\n<p class=\" wall-content\">Suivez toute l\u2019actualit\u00e9 de vos villes et m\u00e9dias favoris en vous inscrivant \u00e0 <a href=\"https:\/\/moncompte.actu.fr\" title=\"D\u00e9couvez Mon Actu\" rel=\"nofollow noopener\" data-trk=\"{&quot;cta&quot;:{&quot;action&quot;:&quot;https:\\\/\\\/moncompte.actu.fr&quot;,&quot;category&quot;:&quot;mon compte&quot;,&quot;from&quot;:&quot;article footer&quot;,&quot;name&quot;:&quot;Mon actu&quot;,&quot;type&quot;:&quot;cta&quot;}}\" target=\"_blank\">Mon Actu<\/a>.<\/p>\n<p>                    <script async src=\"\/\/www.tiktok.com\/embed.js\"><\/script><\/p>\n","protected":false},"excerpt":{"rendered":"Par Adrien Filoche Publi\u00e9 le 16 juil. 2025 \u00e0 8h12 Kss\u2026 kss\u2026 Ce mercredi 16\u00a0juillet 2025 marque la&hellip;\n","protected":false},"author":2,"featured_media":251361,"comment_status":"","ping_status":"","sticky":false,"template":"","format":"standard","meta":{"footnotes":""},"categories":[9587],"tags":[1111,11,1867,1130,1777,674,1011,27,12,5161,52,25,9590],"class_list":{"0":"post-251360","1":"post","2":"type-post","3":"status-publish","4":"format-standard","5":"has-post-thumbnail","7":"category-rouen","8":"tag-actu","9":"tag-actualites","10":"tag-animaux","11":"tag-biodiversite","12":"tag-eu","13":"tag-europe","14":"tag-fr","15":"tag-france","16":"tag-news","17":"tag-normandie","18":"tag-planete","19":"tag-republique-francaise","20":"tag-rouen"},"share_on_mastodon":{"url":"https:\/\/pubeurope.com\/@fr\/114863069583090832","error":""},"_links":{"self":[{"href":"https:\/\/www.europesays.com\/fr\/wp-json\/wp\/v2\/posts\/251360","targetHints":{"allow":["GET"]}}],"collection":[{"href":"https:\/\/www.europesays.com\/fr\/wp-json\/wp\/v2\/posts"}],"about":[{"href":"https:\/\/www.europesays.com\/fr\/wp-json\/wp\/v2\/types\/post"}],"author":[{"embeddable":true,"href":"https:\/\/www.europesays.com\/fr\/wp-json\/wp\/v2\/users\/2"}],"replies":[{"embeddable":true,"href":"https:\/\/www.europesays.com\/fr\/wp-json\/wp\/v2\/comments?post=251360"}],"version-history":[{"count":0,"href":"https:\/\/www.europesays.com\/fr\/wp-json\/wp\/v2\/posts\/251360\/revisions"}],"wp:featuredmedia":[{"embeddable":true,"href":"https:\/\/www.europesays.com\/fr\/wp-json\/wp\/v2\/media\/251361"}],"wp:attachment":[{"href":"https:\/\/www.europesays.com\/fr\/wp-json\/wp\/v2\/media?parent=251360"}],"wp:term":[{"taxonomy":"category","embeddable":true,"href":"https:\/\/www.europesays.com\/fr\/wp-json\/wp\/v2\/categories?post=251360"},{"taxonomy":"post_tag","embeddable":true,"href":"https:\/\/www.europesays.com\/fr\/wp-json\/wp\/v2\/tags?post=251360"}],"curies":[{"name":"wp","href":"https:\/\/api.w.org\/{rel}","templated":true}]}}