{"id":251362,"date":"2025-07-16T13:08:16","date_gmt":"2025-07-16T13:08:16","guid":{"rendered":"https:\/\/www.europesays.com\/fr\/251362\/"},"modified":"2025-07-16T13:08:16","modified_gmt":"2025-07-16T13:08:16","slug":"jo-14-juillet-a-rouen-drag-race-france-thomas-jolly-est-partout","status":"publish","type":"post","link":"https:\/\/www.europesays.com\/fr\/251362\/","title":{"rendered":"JO, 14 juillet \u00e0 Rouen, Drag Race France : Thomas Jolly est partout !"},"content":{"rendered":"<p class=\"has-medium-font-size\">Avant le 26 juillet 2024, personne (ou presque) ne connaissait <strong>Thomas Jolly<\/strong>.\u00a0<\/p>\n<p class=\"has-medium-font-size\">Mais tout a chang\u00e9 avec la c\u00e9r\u00e9monie d\u2019ouverture des Jeux olympiques de Paris 2024.\u00a0<\/p>\n<p class=\"has-medium-font-size\">Notre homme \u00e9tait le directeur artistique des c\u00e9r\u00e9monies d\u2019ouverture et de cl\u00f4ture de l\u2019\u00e9v\u00e9nement.<\/p>\n<p class=\"has-medium-font-size\">Son nom a depuis \u00e9t\u00e9 \u00e9voqu\u00e9 dans les m\u00e9dias du monde entier et notre homme s\u2019est illustr\u00e9\u00a0 en d\u00e9pit de toutes les pol\u00e9miques !\u00a0<\/p>\n<p class=\"has-medium-font-size\">Depuis, c\u2019est bien simple : Thomas Jolly est absolument partout.\u00a0<\/p>\n<p><strong>Une \u201cC\u00e8ne\u201d marquante aux JO de Paris 2024<\/strong><\/p>\n<p class=\"has-medium-font-size\">Thomas Jolly est un habitu\u00e9 du monde du th\u00e9\u00e2tre.\u00a0<\/p>\n<p class=\"has-medium-font-size\">Apr\u00e8s avoir fond\u00e9 sa compagnie en 2006 du c\u00f4t\u00e9 de Rouen, il est devenu <strong>metteur en sc\u00e8ne<\/strong>.<\/p>\n<p class=\"has-medium-font-size\">Il dispose d\u2019une solide exp\u00e9rience dans le domaine.\u00a0<\/p>\n<p class=\"has-medium-font-size\">Et il a fait parler de lui v\u00e9ritablement pour la premi\u00e8re fois en 2020 quand il a \u00e9t\u00e9 nomm\u00e9 pour redonner vie \u00e0 la com\u00e9die musicale culte Starmania.\u00a0<\/p>\n<p class=\"has-medium-font-size\">Covid-19 oblige, les repr\u00e9sentations ont \u00e9t\u00e9 report\u00e9es\u2026<\/p>\n<p class=\"has-medium-font-size\">Starmania \u201cfa\u00e7on Thomas Jolly\u201d a finalement vu le jour sur sc\u00e8ne en octobre 2022.\u00a0<\/p>\n<p class=\"has-medium-font-size\">Et heureux hasard : c\u2019est le moment o\u00f9 Thomas Jolly a \u00e9t\u00e9 choisi pour devenir <strong>directeur artistique<\/strong> des c\u00e9r\u00e9monies d\u2019ouverture et de cl\u00f4ture des Jeux olympiques et paralympiques de 2024.\u00a0<\/p>\n<p class=\"has-medium-font-size\">\u201cUn choix audacieux et coh\u00e9rent\u201d <a href=\"https:\/\/www.olympics.com\/fr\/infos\/ceremonie-ouverture-jo-paris-2024-gloire-thomas-jolly-directeur-artistique-evenement\" target=\"_blank\" rel=\"noreferrer noopener\">pour Tony Estanguet<\/a>, pr\u00e9sident du comit\u00e9 d\u2019organisation de Paris 2024.\u00a0<\/p>\n<p class=\"has-medium-font-size\">Mais les d\u00e9cisions artistiques de Thomas Jolly n\u2019ont pas forc\u00e9ment fait l\u2019unanimit\u00e9 !\u00a0<\/p>\n<p class=\"has-medium-font-size\">On se souvient notamment de la pol\u00e9mique autour de la repr\u00e9sentation de La C\u00e8ne (ou du Festin des Dieux) avec des drag queens.\u00a0<\/p>\n<p class=\"has-medium-font-size\"><a href=\"https:\/\/juste-milieu.fr\/la-cene-aux-jo-les-contradictions-des-organisateurs\/\" target=\"_blank\" rel=\"noreferrer noopener\">Juste Milieu a d\u2019ailleurs eu l\u2019occasion<\/a> de revenir sur les contradictions des organisateurs suite \u00e0 l\u2019\u00e9v\u00e9nement.<\/p>\n<p class=\"has-medium-font-size\">Quoi qu\u2019il en soit, il n\u2019en fallait pas plus pour que Thomas Jolly devienne une v\u00e9ritable coqueluche.\u00a0<\/p>\n<p class=\"has-medium-font-size\">Et depuis, on le voit partout !\u00a0<\/p>\n<p><strong>Un projet abandonn\u00e9 \u00e0 Rouen\u2026 et la direction d\u2019un volet du CNC !<\/strong><\/p>\n<p>Thomas Jolly est devenu incontournable.\u00a0<\/p>\n<p class=\"has-medium-font-size\">Apr\u00e8s les c\u00e9r\u00e9monies des Jeux olympiques et paralympiques, il a imagin\u00e9 un spectacle pour le 14 juillet dans sa ville d\u2019origine : <strong>Rouen<\/strong>.<\/p>\n<p class=\"has-medium-font-size\">Le probl\u00e8me, c\u2019est que la mise en pratique a \u00e9t\u00e9 beaucoup plus complexe !\u00a0<\/p>\n<p class=\"has-medium-font-size\">R\u00e9sultat : <a href=\"https:\/\/www.francebleu.fr\/infos\/culture-loisirs\/le-projet-de-spectacle-pour-le-14-juillet-a-rouen-imagine-par-thomas-jolly-abandonne-2398814\" target=\"_blank\" rel=\"noreferrer noopener\">le 20 mai 2025, la r\u00e9daction de France Bleu<\/a> a annonc\u00e9 l\u2019abandon du projet.\u00a0<\/p>\n<p class=\"has-medium-font-size\">Cela n\u2019a pas emp\u00each\u00e9 Thomas Jolly de rebondir quelques semaines plus tard\u2026<\/p>\n<p class=\"has-medium-font-size\">\u2026 en prenant la t\u00eate de la commission du fonds d\u2019aide au jeu vid\u00e9o du <strong>Centre national du Cin\u00e9ma<\/strong> (CNC) !\u00a0<\/p>\n<p class=\"has-medium-font-size\">Quelles sont ses comp\u00e9tences dans le domaine ?\u00a0<\/p>\n<p class=\"has-medium-font-size\">La r\u00e9ponse nous a \u00e9t\u00e9 donn\u00e9e par le principal int\u00e9ress\u00e9 <a href=\"https:\/\/www.lemonde.fr\/pixels\/article\/2025\/06\/24\/thomas-jolly-nomme-a-la-tete-de-la-commission-du-fonds-d-aide-aux-jeux-video-du-cnc_6615623_4408996.html\" target=\"_blank\" rel=\"noreferrer noopener\">dans un article du Monde du 24 juin 2025<\/a> : \u201cDepuis l\u2019enfance, je joue. Pas seulement au th\u00e9\u00e2tre \u2013 mais aussi aux jeux vid\u00e9o\u201d.<\/p>\n<p class=\"has-medium-font-size\">Vous l\u2019avez compris : il n\u2019a pas forc\u00e9ment l\u2019exp\u00e9rience n\u00e9cessaire mais qu\u2019importe !\u00a0<\/p>\n<p class=\"has-medium-font-size\">Comme si \u00e7a ne suffisait pas, Thomas Jolly a fait une apparition remarqu\u00e9e dans le premier \u00e9pisode de la t\u00e9l\u00e9-r\u00e9alit\u00e9 de France 2 \u201cDrag Race France All Stars\u201d.\u00a0<\/p>\n<p class=\"has-medium-font-size\">Il s\u2019agit d\u2019un concours de drag queens, directement inspir\u00e9 de l\u2019\u00e9quivalent am\u00e9ricain RuPaul\u2019s Drag Race.\u00a0<\/p>\n<p class=\"has-medium-font-size\">De l\u00e0 \u00e0 croire que Thomas Jolly nous est impos\u00e9\u2026<\/p>\n<p>\t\tContinue Reading<\/p>\n","protected":false},"excerpt":{"rendered":"Avant le 26 juillet 2024, personne (ou presque) ne connaissait Thomas Jolly.\u00a0 Mais tout a chang\u00e9 avec la&hellip;\n","protected":false},"author":2,"featured_media":251363,"comment_status":"","ping_status":"","sticky":false,"template":"","format":"standard","meta":{"footnotes":""},"categories":[9587],"tags":[17,1111,11,251,1777,674,1011,27,21244,28367,12,5161,5856,25,9590,18228],"class_list":{"0":"post-251362","1":"post","2":"type-post","3":"status-publish","4":"format-standard","5":"has-post-thumbnail","7":"category-rouen","8":"tag-17","9":"tag-actu","10":"tag-actualites","11":"tag-culture","12":"tag-eu","13":"tag-europe","14":"tag-fr","15":"tag-france","16":"tag-jeux-olympiques-dete","17":"tag-jeux-paralympiques","18":"tag-news","19":"tag-normandie","20":"tag-paris-2024","21":"tag-republique-francaise","22":"tag-rouen","23":"tag-thomas-jolly"},"share_on_mastodon":{"url":"https:\/\/pubeurope.com\/@fr\/114863073086434971","error":""},"_links":{"self":[{"href":"https:\/\/www.europesays.com\/fr\/wp-json\/wp\/v2\/posts\/251362","targetHints":{"allow":["GET"]}}],"collection":[{"href":"https:\/\/www.europesays.com\/fr\/wp-json\/wp\/v2\/posts"}],"about":[{"href":"https:\/\/www.europesays.com\/fr\/wp-json\/wp\/v2\/types\/post"}],"author":[{"embeddable":true,"href":"https:\/\/www.europesays.com\/fr\/wp-json\/wp\/v2\/users\/2"}],"replies":[{"embeddable":true,"href":"https:\/\/www.europesays.com\/fr\/wp-json\/wp\/v2\/comments?post=251362"}],"version-history":[{"count":0,"href":"https:\/\/www.europesays.com\/fr\/wp-json\/wp\/v2\/posts\/251362\/revisions"}],"wp:featuredmedia":[{"embeddable":true,"href":"https:\/\/www.europesays.com\/fr\/wp-json\/wp\/v2\/media\/251363"}],"wp:attachment":[{"href":"https:\/\/www.europesays.com\/fr\/wp-json\/wp\/v2\/media?parent=251362"}],"wp:term":[{"taxonomy":"category","embeddable":true,"href":"https:\/\/www.europesays.com\/fr\/wp-json\/wp\/v2\/categories?post=251362"},{"taxonomy":"post_tag","embeddable":true,"href":"https:\/\/www.europesays.com\/fr\/wp-json\/wp\/v2\/tags?post=251362"}],"curies":[{"name":"wp","href":"https:\/\/api.w.org\/{rel}","templated":true}]}}