{"id":251366,"date":"2025-07-16T13:10:12","date_gmt":"2025-07-16T13:10:12","guid":{"rendered":"https:\/\/www.europesays.com\/fr\/251366\/"},"modified":"2025-07-16T13:10:12","modified_gmt":"2025-07-16T13:10:12","slug":"dimportants-travaux-causent-des-perturbations-sur-le-reseau-sncf-cet-ete","status":"publish","type":"post","link":"https:\/\/www.europesays.com\/fr\/251366\/","title":{"rendered":"d\u2019importants travaux causent des perturbations sur le r\u00e9seau SNCF cet \u00e9t\u00e9"},"content":{"rendered":"<p itemprop=\"description\"><strong>Grenoble et Lancey, en Is\u00e8re, subissent des travaux de r\u00e9novations cet \u00e9t\u00e9.<\/strong><\/p>\n<p>En cette p\u00e9riode estivale, la SNCF a d\u00e9cid\u00e9 de r\u00e9nover plusieurs infrastructures ferroviaires dans le d\u00e9partement de l\u2019Is\u00e8re : la ligne Lyon-Marseille, dans le secteur de Grenoble, ainsi que la gare de Lancey, situ\u00e9e \u00e0 Villard-Bonnot.<\/p>\n<p>\u00c0 Grenoble, les travaux vont avoir lieu chaque nuit, entre 22h et 5h du matin. Seulement deux interruptions sont programm\u00e9es : du 2 ao\u00fbt \u00e0 23h30 au 3 ao\u00fbt \u00e0 22h et du 9 ao\u00fbt \u00e0 23h30 au 10 ao\u00fbt \u00e0 22h. Pr\u00e8s d\u2019une cinquantaine d\u2019agents seront mobilis\u00e9es pour r\u00e9aliser ces op\u00e9rations, qui co\u00fbteront environ 3,7 millions d\u2019euros \u00e0 SNCF R\u00e9seau.<\/p>\n<p>En ce qui concerne la gare de Lancey, au nord-est de la capitale is\u00e9roise, un programme de s\u00e9curisation est en cours, avec la mise en place d\u2019une passerelle accessible aux personnes \u00e0 mobilit\u00e9 r\u00e9duite (PMR) pour leur permettre de traverser les voies en toute s\u00e9curit\u00e9. Il faudra attendre ce vendredi 18 juillet pour que les travaux soient termin\u00e9s.<\/p>\n<p>L\u2019objectif est donc clair pour la SNCF : renouveler le r\u00e9seau pour am\u00e9liorer la performance des lignes. Un budget de 697 millions a \u00e9t\u00e9 allou\u00e9 pour l\u2019ann\u00e9e 2025 sur l\u2019ensemble du territoire.<\/p>\n","protected":false},"excerpt":{"rendered":"Grenoble et Lancey, en Is\u00e8re, subissent des travaux de r\u00e9novations cet \u00e9t\u00e9. En cette p\u00e9riode estivale, la SNCF&hellip;\n","protected":false},"author":2,"featured_media":251367,"comment_status":"","ping_status":"","sticky":false,"template":"","format":"standard","meta":{"footnotes":""},"categories":[9566],"tags":[1111,11,7733,8279,2430,7736,650,7734,2889,2263,1777,674,1011,27,2731,8280,6417,1114,108,4662,12,3725,1825,25,7737],"class_list":{"0":"post-251366","1":"post","2":"type-post","3":"status-publish","4":"format-standard","5":"has-post-thumbnail","7":"category-grenoble","8":"tag-actu","9":"tag-actualites","10":"tag-alpes","11":"tag-alpes1","12":"tag-auvergne-rhone-alpes","13":"tag-cds","14":"tag-cinema","15":"tag-ecoute","16":"tag-emission","17":"tag-equipe","18":"tag-eu","19":"tag-europe","20":"tag-fr","21":"tag-france","22":"tag-grenoble","23":"tag-haute","24":"tag-information","25":"tag-infos","26":"tag-isere","27":"tag-journal","28":"tag-news","29":"tag-podcast","30":"tag-radio","31":"tag-republique-francaise","32":"tag-winamp"},"share_on_mastodon":{"url":"https:\/\/pubeurope.com\/@fr\/114863081034747672","error":""},"_links":{"self":[{"href":"https:\/\/www.europesays.com\/fr\/wp-json\/wp\/v2\/posts\/251366","targetHints":{"allow":["GET"]}}],"collection":[{"href":"https:\/\/www.europesays.com\/fr\/wp-json\/wp\/v2\/posts"}],"about":[{"href":"https:\/\/www.europesays.com\/fr\/wp-json\/wp\/v2\/types\/post"}],"author":[{"embeddable":true,"href":"https:\/\/www.europesays.com\/fr\/wp-json\/wp\/v2\/users\/2"}],"replies":[{"embeddable":true,"href":"https:\/\/www.europesays.com\/fr\/wp-json\/wp\/v2\/comments?post=251366"}],"version-history":[{"count":0,"href":"https:\/\/www.europesays.com\/fr\/wp-json\/wp\/v2\/posts\/251366\/revisions"}],"wp:featuredmedia":[{"embeddable":true,"href":"https:\/\/www.europesays.com\/fr\/wp-json\/wp\/v2\/media\/251367"}],"wp:attachment":[{"href":"https:\/\/www.europesays.com\/fr\/wp-json\/wp\/v2\/media?parent=251366"}],"wp:term":[{"taxonomy":"category","embeddable":true,"href":"https:\/\/www.europesays.com\/fr\/wp-json\/wp\/v2\/categories?post=251366"},{"taxonomy":"post_tag","embeddable":true,"href":"https:\/\/www.europesays.com\/fr\/wp-json\/wp\/v2\/tags?post=251366"}],"curies":[{"name":"wp","href":"https:\/\/api.w.org\/{rel}","templated":true}]}}