{"id":251368,"date":"2025-07-16T13:11:27","date_gmt":"2025-07-16T13:11:27","guid":{"rendered":"https:\/\/www.europesays.com\/fr\/251368\/"},"modified":"2025-07-16T13:11:27","modified_gmt":"2025-07-16T13:11:27","slug":"transat-en-ville-une-grande-sieste-musicale-chaque-mercredi-de-lete-a-rennes","status":"publish","type":"post","link":"https:\/\/www.europesays.com\/fr\/251368\/","title":{"rendered":"Transat en ville : une grande sieste musicale chaque mercredi de l\u2019\u00e9t\u00e9 \u00e0 Rennes"},"content":{"rendered":"<p>Une sieste collective en plein c\u0153ur de <a href=\"https:\/\/www.ouest-france.fr\/\" target=\"_blank\" rel=\"nofollow noopener\">Rennes<\/a> (Ille-et-Vilaine) c\u2019est possible\u00a0! Chaque mercredi, durant tout l\u2019\u00e9t\u00e9, \u00e0 14\u00a0h, le festival Transat en ville propose une grande sieste musicale d\u2019une heure sur la place de la Mairie. Les Rennais et les Rennaises pourront se reposer dans les transats d\u00e9ploy\u00e9s \u00e0 l\u2019occasion, sur les douces m\u00e9lodies d\u2019un concert\u00a0relaxant organis\u00e9 par le festival et la radio Canal B.\u00a0L\u2019occasion de faire passer\u00a0le d\u00e9jeuner et de reprendre de l\u2019\u00e9nergie apr\u00e8s la sieste.<\/p>\n<p><strong>Lire aussi\u00a0:<\/strong>\u00a0<a href=\"https:\/\/rennes.maville.com\/actu\/actudet_--chaque-annee-on-les-suit-la-guinguette-mobile-camille-et-leon-installee-au-sud-de-rennes-_52674-6899790_actu.Htm\" target=\"_blank\" rel=\"nofollow noopener\">\u00ab\u00a0Chaque ann\u00e9e on les suit\u00a0\u00bb, la guinguette mobile Camille et L\u00e9on install\u00e9e au sud de Rennes<\/a><\/p>\n<p>Transat en ville ne propose pas seulement des siestes musicales, mais aussi des concerts, spectacles et animations r\u00e9parties dans diff\u00e9rents lieux \u00e0 Rennes. Le programme est \u00e0 retrouver sur\u00a0: <a href=\"https:\/\/ete.rennes.fr\/agenda\/transat-en-ville\/\" target=\"_blank\" rel=\"nofollow noopener\">https:\/\/ete.rennes.fr\/agenda\/transat-en-ville\/<\/a><\/p>\n<p>Attention, les si\u00e8ges ont du succ\u00e8s, premiers arriv\u00e9s, premiers servis.<\/p>\n<p><strong>Chaque mercredi<\/strong>, 14\u00a0h &#8211; 15\u00a0h, place de la Mairie, Rennes, gratuit.<\/p>\n<p>\u00a0<\/p>\n","protected":false},"excerpt":{"rendered":"Une sieste collective en plein c\u0153ur de Rennes (Ille-et-Vilaine) c\u2019est possible\u00a0! Chaque mercredi, durant tout l\u2019\u00e9t\u00e9, \u00e0 14\u00a0h,&hellip;\n","protected":false},"author":2,"featured_media":251369,"comment_status":"","ping_status":"","sticky":false,"template":"","format":"standard","meta":{"footnotes":""},"categories":[2821],"tags":[1111,11,829,2883,1777,674,1011,27,4027,6774,3724,12,584,25,39152,39151,4824],"class_list":{"0":"post-251368","1":"post","2":"type-post","3":"status-publish","4":"format-standard","5":"has-post-thumbnail","7":"category-rennes","8":"tag-actu","9":"tag-actualites","10":"tag-bretagne","11":"tag-ete","12":"tag-eu","13":"tag-europe","14":"tag-fr","15":"tag-france","16":"tag-grande","17":"tag-mercredi","18":"tag-musicale","19":"tag-news","20":"tag-rennes","21":"tag-republique-francaise","22":"tag-sieste","23":"tag-transat","24":"tag-ville"},"share_on_mastodon":{"url":"https:\/\/pubeurope.com\/@fr\/114863085205340563","error":""},"_links":{"self":[{"href":"https:\/\/www.europesays.com\/fr\/wp-json\/wp\/v2\/posts\/251368","targetHints":{"allow":["GET"]}}],"collection":[{"href":"https:\/\/www.europesays.com\/fr\/wp-json\/wp\/v2\/posts"}],"about":[{"href":"https:\/\/www.europesays.com\/fr\/wp-json\/wp\/v2\/types\/post"}],"author":[{"embeddable":true,"href":"https:\/\/www.europesays.com\/fr\/wp-json\/wp\/v2\/users\/2"}],"replies":[{"embeddable":true,"href":"https:\/\/www.europesays.com\/fr\/wp-json\/wp\/v2\/comments?post=251368"}],"version-history":[{"count":0,"href":"https:\/\/www.europesays.com\/fr\/wp-json\/wp\/v2\/posts\/251368\/revisions"}],"wp:featuredmedia":[{"embeddable":true,"href":"https:\/\/www.europesays.com\/fr\/wp-json\/wp\/v2\/media\/251369"}],"wp:attachment":[{"href":"https:\/\/www.europesays.com\/fr\/wp-json\/wp\/v2\/media?parent=251368"}],"wp:term":[{"taxonomy":"category","embeddable":true,"href":"https:\/\/www.europesays.com\/fr\/wp-json\/wp\/v2\/categories?post=251368"},{"taxonomy":"post_tag","embeddable":true,"href":"https:\/\/www.europesays.com\/fr\/wp-json\/wp\/v2\/tags?post=251368"}],"curies":[{"name":"wp","href":"https:\/\/api.w.org\/{rel}","templated":true}]}}