{"id":251370,"date":"2025-07-16T13:12:24","date_gmt":"2025-07-16T13:12:24","guid":{"rendered":"https:\/\/www.europesays.com\/fr\/251370\/"},"modified":"2025-07-16T13:12:24","modified_gmt":"2025-07-16T13:12:24","slug":"rennes-devient-la-premiere-a-limiter-la-taille-des-piscines-privees","status":"publish","type":"post","link":"https:\/\/www.europesays.com\/fr\/251370\/","title":{"rendered":"Rennes devient la premi\u00e8re \u00e0 limiter la taille des piscines priv\u00e9es"},"content":{"rendered":"<p class=\"article-p mdl\">Face \u00e0 la vague de chaleur qui s&rsquo;abat sur la France, Rennes devient la premi\u00e8re ville \u00e0 prendre une mesure in\u00e9dite pour \u00e9conomiser l&rsquo;eau : limiter la taille des piscines priv\u00e9es. D\u00e9sormais, les bassins de plus de 25 m\u00e8tres cubes, soit environ 8 m\u00e8tres par 4, ne seront plus autoris\u00e9s.<\/p>\n<p class=\"article-p mdl\">Cette d\u00e9cision, prise par la m\u00e9tropole de Rennes, vise \u00e0 r\u00e9pondre \u00e0 la p\u00e9nurie d&rsquo;eau exacerb\u00e9e par\u00a0<a class=\"link\" href=\"https:\/\/www.rtl.fr\/actu\/debats-societe\/secheresse-peut-on-recuperer-l-eau-de-pluie-pour-remplir-sa-piscine-tant-qu-il-pleut-7900263902\" title=\"S\u00e9cheresse : peut-on r\u00e9cup\u00e9rer l\u2019eau de pluie pour remplir sa piscine tant qu\u2019il pleut ?\" target=\"_blank\" rel=\"noopener\">la chaleur et la s\u00e9cheresse.<\/a>\u00a0Laurence Besserve, vice-pr\u00e9sidente charg\u00e9e de l&rsquo;am\u00e9nagement, souligne l&rsquo;importance de cette mesure pour s&rsquo;adapter au changement climatique. \u00ab\u00a0C&rsquo;est absolument n\u00e9cessaire pour <strong>toutes les g\u00e9n\u00e9rations\u00a0\u00bb,<\/strong> affirme-t-elle. \u00ab\u00a0Lors de l&rsquo;assembl\u00e9e du Conseil m\u00e9tropolitain, \u00e7a n&rsquo;a soulev\u00e9 aucun d\u00e9bat, hormis les professionnels.\u00a0\u00ab\u00a0<\/p>\n<p class=\"article-p mdl\">Fran\u00e7ois Lavaleur, g\u00e9rant de Rennes Piscine, est oblig\u00e9 de freiner les projets de\u00a0<a class=\"link\" href=\"https:\/\/www.rtl.fr\/actu\/economie-consommation\/chaleur-les-mini-piscines-seduisent-de-plus-en-plus-les-francais-7900520163\" title=\"Canicule : pourquoi les &quot;mini piscines&quot; s\u00e9duisent de plus en plus les Fran\u00e7ais\" target=\"_blank\" rel=\"noopener\">ses clients potentiels.<\/a>\u00a0Il exprime <strong>son agacement<\/strong> face \u00e0 cette nouvelle r\u00e9glementation, chez qui, une piscine vendue sur deux est justement de 25 m\u00b3 minimum. \u00ab\u00a0Aujourd&rsquo;hui, on a des syst\u00e8mes de filtration, on a des modes de construction. Vous avez \u00e0 vider l&rsquo;eau au bout de 18-20 ans quand vous changez votre liner.\u00a0\u00bb\u00a0<\/p>\n<p>Actuellement,\u00a0il existerait entre 2.000 et 3.000\u00a0<a class=\"link\" href=\"https:\/\/www.rtl.fr\/actu\/debats-societe\/comment-remettre-en-marche-sa-piscine-pour-cet-ete-7900509694\" title=\"Comment remettre en marche votre piscine pour cet \u00e9t\u00e9\" target=\"_blank\" rel=\"noopener\">piscines individuelles<\/a>\u00a0dans les 42 communes de la m\u00e9tropole rennaise.\u00a0<\/p>\n<p>    La r\u00e9daction vous recommande<\/p>\n<p class=\"s-newsletter__title\">\n                L\u2019actualit\u00e9 par la r\u00e9daction de RTL dans votre bo\u00eete mail.\n            <\/p>\n<p class=\"s-newsletter__subtitle\">\n                Gr\u00e2ce \u00e0 votre compte RTL abonnez-vous \u00e0 la newsletter RTL info pour suivre toute l&rsquo;actualit\u00e9 au quotidien\n            <\/p>\n<p>\n                                    Lire la suite\n                                <\/p>\n","protected":false},"excerpt":{"rendered":"Face \u00e0 la vague de chaleur qui s&rsquo;abat sur la France, Rennes devient la premi\u00e8re ville \u00e0 prendre&hellip;\n","protected":false},"author":2,"featured_media":251371,"comment_status":"","ping_status":"","sticky":false,"template":"","format":"standard","meta":{"footnotes":""},"categories":[2821],"tags":[1111,11,829,1777,674,107,1011,27,2487,12,5922,584,362,25,18830],"class_list":{"0":"post-251370","1":"post","2":"type-post","3":"status-publish","4":"format-standard","5":"has-post-thumbnail","7":"category-rennes","8":"tag-actu","9":"tag-actualites","10":"tag-bretagne","11":"tag-eu","12":"tag-europe","13":"tag-fil-info","14":"tag-fr","15":"tag-france","16":"tag-meteo","17":"tag-news","18":"tag-piscine","19":"tag-rennes","20":"tag-replay","21":"tag-republique-francaise","22":"tag-tendances"},"share_on_mastodon":{"url":"https:\/\/pubeurope.com\/@fr\/114863088965808171","error":""},"_links":{"self":[{"href":"https:\/\/www.europesays.com\/fr\/wp-json\/wp\/v2\/posts\/251370","targetHints":{"allow":["GET"]}}],"collection":[{"href":"https:\/\/www.europesays.com\/fr\/wp-json\/wp\/v2\/posts"}],"about":[{"href":"https:\/\/www.europesays.com\/fr\/wp-json\/wp\/v2\/types\/post"}],"author":[{"embeddable":true,"href":"https:\/\/www.europesays.com\/fr\/wp-json\/wp\/v2\/users\/2"}],"replies":[{"embeddable":true,"href":"https:\/\/www.europesays.com\/fr\/wp-json\/wp\/v2\/comments?post=251370"}],"version-history":[{"count":0,"href":"https:\/\/www.europesays.com\/fr\/wp-json\/wp\/v2\/posts\/251370\/revisions"}],"wp:featuredmedia":[{"embeddable":true,"href":"https:\/\/www.europesays.com\/fr\/wp-json\/wp\/v2\/media\/251371"}],"wp:attachment":[{"href":"https:\/\/www.europesays.com\/fr\/wp-json\/wp\/v2\/media?parent=251370"}],"wp:term":[{"taxonomy":"category","embeddable":true,"href":"https:\/\/www.europesays.com\/fr\/wp-json\/wp\/v2\/categories?post=251370"},{"taxonomy":"post_tag","embeddable":true,"href":"https:\/\/www.europesays.com\/fr\/wp-json\/wp\/v2\/tags?post=251370"}],"curies":[{"name":"wp","href":"https:\/\/api.w.org\/{rel}","templated":true}]}}