{"id":251372,"date":"2025-07-16T13:13:19","date_gmt":"2025-07-16T13:13:19","guid":{"rendered":"https:\/\/www.europesays.com\/fr\/251372\/"},"modified":"2025-07-16T13:13:19","modified_gmt":"2025-07-16T13:13:19","slug":"eurometropole-loffice-de-tourisme-de-lems-de-strasbourg-devient-une-societe-cooperative","status":"publish","type":"post","link":"https:\/\/www.europesays.com\/fr\/251372\/","title":{"rendered":"Eurom\u00e9tropole. L\u2019office de tourisme de l\u2019EMS de Strasbourg devient une soci\u00e9t\u00e9 coop\u00e9rative"},"content":{"rendered":"<p>Souhait\u00e9e par la Ville, l\u2019Eurom\u00e9tropole de Strasbourg et les professionnels depuis plusieurs ann\u00e9es, <a href=\"https:\/\/www.dna.fr\/economie\/2024\/07\/18\/le-nouvel-office-eurometropolitain-de-tourisme-est-en-piste\" target=\"_blank\" rel=\"nofollow noopener\">la fusion des outils de tourisme<\/a> avec sa transformation a \u00e9t\u00e9 men\u00e9e conform\u00e9ment \u00e0 la strat\u00e9gie touristique du territoire, comprenant \u00ab\u00a0un volet de refonte de la gouvernance touristique\u00a0\u00bb. La collectivit\u00e9 a souhait\u00e9 ainsi revoir l\u2019organisation, renforcer les moyens et diversifier les missions de son office de tourisme historique et du Strasbourg Convention Bureau \u00ab\u00a0afin de mieux r\u00e9pondre aux besoins des acteurs, aux attentes des visiteurs et aux d\u00e9fis du territoire\u00a0\u00bb.<\/p>\n<p>L\u2019adjoint au tourisme Jo\u00ebl Steffen a ainsi pr\u00e9sid\u00e9 la premi\u00e8re assembl\u00e9e g\u00e9n\u00e9rale ordinaire d\u2019installation de l\u2019office eurom\u00e9tropolitain de tourisme, de loisirs et de congr\u00e8s de Strasbourg (cr\u00e9\u00e9 le 1 er \u00a0juillet 2024), transform\u00e9 d\u00e9sormais en soci\u00e9t\u00e9 coop\u00e9rative d\u2019int\u00e9r\u00eat collectif \u00ab\u00a0SCIC SAS OTLC\u00a0\u00bb, ce vendredi 11\u00a0juillet \u00e0 l\u2019h\u00f4tel Sofitel. Le conseil coop\u00e9ratif (compos\u00e9 de 20 membres titulaires au maximum) se veut une structure \u00ab\u00a0plus coll\u00e9giale\u00a0\u00bb, ont soulign\u00e9 la pr\u00e9sidente de l\u2019EMS <a href=\"https:\/\/www.dna.fr\/p\/pia-imbs\" target=\"_blank\" rel=\"nofollow noopener\">Pia Imbs<\/a> et la maire de Strasbourg, <a href=\"https:\/\/www.dna.fr\/p\/jeanne-barseghian\" target=\"_blank\" rel=\"nofollow noopener\">Jeanne Barseghian<\/a>, qui ont port\u00e9 ce projet durant tout le mandat.<\/p>\n","protected":false},"excerpt":{"rendered":"Souhait\u00e9e par la Ville, l\u2019Eurom\u00e9tropole de Strasbourg et les professionnels depuis plusieurs ann\u00e9es, la fusion des outils de&hellip;\n","protected":false},"author":2,"featured_media":251373,"comment_status":"","ping_status":"","sticky":false,"template":"","format":"standard","meta":{"footnotes":""},"categories":[2820],"tags":[1111,11,33,2880,1777,674,107,1011,27,775,12,25,640,2879,602],"class_list":{"0":"post-251372","1":"post","2":"type-post","3":"status-publish","4":"format-standard","5":"has-post-thumbnail","7":"category-strasbourg","8":"tag-actu","9":"tag-actualites","10":"tag-economie","11":"tag-edition-strasbourg","12":"tag-eu","13":"tag-europe","14":"tag-fil-info","15":"tag-fr","16":"tag-france","17":"tag-grand-est","18":"tag-news","19":"tag-republique-francaise","20":"tag-strasbourg","21":"tag-strasbourg-ville","22":"tag-tourisme"},"share_on_mastodon":{"url":"https:\/\/pubeurope.com\/@fr\/114863092738791636","error":""},"_links":{"self":[{"href":"https:\/\/www.europesays.com\/fr\/wp-json\/wp\/v2\/posts\/251372","targetHints":{"allow":["GET"]}}],"collection":[{"href":"https:\/\/www.europesays.com\/fr\/wp-json\/wp\/v2\/posts"}],"about":[{"href":"https:\/\/www.europesays.com\/fr\/wp-json\/wp\/v2\/types\/post"}],"author":[{"embeddable":true,"href":"https:\/\/www.europesays.com\/fr\/wp-json\/wp\/v2\/users\/2"}],"replies":[{"embeddable":true,"href":"https:\/\/www.europesays.com\/fr\/wp-json\/wp\/v2\/comments?post=251372"}],"version-history":[{"count":0,"href":"https:\/\/www.europesays.com\/fr\/wp-json\/wp\/v2\/posts\/251372\/revisions"}],"wp:featuredmedia":[{"embeddable":true,"href":"https:\/\/www.europesays.com\/fr\/wp-json\/wp\/v2\/media\/251373"}],"wp:attachment":[{"href":"https:\/\/www.europesays.com\/fr\/wp-json\/wp\/v2\/media?parent=251372"}],"wp:term":[{"taxonomy":"category","embeddable":true,"href":"https:\/\/www.europesays.com\/fr\/wp-json\/wp\/v2\/categories?post=251372"},{"taxonomy":"post_tag","embeddable":true,"href":"https:\/\/www.europesays.com\/fr\/wp-json\/wp\/v2\/tags?post=251372"}],"curies":[{"name":"wp","href":"https:\/\/api.w.org\/{rel}","templated":true}]}}