{"id":251376,"date":"2025-07-16T13:15:13","date_gmt":"2025-07-16T13:15:13","guid":{"rendered":"https:\/\/www.europesays.com\/fr\/251376\/"},"modified":"2025-07-16T13:15:13","modified_gmt":"2025-07-16T13:15:13","slug":"la-cci-nice-cote-dazur-soccupera-du-port-de-saint-laurent-du-var-a-partir","status":"publish","type":"post","link":"https:\/\/www.europesays.com\/fr\/251376\/","title":{"rendered":"La CCI Nice C\u00f4te d\u2019Azur s\u2019occupera du port de Saint-Laurent-du Var \u00e0 partir (\u2026)"},"content":{"rendered":"<p>                    <img loading=\"lazy\" decoding=\"async\" src=\"https:\/\/www.europesays.com\/fr\/wp-content\/uploads\/2025\/07\/7bef869d3ea402febda5f44969e7ec.png\" class=\"img-responsive post-image\" width=\"680\" height=\"510\" alt=\"La CCI Nice C\u00f4te d'Azur\" title=\"La CCI Nice C\u00f4te d'Azur s'occupera du port de Saint-Laurent-du Var \u00e0 partir de 2026\"\/><\/p>\n<p class=\"chapo\">Le contrat de d\u00e9l\u00e9gation de service public, pour 20 ans \u00e0 partir du 1er janvier prochain, a \u00e9t\u00e9 approuv\u00e9 en conseil m\u00e9tropolitain, vendredi 11 juillet, malgr\u00e9 l\u2019opposition de quelques \u00e9lus \u00e9cologistes, qui avancent que la chambre de commerce et d\u2019industrie azur\u00e9enne n\u2019avait pas propos\u00e9 la meilleure offre.<\/p>\n<p><strong>Thomas Berettoni<\/strong>, conseiller m\u00e9tropolitain et premier adjoint au maire de Saint-Laurent-du-Var, a expliqu\u00e9 que la m\u00e9tropole avait souhait\u00e9 pour le port de plaisance de Saint-Laurent-du-Var, deuxi\u00e8me port du d\u00e9partement en nombre d\u2019anneaux avec plus de 1 000 bateaux, \u00ab\u00a0\u00a0un repreneur de qualit\u00e9, en ad\u00e9quation avec sa volont\u00e9 de maintenir une haute qualit\u00e9 de service rendu \u00e0 l\u2019usager tout en veillant \u00e0 la fragilit\u00e9 du patrimoine naturel que constitue notre littoral\u00a0\u00bb. Pour lui, il ne fait aucun doute que la CCI Nice C\u00f4te d\u2019Azur (CCINCA), en concurrence avec deux autres soumissionnaires, la soci\u00e9t\u00e9 <strong>D-Marin France SAS<\/strong> et le groupe <strong>Renaudi Holding\/EDEIS\/Banque populaire M\u00e9diterran\u00e9e\/Triverio construction<\/strong>, \u00ab\u00a0\u00a0a remis l\u2019offre finale pr\u00e9sentant le meilleur avantage \u00e9conomique global pour la m\u00e9tropole\u00a0\u00a0\u00bb, avec une offre \u00ab\u00a0<a href=\"https:\/\/www.petitesaffiches.fr\/actualites,069\/economie,045\/saint-laurent-du-var-la-cci-nice,36188.html\" rel=\"nofollow noopener\" target=\"_blank\">de qualit\u00e9, tant au niveau de son projet de travaux que des tarifs pr\u00e9vus<\/a>\u00a0\u00a0\u00bb. Ce sont \u00ab\u00a0\u00a0plus de 34 millions d\u2019euros de travaux qui seront r\u00e9alis\u00e9s et qui permettront au port de plaisance de Saint-Laurent-du-Var de rivaliser avec les plus grands ports de la C\u00f4te d\u2019Azur\u00a0\u00bb, a assur\u00e9 le premier adjoint laurentin, ajoutant, en r\u00e9ponse \u00e0 l\u2019\u00e9lu \u00e9cologiste d\u2019opposition Jean-Christophe Picard, que le projet de la CCINCA \u00e9tait \u00ab\u00a0qualitatif\u00a0\u00bb et qu\u2019il avait pris en compte \u00ab\u00a0\u00a0la place de la voiture, les modes doux, les pi\u00e9tons et la cr\u00e9ation d\u2019un local associatif\u00a0\u00bb.<\/p>\n<p>Am\u00e9liorer, r\u00e9nover et d\u00e9velopper<\/p>\n<p>Lors de son intervention,<strong> Jean-Christophe Picard <\/strong> a trouv\u00e9 \u00ab\u00a0curieux\u00a0\u00bb que la CCI ait \u00e9t\u00e9 retenue pour le port de Saint-Laurent-du-Var alors que la ville de Nice avait choisi de reprendre en r\u00e9gie la d\u00e9l\u00e9gation du port, g\u00e9r\u00e9 auparavant par la CCI. \u00ab\u00a0\u00a0La CCI, qui n\u2019\u00e9tait pas assez bien pour Nice, serait parfaite pour Saint-Laurent-du-Var\u00a0\u00bb, a-t-il ironis\u00e9. Il s\u2019est \u00e9galement dit \u00e9tonn\u00e9 de voir que l\u2019offre de la CCI n\u2019\u00e9tait pas la meilleure au d\u00e9part mais qu\u2019elle s\u2019\u00e9tait retrouv\u00e9e en t\u00eate \u00e0 l\u2019issue d\u2019une \u00ab\u00a0remontada\u00a0\u00bb pendant la n\u00e9gociation. \u00ab\u00a0C\u2019est le but d\u2019une n\u00e9gociation\u00a0\u00a0\u00bb, lui a r\u00e9pondu <strong>Martine Ouaknine,<\/strong> conseill\u00e8re m\u00e9tropolitaine d\u00e9l\u00e9gu\u00e9e aux affaires juridiques et aux contrats publics.<br class=\"autobr\"\/><br \/>\nLa CCI Nice C\u00f4te d\u2019Azur dispose d\u2019une<strong> expertise portuaire de plus de 50 ans.<\/strong> Elle a g\u00e9r\u00e9 jusqu\u2019\u00e0 six ports dans les Alpes-Maritimes et assure actuellement la concession-gestion du Vieux port de Golfe-Juan, d\u2019Antibes-Vauban et d\u2019Antibes-Gallice, trois ports certifi\u00e9s \u00ab\u00a0Ports propres\u00a0\u00bb. Ses objectifs pour Saint-Laurent-du-Var, \u00e9nonc\u00e9s par Thomas Berettoni, sont\u00a0: \u00ab\u00a0\u00a0am\u00e9liorer l\u2019attractivit\u00e9 \u00e9conomique du port,\u00a0r\u00e9nover les installations (\u2026) et d\u00e9velopper l\u2019interface ville\/port\/plage\u00a0\u00a0\u00bb.<\/p>\n<p>Photo de Une\u00a0: Capture d\u2019\u00e9cran de la retransmission du conseil m\u00e9tropolitain du 11 juillet 2025. \u00a9DR<\/p>\n","protected":false},"excerpt":{"rendered":"Le contrat de d\u00e9l\u00e9gation de service public, pour 20 ans \u00e0 partir du 1er janvier prochain, a \u00e9t\u00e9&hellip;\n","protected":false},"author":2,"featured_media":251377,"comment_status":"","ping_status":"","sticky":false,"template":"","format":"standard","meta":{"footnotes":""},"categories":[2819],"tags":[1111,11,2408,1777,674,1011,27,12,2401,882,25],"class_list":{"0":"post-251376","1":"post","2":"type-post","3":"status-publish","4":"format-standard","5":"has-post-thumbnail","7":"category-nice","8":"tag-actu","9":"tag-actualites","10":"tag-appels-d","11":"tag-eu","12":"tag-europe","13":"tag-fr","14":"tag-france","15":"tag-news","16":"tag-nice","17":"tag-provence-alpes-cote-dazur","18":"tag-republique-francaise"},"share_on_mastodon":{"url":"https:\/\/pubeurope.com\/@fr\/114863100638304479","error":""},"_links":{"self":[{"href":"https:\/\/www.europesays.com\/fr\/wp-json\/wp\/v2\/posts\/251376","targetHints":{"allow":["GET"]}}],"collection":[{"href":"https:\/\/www.europesays.com\/fr\/wp-json\/wp\/v2\/posts"}],"about":[{"href":"https:\/\/www.europesays.com\/fr\/wp-json\/wp\/v2\/types\/post"}],"author":[{"embeddable":true,"href":"https:\/\/www.europesays.com\/fr\/wp-json\/wp\/v2\/users\/2"}],"replies":[{"embeddable":true,"href":"https:\/\/www.europesays.com\/fr\/wp-json\/wp\/v2\/comments?post=251376"}],"version-history":[{"count":0,"href":"https:\/\/www.europesays.com\/fr\/wp-json\/wp\/v2\/posts\/251376\/revisions"}],"wp:featuredmedia":[{"embeddable":true,"href":"https:\/\/www.europesays.com\/fr\/wp-json\/wp\/v2\/media\/251377"}],"wp:attachment":[{"href":"https:\/\/www.europesays.com\/fr\/wp-json\/wp\/v2\/media?parent=251376"}],"wp:term":[{"taxonomy":"category","embeddable":true,"href":"https:\/\/www.europesays.com\/fr\/wp-json\/wp\/v2\/categories?post=251376"},{"taxonomy":"post_tag","embeddable":true,"href":"https:\/\/www.europesays.com\/fr\/wp-json\/wp\/v2\/tags?post=251376"}],"curies":[{"name":"wp","href":"https:\/\/api.w.org\/{rel}","templated":true}]}}