{"id":251379,"date":"2025-07-16T13:17:20","date_gmt":"2025-07-16T13:17:20","guid":{"rendered":"https:\/\/www.europesays.com\/fr\/251379\/"},"modified":"2025-07-16T13:17:20","modified_gmt":"2025-07-16T13:17:20","slug":"un-nouveau-transport-en-commun-pour-rejoindre-le-bac-de-loire","status":"publish","type":"post","link":"https:\/\/www.europesays.com\/fr\/251379\/","title":{"rendered":"un nouveau transport en commun pour rejoindre le bac de Loire"},"content":{"rendered":"<p>            Par<br \/>\n        <strong><br \/>\n            <a href=\"https:\/\/actu.fr\/auteur\/marion-vallee\" title=\"Consulter tous les articles de Marion Vall\u00e9e\" rel=\"nofollow noopener\" target=\"_blank\">Marion Vall\u00e9e<\/a><br \/>\n        <\/strong><\/p>\n<p>        Publi\u00e9 le<\/p>\n<p>            16 juil. 2025 \u00e0 10h35        <\/p>\n<p>Un nouveau transport en commun <b><a href=\"https:\/\/metropole.nantes.fr\/actualites\/naolib-quelles-nouveautes-la-rentree-2025\" rel=\"nofollow noopener\" target=\"_blank\">Naolib<\/a> <\/b>va \u00eatre mis en place matin et soir entre<b> La Montagne (Loire-Atlantique) <\/b>et le <b>bac de Loire d\u2019Indret<\/b> \u00e0 partir de septembre 2025.<\/p>\n<p>9 places<\/p>\n<p class=\" wall-content\"><b>D\u00e9nomm\u00e9e Tempo 2,<\/b> ce minibus de <b>9 places<\/b> va \u00eatre exp\u00e9riment\u00e9e <b>pendant deux ans <\/b>pour am\u00e9liorer les d\u00e9placements entre le bac d\u2019Indret, le site de <b>Naval Group<\/b> et le c<b>entre-ville de La Montagne (arr\u00eat Ch\u00e2teau d\u2019Aux)<\/b>.<\/p>\n<p>Toutes les 15 minutes<\/p>\n<p class=\" wall-content\">Elle desservira 8 arr\u00eates et fonctionnera du lundi au vendredi en heures de pointe du matin (7h \u00e0 9h) et du soir (16h30 \u00e0 18h30), avec des d\u00e9parts <b>toutes les 15 minutes.<\/b><\/p>\n<p>2000 salari\u00e9s de Naval Group<\/p>\n<p class=\" wall-content\">\u00ab\u00a0Cette liaison permettra aux presque 2 000 salari\u00e9s de l\u2019entreprise Naval Group de se rendre \u00e0 leur travail en bus et constituera une nouvelle continuit\u00e9 en transport en commun entre le Nord et Le Sud de la Loire\u00a0\u00bb, souligne la municipalit\u00e9 <a href=\"https:\/\/www.ville-lamontagne.fr\/systeme\/documentheque\/?systemeParams=documents&amp;category=108\" rel=\"nofollow noopener\" target=\"_blank\"><b>dans son journal du mois de juillet. <\/b><\/a><\/p>\n<p class=\" wall-content\">En effet, les lignes montagnardes E8, 78 et 88 seront connect\u00e9es aux lignes 50 et 81 et donc \u00e0 <b>Indre, Saint-Herblain, Chantenay<\/b> et<b> Orvault.<\/b><\/p>\n<p class=\" wall-content\">Suivez toute l\u2019actualit\u00e9 de vos villes et m\u00e9dias favoris en vous inscrivant \u00e0 <a href=\"https:\/\/moncompte.actu.fr\" title=\"D\u00e9couvez Mon Actu\" rel=\"nofollow noopener\" data-trk=\"{&quot;cta&quot;:{&quot;action&quot;:&quot;https:\\\/\\\/moncompte.actu.fr&quot;,&quot;category&quot;:&quot;mon compte&quot;,&quot;from&quot;:&quot;article footer&quot;,&quot;name&quot;:&quot;Mon actu&quot;,&quot;type&quot;:&quot;cta&quot;}}\" target=\"_blank\">Mon Actu<\/a>.<\/p>\n","protected":false},"excerpt":{"rendered":"Par Marion Vall\u00e9e Publi\u00e9 le 16 juil. 2025 \u00e0 10h35 Un nouveau transport en commun Naolib va \u00eatre&hellip;\n","protected":false},"author":2,"featured_media":251380,"comment_status":"","ping_status":"","sticky":false,"template":"","format":"standard","meta":{"footnotes":""},"categories":[2818],"tags":[1111,11,1777,674,1011,27,766,12,2636,25,104,2803],"class_list":{"0":"post-251379","1":"post","2":"type-post","3":"status-publish","4":"format-standard","5":"has-post-thumbnail","7":"category-nantes","8":"tag-actu","9":"tag-actualites","10":"tag-eu","11":"tag-europe","12":"tag-fr","13":"tag-france","14":"tag-nantes","15":"tag-news","16":"tag-pays-de-la-loire","17":"tag-republique-francaise","18":"tag-societe","19":"tag-transport"},"share_on_mastodon":{"url":"https:\/\/pubeurope.com\/@fr\/114863108619032928","error":""},"_links":{"self":[{"href":"https:\/\/www.europesays.com\/fr\/wp-json\/wp\/v2\/posts\/251379","targetHints":{"allow":["GET"]}}],"collection":[{"href":"https:\/\/www.europesays.com\/fr\/wp-json\/wp\/v2\/posts"}],"about":[{"href":"https:\/\/www.europesays.com\/fr\/wp-json\/wp\/v2\/types\/post"}],"author":[{"embeddable":true,"href":"https:\/\/www.europesays.com\/fr\/wp-json\/wp\/v2\/users\/2"}],"replies":[{"embeddable":true,"href":"https:\/\/www.europesays.com\/fr\/wp-json\/wp\/v2\/comments?post=251379"}],"version-history":[{"count":0,"href":"https:\/\/www.europesays.com\/fr\/wp-json\/wp\/v2\/posts\/251379\/revisions"}],"wp:featuredmedia":[{"embeddable":true,"href":"https:\/\/www.europesays.com\/fr\/wp-json\/wp\/v2\/media\/251380"}],"wp:attachment":[{"href":"https:\/\/www.europesays.com\/fr\/wp-json\/wp\/v2\/media?parent=251379"}],"wp:term":[{"taxonomy":"category","embeddable":true,"href":"https:\/\/www.europesays.com\/fr\/wp-json\/wp\/v2\/categories?post=251379"},{"taxonomy":"post_tag","embeddable":true,"href":"https:\/\/www.europesays.com\/fr\/wp-json\/wp\/v2\/tags?post=251379"}],"curies":[{"name":"wp","href":"https:\/\/api.w.org\/{rel}","templated":true}]}}