{"id":25138,"date":"2025-04-14T20:33:31","date_gmt":"2025-04-14T20:33:31","guid":{"rendered":"https:\/\/www.europesays.com\/fr\/25138\/"},"modified":"2025-04-14T20:33:31","modified_gmt":"2025-04-14T20:33:31","slug":"le-prince-harry-prive-de-protection-au-royaume-uni-un-ancien-de-scotland-yard-sen-mele-et-letrille","status":"publish","type":"post","link":"https:\/\/www.europesays.com\/fr\/25138\/","title":{"rendered":"Le prince Harry priv\u00e9 de protection au Royaume-Uni : un ancien de Scotland Yard s&rsquo;en m\u00eale et l&rsquo;\u00e9trille !"},"content":{"rendered":"<p>D\u00e9sormais install\u00e9 en Californie depuis le Megxit, le prince Harry souhaite plus que jamais r\u00e9tablir sa protection polici\u00e8re lorsqu&rsquo;il se rend en Outre-Manche&#8230; Une situation qui ulc\u00e8re un ex-membre de Scotland Yard comme l&rsquo;a rapport\u00e9 le Mail Online ce 13 avril.<\/p>\n<p>Le <a href=\"https:\/\/www.voici.fr\/bios-people\/harry-d-angleterre\" target=\"_blank\" rel=\"noopener\">prince Harry<\/a> n&rsquo;a pas dit son dernier mot ! Bien qu&rsquo;avec <a href=\"https:\/\/www.voici.fr\/bios-people\/meghan-markle#:~:text=Meghan%20Markle%20voit%20le%20jour,la%20s%C3%A9rie%20Mari%C3%A9s%2C%20deux%20enfants.\" target=\"_blank\" rel=\"noopener\">Meghan Markle<\/a>, le papa <a href=\"https:\/\/www.voici.fr\/\/news-people\/meghan-markle-devoile-des-images-inedites-de-ses-enfants-archie-et-lilibet-ils-ont-bien-grandi-800248\" target=\"_blank\" rel=\"noopener\">d&rsquo;Archie et Lilibet<\/a> ait pris <a href=\"https:\/\/www.voici.fr\/\/news-people\/harry-et-meghan-le-megxit-prepare-depuis-des-annees-revelations-sur-les-vraies-intentions-du-couple-732302\" target=\"_blank\" rel=\"noopener\">ses distances avec l&rsquo;ensemble de la couronne britannique<\/a>, il est d\u00e9termin\u00e9 \u00e0 r\u00e9tablir sa protection polici\u00e8re anglaise. Pour rappel, <strong>cette derni\u00e8re &#8211; qui lui a \u00e9t\u00e9 retir\u00e9e en 2020<\/strong> &#8211; est financ\u00e9e par le contribuable britannique en plus d&rsquo;\u00eatre r\u00e9serv\u00e9e aux membres actifs de la Firme. A noter que l&rsquo;an dernier, le <a href=\"https:\/\/www.voici.fr\/\/news-people\/prince-william-il-evoque-pour-la-premiere-fois-son-frere-harry-dans-un-nouveau-documentaire-792701\" target=\"_blank\" rel=\"noopener\">fr\u00e8re du prince William<\/a> a fait appel de la d\u00e9cision du tribunal <strong>pour la r\u00e9tablir lorsqu&rsquo;il revient sur ses terres avec sa famille. <\/strong><\/p>\n<p>Deux jours d&rsquo;audience \u00e9tant pr\u00e9vus, le <a href=\"https:\/\/www.voici.fr\/\/news-people\/prince-harry-pourquoi-na-pas-salue-son-pere-le-roi-charles-iii-lors-de-sa-venue-a-londres-802155\" target=\"_blank\" rel=\"noopener\">fils cadet du roi Charles<\/a> a sign\u00e9 son grand retour en Angleterre le 8 avril dernier. Voulant obtenir gain de cause, le prince Harry a donc<strong> intent\u00e9 une nouvelle action en justice contre le minist\u00e8re de l\u2019Int\u00e9rieur.<\/strong> Selon ses dires, il serait en danger qu&rsquo;il se rend au Royaume-Uni avec son \u00e9pouse Meghan Markle et leur prog\u00e9niture. A ce jour, les Sussex ne disposerait que <strong>d\u2019une simple protection priv\u00e9e en Outre-Atlantique. <\/strong><\/p>\n<p>                                                                        Le prince Harry parano ou l\u00e9gitimement inquiet ? Les langues se d\u00e9lient !<\/p>\n<p>En pleine tourmente, le prince Harry assure \u00e0 qui veut l&rsquo;entendre que son \u00e9quipe de s\u00e9curit\u00e9 am\u00e9ricaine n&rsquo;aurait pas acc\u00e8s aux renseignements n\u00e9cessaires pour <strong>assurer correctement la s\u00e9curit\u00e9 de son clan sur le territoire britannique. <\/strong>A ses yeux, il s&rsquo;agirait \u00e9galement d&rsquo;un <strong>complot pour qu&rsquo;il r\u00e9int\u00e8gre bien malgr\u00e9 lui la famille royale. <\/strong>Une version totalement r\u00e9fut\u00e9e par Dai Davies, l&rsquo;ancien responsable de la protection royale de Scotland Yard dans les colonnes du <a href=\"https:\/\/www.dailymail.co.uk\/news\/article-14603237\/Former-Scotland-Yard-chief-brands-Prince-Harrys-claim-police-protection-withdrawn-Meghan-UK-complete-nonsense.html\" target=\"_blank\" rel=\"noopener\">Mail Online<\/a> ce dimanche 13 avril 2025.<\/p>\n<p>A en croire ses r\u00e9v\u00e9lations, le prince Harry ne raconterait que \u00ab\u00a0des b\u00eatises\u00a0\u00bb puisqu&rsquo;il b\u00e9n\u00e9ficierait bel et bien d&rsquo;un avantage qui n&rsquo;est pas des moindres. \u00ab\u00a0On lui attribue <strong>un agent de liaison qui a acc\u00e8s aux rapports de renseignement les plus r\u00e9cents.<\/strong> Cette personne \u00e9change avec les propres agents de s\u00e9curit\u00e9 de Harry, qui sont extr\u00eamement comp\u00e9tents\u00a0\u00bb, a assur\u00e9 Dai Davies. \u00ab\u00a0L\u2019id\u00e9e qu\u2019il ait besoin d\u2019une protection arm\u00e9e 24 heures sur 24 et 7 jours sur 7 est ridicule, tout comme <strong>l\u2019id\u00e9e que la Grande-Bretagne ne soit pas s\u00fbre pour lui.<\/strong><strong>\u00ab\u00a0<\/strong> Ambiance&#8230;<\/p>\n","protected":false},"excerpt":{"rendered":"D\u00e9sormais install\u00e9 en Californie depuis le Megxit, le prince Harry souhaite plus que jamais r\u00e9tablir sa protection polici\u00e8re&hellip;\n","protected":false},"author":2,"featured_media":25139,"comment_status":"","ping_status":"","sticky":false,"template":"","format":"standard","meta":{"footnotes":""},"categories":[1588],"tags":[11,4708,1777,674,9048,545,5860,9047,908,12,473,1853,7691,1851,1850,1852],"class_list":{"0":"post-25138","1":"post","2":"type-post","3":"status-publish","4":"format-standard","5":"has-post-thumbnail","7":"category-royaume-uni","8":"tag-actualites","9":"tag-angleterre","10":"tag-eu","11":"tag-europe","12":"tag-famille-royale","13":"tag-famille-royale-britannique","14":"tag-famille-royale-dangleterre","15":"tag-harry-dangleterre","16":"tag-meghan-markle","17":"tag-news","18":"tag-royaume-uni","19":"tag-royaume-uni-de-grande-bretagne-et-dirlande-du-nord","20":"tag-su00e9curitu00e9","21":"tag-uk","22":"tag-united-kingdom","23":"tag-united-kingdom-of-great-britain-and-northern-ireland"},"share_on_mastodon":{"url":"https:\/\/pubeurope.com\/@fr\/114338228129875459","error":""},"_links":{"self":[{"href":"https:\/\/www.europesays.com\/fr\/wp-json\/wp\/v2\/posts\/25138","targetHints":{"allow":["GET"]}}],"collection":[{"href":"https:\/\/www.europesays.com\/fr\/wp-json\/wp\/v2\/posts"}],"about":[{"href":"https:\/\/www.europesays.com\/fr\/wp-json\/wp\/v2\/types\/post"}],"author":[{"embeddable":true,"href":"https:\/\/www.europesays.com\/fr\/wp-json\/wp\/v2\/users\/2"}],"replies":[{"embeddable":true,"href":"https:\/\/www.europesays.com\/fr\/wp-json\/wp\/v2\/comments?post=25138"}],"version-history":[{"count":0,"href":"https:\/\/www.europesays.com\/fr\/wp-json\/wp\/v2\/posts\/25138\/revisions"}],"wp:featuredmedia":[{"embeddable":true,"href":"https:\/\/www.europesays.com\/fr\/wp-json\/wp\/v2\/media\/25139"}],"wp:attachment":[{"href":"https:\/\/www.europesays.com\/fr\/wp-json\/wp\/v2\/media?parent=25138"}],"wp:term":[{"taxonomy":"category","embeddable":true,"href":"https:\/\/www.europesays.com\/fr\/wp-json\/wp\/v2\/categories?post=25138"},{"taxonomy":"post_tag","embeddable":true,"href":"https:\/\/www.europesays.com\/fr\/wp-json\/wp\/v2\/tags?post=25138"}],"curies":[{"name":"wp","href":"https:\/\/api.w.org\/{rel}","templated":true}]}}