{"id":251387,"date":"2025-07-16T13:21:09","date_gmt":"2025-07-16T13:21:09","guid":{"rendered":"https:\/\/www.europesays.com\/fr\/251387\/"},"modified":"2025-07-16T13:21:09","modified_gmt":"2025-07-16T13:21:09","slug":"un-homme-repeche-dans-la-garonne-par-les-pompiers-juste-apres-le-depart-du-tour-de-france-a-toulouse","status":"publish","type":"post","link":"https:\/\/www.europesays.com\/fr\/251387\/","title":{"rendered":"Un homme rep\u00each\u00e9 dans la Garonne par les pompiers juste apr\u00e8s le d\u00e9part du Tour de France \u00e0 Toulouse"},"content":{"rendered":"<p>            Par<br \/>\n        <strong><br \/>\n            <a href=\"https:\/\/actu.fr\/auteur\/anaelle-montagne\" title=\"Consulter tous les articles de Anaelle Montagne\" rel=\"nofollow noopener\" target=\"_blank\">Anaelle Montagne<\/a><br \/>\n        <\/strong><\/p>\n<p>        Publi\u00e9 le<\/p>\n<p>            16 juil. 2025 \u00e0 14h59        <\/p>\n<p>Un homme a \u00e9t\u00e9 rep\u00each\u00e9 dans la Garonne au niveau du pont du Garigliano, pr\u00e8s du Stadium de Toulouse, juste apr\u00e8s le d\u00e9part fictif des coureurs du <a href=\"https:\/\/actu.fr\/occitanie\/toulouse_31555\/en-direct-coulisses-ambiance-course-suivez-la-11e-etape-du-tour-de-france-autour-de-toulouse_62914003.html\" rel=\"nofollow noopener\" target=\"_blank\">Tour de France<\/a>.<\/p>\n<p class=\" wall-content\">Il \u00e9tait environ 13h40 ce mercredi 16 juillet 2025, quand les pompiers, alert\u00e9s par des t\u00e9moins, <strong>ont ramen\u00e9 son corps inanim\u00e9 sur les berges de la Garonne<\/strong>.<\/p>\n<p>    <a href=\"https:\/\/www.google.com\/maps\/embed?pb=!1m18!1m12!1m3!1d5780.284093755622!2d1.4345565631245967!3d43.5827575224906!2m3!1f0!2f0!3f0!3m2!1i1024!2i768!4f13.1!3m3!1m2!1s0x12aebb8418878631%3A0x21526db8b29922c5!2sPont%20du%20Garigliano%2C%2031400%20Toulouse!5e0!3m2!1sen!2sfr!4v1752668183474!5m2!1sen!2sfr\" title=\"Ouvrie le lien\" rel=\"nofollow noopener\" target=\"_blank\">Cliquez ici pour visualiser le contenu<\/a><\/p>\n<p>Massage cardiaque<\/p>\n<p class=\" wall-content\">La victime est un homme, \u00e2g\u00e9 d\u2019environ 70 ans. Apr\u00e8s l\u2019avoir sorti de l\u2019eau, les secours ont proc\u00e9d\u00e9 \u00e0 un massage cardiaque. \u00a0<\/p>\n<p class=\" wall-content\">Plus d\u2019informations \u00e0 venir<\/p>\n<p class=\" wall-content\">Suivez toute l\u2019actualit\u00e9 de vos villes et m\u00e9dias favoris en vous inscrivant \u00e0 <a href=\"https:\/\/moncompte.actu.fr\" title=\"D\u00e9couvez Mon Actu\" rel=\"nofollow noopener\" data-trk=\"{&quot;cta&quot;:{&quot;action&quot;:&quot;https:\\\/\\\/moncompte.actu.fr&quot;,&quot;category&quot;:&quot;mon compte&quot;,&quot;from&quot;:&quot;article footer&quot;,&quot;name&quot;:&quot;Mon actu&quot;,&quot;type&quot;:&quot;cta&quot;}}\" target=\"_blank\">Mon Actu<\/a>.<\/p>\n","protected":false},"excerpt":{"rendered":"Par Anaelle Montagne Publi\u00e9 le 16 juil. 2025 \u00e0 14h59 Un homme a \u00e9t\u00e9 rep\u00each\u00e9 dans la Garonne&hellip;\n","protected":false},"author":2,"featured_media":251388,"comment_status":"","ping_status":"","sticky":false,"template":"","format":"standard","meta":{"footnotes":""},"categories":[2816],"tags":[1111,11,1777,674,118,1011,27,12,2680,1311,25,2312],"class_list":{"0":"post-251387","1":"post","2":"type-post","3":"status-publish","4":"format-standard","5":"has-post-thumbnail","7":"category-toulouse","8":"tag-actu","9":"tag-actualites","10":"tag-eu","11":"tag-europe","12":"tag-faits-divers","13":"tag-fr","14":"tag-france","15":"tag-news","16":"tag-occitanie","17":"tag-pompiers","18":"tag-republique-francaise","19":"tag-toulouse"},"share_on_mastodon":{"url":"https:\/\/pubeurope.com\/@fr\/114863124176109163","error":""},"_links":{"self":[{"href":"https:\/\/www.europesays.com\/fr\/wp-json\/wp\/v2\/posts\/251387","targetHints":{"allow":["GET"]}}],"collection":[{"href":"https:\/\/www.europesays.com\/fr\/wp-json\/wp\/v2\/posts"}],"about":[{"href":"https:\/\/www.europesays.com\/fr\/wp-json\/wp\/v2\/types\/post"}],"author":[{"embeddable":true,"href":"https:\/\/www.europesays.com\/fr\/wp-json\/wp\/v2\/users\/2"}],"replies":[{"embeddable":true,"href":"https:\/\/www.europesays.com\/fr\/wp-json\/wp\/v2\/comments?post=251387"}],"version-history":[{"count":0,"href":"https:\/\/www.europesays.com\/fr\/wp-json\/wp\/v2\/posts\/251387\/revisions"}],"wp:featuredmedia":[{"embeddable":true,"href":"https:\/\/www.europesays.com\/fr\/wp-json\/wp\/v2\/media\/251388"}],"wp:attachment":[{"href":"https:\/\/www.europesays.com\/fr\/wp-json\/wp\/v2\/media?parent=251387"}],"wp:term":[{"taxonomy":"category","embeddable":true,"href":"https:\/\/www.europesays.com\/fr\/wp-json\/wp\/v2\/categories?post=251387"},{"taxonomy":"post_tag","embeddable":true,"href":"https:\/\/www.europesays.com\/fr\/wp-json\/wp\/v2\/tags?post=251387"}],"curies":[{"name":"wp","href":"https:\/\/api.w.org\/{rel}","templated":true}]}}