{"id":251393,"date":"2025-07-16T13:25:11","date_gmt":"2025-07-16T13:25:11","guid":{"rendered":"https:\/\/www.europesays.com\/fr\/251393\/"},"modified":"2025-07-16T13:25:11","modified_gmt":"2025-07-16T13:25:11","slug":"le-raid-maitrise-un-forcene-qui-menacait-dincendier-sa-residence-a-allauch","status":"publish","type":"post","link":"https:\/\/www.europesays.com\/fr\/251393\/","title":{"rendered":"Le Raid ma\u00eetrise un forcen\u00e9 qui mena\u00e7ait d&rsquo;incendier sa r\u00e9sidence \u00e0 Allauch"},"content":{"rendered":"<p>Il aura fallu plus de deux heures de n\u00e9gociation et finalement <a href=\"https:\/\/www.laprovence.com\/article\/faits-divers-justice\/284808502471514\/coups-de-feu-a-aix-intervention-du-raid-le-suspect-retrouve-inconscient-chez-lui-a-luynes\" target=\"_blank\" rel=\"noopener\">l&rsquo;intervention des policiers du Raid<\/a> pour mettre fin \u00e0 la menace, ce matin du mardi 15 juillet 2025, sur la commune d&rsquo;Allauch. L&rsquo;alerte a \u00e9t\u00e9 donn\u00e9e en d\u00e9but de matin\u00e9e, vers 7h30, lorsqu&rsquo;un homme s&rsquo;est retranch\u00e9 \u00e0 son domicile, dans un immeuble du chemin de Marius-Milon, non loin de l&rsquo;h\u00f4pital d&rsquo;Allauch.<\/p>\n<p>Cet homme de 39 ans, manifestement alcoolis\u00e9, se trouvait seul \u00e0 son domicile, o\u00f9, dans un \u00e9tat second et vraisemblablement \u00e0 la suite d&rsquo;un diff\u00e9rend conjugal, il paraissait bien d\u00e9cid\u00e9 \u00e0 mettre fin \u00e0 ses jours en s&rsquo;immolant par le feu.<\/p>\n<p>Barricad\u00e9 derri\u00e8re des meubles<\/p>\n<p>Devant le risque pour la s\u00e9curit\u00e9 du voisinage de la r\u00e9sidence, les lieux ont \u00e9t\u00e9 \u00e9vacu\u00e9s et un p\u00e9rim\u00e8tre de s\u00e9curit\u00e9 \u00e9tabli, tandis qu&rsquo;un contact \u00e9tait \u00e9tabli avec le trentenaire par les premiers policiers sur place. Mais l&rsquo;homme \u00e9tait maintenant retranch\u00e9, barricad\u00e9 dans son logement o\u00f9 il avait d\u00e9j\u00e0 dispos\u00e9 des immeubles derri\u00e8re les portes et asperg\u00e9 le tout d&rsquo;un liquide inflammable, en mena\u00e7ant d&rsquo;y mettre le feu en cas d&rsquo;intervention.\u00a0<\/p>\n<p>Une \u00e9quipe d&rsquo;op\u00e9rateurs du Raid a alors \u00e9t\u00e9 envoy\u00e9e sur les lieux, ainsi que les services de d\u00e9minage.<\/p>\n<p>Apr\u00e8s deux heures trente sous tension, la colonne du Raid est intervenue et a ma\u00eetris\u00e9, relativement en douceur, le forcen\u00e9. Ce dernier n&rsquo;\u00e9tait pas muni d&rsquo;arme \u00e0 feu, mais il s&rsquo;\u00e9tait bless\u00e9 \u00e0 la main avec un tesson de bouteille.<\/p>\n<p>\u00c0 l\u2019issue de l&rsquo;intervention, le trentenaire a \u00e9t\u00e9 transport\u00e9 \u00e0 l&rsquo;h\u00f4pital.<\/p>\n","protected":false},"excerpt":{"rendered":"Il aura fallu plus de deux heures de n\u00e9gociation et finalement l&rsquo;intervention des policiers du Raid pour mettre&hellip;\n","protected":false},"author":2,"featured_media":251394,"comment_status":"","ping_status":"","sticky":false,"template":"","format":"standard","meta":{"footnotes":""},"categories":[2814],"tags":[17,1111,11,1102,39154,1777,674,274,38347,1011,27,39153,884,20053,12,882,3583,8989,25,11293],"class_list":{"0":"post-251393","1":"post","2":"type-post","3":"status-publish","4":"format-standard","5":"has-post-thumbnail","7":"category-marseille","8":"tag-17","9":"tag-actu","10":"tag-actualites","11":"tag-breakingnews","12":"tag-dincendier","13":"tag-eu","14":"tag-europe","15":"tag-faits-divers-justice","16":"tag-forcene","17":"tag-fr","18":"tag-france","19":"tag-maitrise","20":"tag-marseille","21":"tag-menacait","22":"tag-news","23":"tag-provence-alpes-cote-dazur","24":"tag-qui","25":"tag-raid","26":"tag-republique-francaise","27":"tag-residence"},"share_on_mastodon":{"url":"https:\/\/pubeurope.com\/@fr\/114863140031673370","error":""},"_links":{"self":[{"href":"https:\/\/www.europesays.com\/fr\/wp-json\/wp\/v2\/posts\/251393","targetHints":{"allow":["GET"]}}],"collection":[{"href":"https:\/\/www.europesays.com\/fr\/wp-json\/wp\/v2\/posts"}],"about":[{"href":"https:\/\/www.europesays.com\/fr\/wp-json\/wp\/v2\/types\/post"}],"author":[{"embeddable":true,"href":"https:\/\/www.europesays.com\/fr\/wp-json\/wp\/v2\/users\/2"}],"replies":[{"embeddable":true,"href":"https:\/\/www.europesays.com\/fr\/wp-json\/wp\/v2\/comments?post=251393"}],"version-history":[{"count":0,"href":"https:\/\/www.europesays.com\/fr\/wp-json\/wp\/v2\/posts\/251393\/revisions"}],"wp:featuredmedia":[{"embeddable":true,"href":"https:\/\/www.europesays.com\/fr\/wp-json\/wp\/v2\/media\/251394"}],"wp:attachment":[{"href":"https:\/\/www.europesays.com\/fr\/wp-json\/wp\/v2\/media?parent=251393"}],"wp:term":[{"taxonomy":"category","embeddable":true,"href":"https:\/\/www.europesays.com\/fr\/wp-json\/wp\/v2\/categories?post=251393"},{"taxonomy":"post_tag","embeddable":true,"href":"https:\/\/www.europesays.com\/fr\/wp-json\/wp\/v2\/tags?post=251393"}],"curies":[{"name":"wp","href":"https:\/\/api.w.org\/{rel}","templated":true}]}}