{"id":251395,"date":"2025-07-16T13:26:10","date_gmt":"2025-07-16T13:26:10","guid":{"rendered":"https:\/\/www.europesays.com\/fr\/251395\/"},"modified":"2025-07-16T13:26:10","modified_gmt":"2025-07-16T13:26:10","slug":"incendie-en-cours-derriere-la-cite-consolat-a-marseille","status":"publish","type":"post","link":"https:\/\/www.europesays.com\/fr\/251395\/","title":{"rendered":"Incendie en cours derri\u00e8re la cit\u00e9 Consolat \u00e0 Marseille"},"content":{"rendered":"<p>Alors que le d\u00e9partement des Bouches-du-Rh\u00f4ne a \u00e9t\u00e9 class\u00e9 <a href=\"https:\/\/www.laprovence.com\/article\/ecoplanete\/95738003172125\/vigilance-rouge-feux-de-forets-les-pompiers-sur-le-qui-vive-avec-un-dispositif-renforce-dans-les-bouches-du-rhone\" target=\"_blank\" rel=\"noopener\">en vigilance rouge pour un risque important de feu de for\u00eat<\/a>, des \u00e9paisses fum\u00e9es ont \u00e9t\u00e9 observ\u00e9es il y a quelques minutes derri\u00e8re la cit\u00e9 Consolat, dans le 15e arrondissement de <a href=\"https:\/\/www.laprovence.com\/bouches-du-rhone\/marseille-13055\" target=\"_blank\" rel=\"noopener\">Marseille<\/a>. Des t\u00e9moins \u00e9voquent des \u00ab\u00a0flammes impressionnantes\u00a0\u00bb dans la v\u00e9g\u00e9tation. Des moyens a\u00e9riens ont \u00e9t\u00e9 d\u00e9p\u00each\u00e9s pour tenter d\u2019\u00e9touffer le plus rapidement possible le sinistre.<\/p>\n<p><strong>Plus d\u2019informations \u00e0 venir dans quelques minutes.<\/strong><\/p>\n","protected":false},"excerpt":{"rendered":"Alors que le d\u00e9partement des Bouches-du-Rh\u00f4ne a \u00e9t\u00e9 class\u00e9 en vigilance rouge pour un risque important de feu&hellip;\n","protected":false},"author":2,"featured_media":251396,"comment_status":"","ping_status":"","sticky":false,"template":"","format":"standard","meta":{"footnotes":""},"categories":[2814],"tags":[17,1111,11,11911,39155,703,37779,1777,674,274,1011,27,1310,884,12,882,25],"class_list":{"0":"post-251395","1":"post","2":"type-post","3":"status-publish","4":"format-standard","5":"has-post-thumbnail","7":"category-marseille","8":"tag-17","9":"tag-actu","10":"tag-actualites","11":"tag-cite","12":"tag-consolat","13":"tag-cours","14":"tag-derriere","15":"tag-eu","16":"tag-europe","17":"tag-faits-divers-justice","18":"tag-fr","19":"tag-france","20":"tag-incendie","21":"tag-marseille","22":"tag-news","23":"tag-provence-alpes-cote-dazur","24":"tag-republique-francaise"},"share_on_mastodon":{"url":"https:\/\/pubeurope.com\/@fr\/114863143868042380","error":""},"_links":{"self":[{"href":"https:\/\/www.europesays.com\/fr\/wp-json\/wp\/v2\/posts\/251395","targetHints":{"allow":["GET"]}}],"collection":[{"href":"https:\/\/www.europesays.com\/fr\/wp-json\/wp\/v2\/posts"}],"about":[{"href":"https:\/\/www.europesays.com\/fr\/wp-json\/wp\/v2\/types\/post"}],"author":[{"embeddable":true,"href":"https:\/\/www.europesays.com\/fr\/wp-json\/wp\/v2\/users\/2"}],"replies":[{"embeddable":true,"href":"https:\/\/www.europesays.com\/fr\/wp-json\/wp\/v2\/comments?post=251395"}],"version-history":[{"count":0,"href":"https:\/\/www.europesays.com\/fr\/wp-json\/wp\/v2\/posts\/251395\/revisions"}],"wp:featuredmedia":[{"embeddable":true,"href":"https:\/\/www.europesays.com\/fr\/wp-json\/wp\/v2\/media\/251396"}],"wp:attachment":[{"href":"https:\/\/www.europesays.com\/fr\/wp-json\/wp\/v2\/media?parent=251395"}],"wp:term":[{"taxonomy":"category","embeddable":true,"href":"https:\/\/www.europesays.com\/fr\/wp-json\/wp\/v2\/categories?post=251395"},{"taxonomy":"post_tag","embeddable":true,"href":"https:\/\/www.europesays.com\/fr\/wp-json\/wp\/v2\/tags?post=251395"}],"curies":[{"name":"wp","href":"https:\/\/api.w.org\/{rel}","templated":true}]}}