{"id":251397,"date":"2025-07-16T13:27:23","date_gmt":"2025-07-16T13:27:23","guid":{"rendered":"https:\/\/www.europesays.com\/fr\/251397\/"},"modified":"2025-07-16T13:27:23","modified_gmt":"2025-07-16T13:27:23","slug":"la-mairie-serre-la-vis-dans-trois-arrondissements","status":"publish","type":"post","link":"https:\/\/www.europesays.com\/fr\/251397\/","title":{"rendered":"la mairie serre la vis dans trois arrondissements"},"content":{"rendered":"<p itemprop=\"description\"><strong>Fait rare \u00e0 Lyon, la majorit\u00e9 \u00e9cologiste durcit le ton.\u00a0Apr\u00e8s l&rsquo;accord de la M\u00e9tropole pour les \u00e9vacuations de deux campements sous les ponts SNCF du 7e arrondissement, la mairie de Lyon prend \u00e0 son tour un arr\u00eat\u00e9 pour limiter le camping sauvage.<\/strong><\/p>\n<p>Face \u00e0 la recrudescence du camping sauvage dans plusieurs secteurs de Lyon, la mairie a pris un arr\u00eat\u00e9 interdisant le stationnement prolong\u00e9 des v\u00e9hicules am\u00e9nag\u00e9s au-del\u00e0 de 24 heures.\u00a0<\/p>\n<p>Une mesure sign\u00e9e par l\u2019adjoint \u00e0 la s\u00e9curit\u00e9 Mohamed Chihi, en date du 8 juillet 2025.\u00a0\u00ab\u00a0Il a \u00e9t\u00e9 constat\u00e9 \u00e0 de nombreuses reprises la pratique du camping sauvage au moyen du stationnement prolong\u00e9 de camping-cars, de caravanes ou de v\u00e9hicules am\u00e9nag\u00e9s pour le s\u00e9jour\u00a0\u00bb, peut-on lire d\u00e8s les premi\u00e8res lignes de l\u2019arr\u00eat\u00e9, qui vise plusieurs secteurs du 7e, du 8e et du 9e arrondissement.<\/p>\n<p>Le p\u00e9rim\u00e8tre le plus d\u00e9taill\u00e9 concerne notamment :<\/p>\n<ul>&#13;<\/p>\n<li>Dans le 7e, les abords de la rue Lortet, de la rue de Gerland, de la rue Cr\u00e9pet et du boulevard Yves Farge.<\/li>\n<p>&#13;<\/p>\n<li>Dans le 8e, les rues Laennec, Pressens\u00e9, Mermoz et le boulevard Ambroise Par\u00e9.<\/li>\n<p>&#13;<\/p>\n<li>Dans le 9e, la rue Barth\u00e9lemy Buyer, les quais d&rsquo;Arloing entre les ponts Koenig et Clemenceau, ainsi que le secteur de la place Alfred de Vanderpol.<\/li>\n<p>&#13;\n<\/ul>\n<p>Selon l\u2019arr\u00eat\u00e9, ces installations de fortune \u00ab\u00a0g\u00e9n\u00e8rent des troubles au bon ordre, \u00e0 la tranquillit\u00e9 et \u00e0 la salubrit\u00e9 publique\u00a0\u00bb, citant notamment \u00ab\u00a0l&rsquo;abandon de d\u00e9tritus divers (papiers, protections sanitaires et hygi\u00e9niques, d\u00e9chets alimentaires) et le d\u00e9versement d&rsquo;eaux us\u00e9es sur la voie publique.\u00a0\u00bb<\/p>\n<p><img loading=\"lazy\" decoding=\"async\" style=\"display: block; margin-left: auto; margin-right: auto;\" src=\"https:\/\/www.europesays.com\/fr\/wp-content\/uploads\/2025\/07\/img-2819-2-46747.jpeg\" alt=\"\" width=\"600\" height=\"383\"\/><\/p>\n<p>Selon l&rsquo;article 1er<strong>\u00a0:\u00a0<\/strong>\u00ab\u00a0le stationnement des v\u00e9hicules \u00e9quip\u00e9s pour le s\u00e9jour, les fourgonnettes, caravanes, vans, camping-cars ou tout autre v\u00e9hicule, d\u00e8s lors qu&rsquo;ils sont utilis\u00e9s pour le s\u00e9jour ou le camping sauvage, est interdit g\u00eanant au-del\u00e0 de 24 heures sur le territoire de la Ville de Lyon.\u00a0\u00bb\u00a0\u00a0La mairie pr\u00e9cise qu&rsquo;il \u00ab\u00a0existe sur le territoire m\u00e9tropolitain plusieurs aires d&rsquo;accueil destin\u00e9es aux gens du voyage, notamment une situ\u00e9e rue de Surville dans le 7eme arrondissement et une aire de passage sise rue des Deux Amants \u00e0 Lyon 9\u00e8me.\u00a0\u00bb<\/p>\n<p>Le texte explique que l\u2019infraction \u00e0 cet arr\u00eat\u00e9 pourra faire l\u2019objet d\u2019une verbalisation, sans mentionner le montant de l\u2019amende encourue.<\/p>\n","protected":false},"excerpt":{"rendered":"Fait rare \u00e0 Lyon, la majorit\u00e9 \u00e9cologiste durcit le ton.\u00a0Apr\u00e8s l&rsquo;accord de la M\u00e9tropole pour les \u00e9vacuations de&hellip;\n","protected":false},"author":2,"featured_media":251398,"comment_status":"","ping_status":"","sticky":false,"template":"","format":"standard","meta":{"footnotes":""},"categories":[1889],"tags":[1111,11,2813,2190,2430,1109,251,1112,2811,1777,674,118,1011,27,1922,1110,1114,2428,2810,12,241,316,25,2812,517,800],"class_list":{"0":"post-251397","1":"post","2":"type-post","3":"status-publish","4":"format-standard","5":"has-post-thumbnail","7":"category-lyon","8":"tag-actu","9":"tag-actualites","10":"tag-article","11":"tag-asvel","12":"tag-auvergne-rhone-alpes","13":"tag-breves","14":"tag-culture","15":"tag-depeches","16":"tag-economique","17":"tag-eu","18":"tag-europe","19":"tag-faits-divers","20":"tag-fr","21":"tag-france","22":"tag-info","23":"tag-informations","24":"tag-infos","25":"tag-lyon","26":"tag-lyonmag","27":"tag-news","28":"tag-ol","29":"tag-politique","30":"tag-republique-francaise","31":"tag-sociale","32":"tag-sport","33":"tag-transports"},"share_on_mastodon":{"url":"https:\/\/pubeurope.com\/@fr\/114863147948392288","error":""},"_links":{"self":[{"href":"https:\/\/www.europesays.com\/fr\/wp-json\/wp\/v2\/posts\/251397","targetHints":{"allow":["GET"]}}],"collection":[{"href":"https:\/\/www.europesays.com\/fr\/wp-json\/wp\/v2\/posts"}],"about":[{"href":"https:\/\/www.europesays.com\/fr\/wp-json\/wp\/v2\/types\/post"}],"author":[{"embeddable":true,"href":"https:\/\/www.europesays.com\/fr\/wp-json\/wp\/v2\/users\/2"}],"replies":[{"embeddable":true,"href":"https:\/\/www.europesays.com\/fr\/wp-json\/wp\/v2\/comments?post=251397"}],"version-history":[{"count":0,"href":"https:\/\/www.europesays.com\/fr\/wp-json\/wp\/v2\/posts\/251397\/revisions"}],"wp:featuredmedia":[{"embeddable":true,"href":"https:\/\/www.europesays.com\/fr\/wp-json\/wp\/v2\/media\/251398"}],"wp:attachment":[{"href":"https:\/\/www.europesays.com\/fr\/wp-json\/wp\/v2\/media?parent=251397"}],"wp:term":[{"taxonomy":"category","embeddable":true,"href":"https:\/\/www.europesays.com\/fr\/wp-json\/wp\/v2\/categories?post=251397"},{"taxonomy":"post_tag","embeddable":true,"href":"https:\/\/www.europesays.com\/fr\/wp-json\/wp\/v2\/tags?post=251397"}],"curies":[{"name":"wp","href":"https:\/\/api.w.org\/{rel}","templated":true}]}}