{"id":25140,"date":"2025-04-14T20:34:11","date_gmt":"2025-04-14T20:34:11","guid":{"rendered":"https:\/\/www.europesays.com\/fr\/25140\/"},"modified":"2025-04-14T20:34:11","modified_gmt":"2025-04-14T20:34:11","slug":"ukraine-lallemagne-prete-a-livrer-des-missiles-taurus-pour-frapper-la-russie-en-profondeur-confirme-merz-14-04-2025-a-1226","status":"publish","type":"post","link":"https:\/\/www.europesays.com\/fr\/25140\/","title":{"rendered":"Ukraine : l&rsquo;Allemagne pr\u00eate \u00e0 livrer des missiles Taurus pour frapper la Russie en profondeur, confirme Merz &#8211; 14\/04\/2025 \u00e0 12:26"},"content":{"rendered":"<p> Le futur chancelier allemand a r\u00e9p\u00e9t\u00e9 sa position r\u00e9solument favorable \u00e0 l&rsquo;usage des missiles \u00e0 longue port\u00e9e sur le th\u00e9\u00e2tre russo-ukrainien. Ses d\u00e9clarations tranchent avec les r\u00e9ticences affich\u00e9es par son pr\u00e9decesseur, Olaf Scholz, qui avait toujours refus\u00e9 de telles livraisons.<\/p>\n<p>        <img fetchpriority=\"high\" decoding=\"async\" src=\"https:\/\/www.europesays.com\/fr\/wp-content\/uploads\/2025\/04\/9b7fa24999a1c6b4e241889980e1b3ff-760x507.jpg\" alt=\"(illustration) ( AFP \/ SEBASTIAN PIEKNIK )\" loading=\"eager\" width=\"760\" height=\"507\" style=\"max-width: 100%!important; height: auto;\"\/><\/p>\n<p class=\"c-image-news__legend\">(illustration) ( AFP \/ SEBASTIAN PIEKNIK )<\/p>\n<p>\n \u00ab\u00a0L&rsquo;arm\u00e9e ukrainienne doit sortir de sa position d\u00e9fensive\u00a0\u00bb. Dans le cadre d&rsquo;un entretien accord\u00e9 \u00e0 la cha\u00eene ARD diffus\u00e9 dimanche 13 avril, Friedrich Merz a clam\u00e9 son soutien \u00e0 Kiev face \u00e0 l&rsquo;agression russe,<br \/>\n <strong><br \/>\n  se disant ouvert \u00e0 une extension de l&rsquo;aide allemande au domaine sensible des missiles \u00e0 longue port\u00e9e Taurus.<br \/>\n <\/strong><br \/>\n Cet armement a \u00e9t\u00e9 r\u00e9clam\u00e9 plusieurs fois sans succ\u00e8s par l&rsquo;Ukraine aupr\u00e8s des autorit\u00e9s allemandes au cours des derni\u00e8res ann\u00e9es, les demandes de Kiev s&rsquo;\u00e9chouant sur les craintes \u00ab\u00a0d&rsquo;escalade\u00a0\u00bb du gouvernement d&rsquo;Olaf Scholz. D\u00e9sormais, le changement de t\u00eate \u00e0 la chancellerie laisse augurer un changement de doctrine en la mati\u00e8re.\n<\/p>\n<p> \u00ab\u00a0Cela doit \u00eatre coordonn\u00e9 et si c&rsquo;est coordonn\u00e9, alors l&rsquo;Allemagne devrait y participer\u00a0\u00bb<\/p>\n<p>\n Le futur chancelier Merz a ainsi ouvert la porte \u00e0 des livraisons de missiles de croisi\u00e8re Taurus, capables de frapper en profondeur, loin de la ligne de front.<br \/>\n <strong><br \/>\n  Cet armement sol-air de conception germano-su\u00e9doise dispose d&rsquo;une port\u00e9e maximum de 500 kilom\u00e8tres,<br \/>\n <\/strong><br \/>\n sup\u00e9rieure aux Scalp\/Storm Shadow franco-britanniques d\u00e9j\u00e0 utilis\u00e9s par les forces ukrainiennes.\n<\/p>\n<p>\n \u00ab\u00a0J&rsquo;ai toujours dit que je ne le ferais qu&rsquo;en accord avec les partenaires europ\u00e9ens\u00a0\u00bb, a-t-il dit en r\u00e9ponse \u00e0 une question sur le sujet.<br \/>\n <strong><br \/>\n  \u00ab\u00a0Cela doit \u00eatre coordonn\u00e9 et si c&rsquo;est coordonn\u00e9, alors l&rsquo;Allemagne devrait y participer\u00a0\u00bb,<br \/>\n <\/strong><br \/>\n a comment\u00e9 Friedrich Merz. Selon lui, \u00ab\u00a0l&rsquo;arm\u00e9e ukrainienne doit sortir de sa position d\u00e9fensive. Elle ne fait que r\u00e9agir\u00a0\u00bb.\n<\/p>\n<p>\n Le futur chancelier allemand a par ailleurs d\u00e9nonc\u00e9 dimanche le \u00ab\u00a0grave crime de guerre\u00a0\u00bb commis par la Russie \u00e0 Soumy, dans le nord-est de l&rsquo;Ukraine, o\u00f9 un bombardement a fait au moins 34 morts, la frappe la plus meurtri\u00e8re sur une zone civile depuis des mois. \u00ab\u00a0C&rsquo;est un acte perfide (&#8230;) et c&rsquo;est un crime de guerre grave, d\u00e9lib\u00e9r\u00e9 et voulu\u00a0\u00bb, a d\u00e9clar\u00e9 le chef du parti conservateur qui prendra d\u00e9but mai la t\u00eate du nouveau gouvernement allemand.\n<\/p>\n<p>\n L&rsquo;Allemagne a \u00e9t\u00e9 le deuxi\u00e8me fournisseur d&rsquo;aide militaire \u00e0 l&rsquo;Ukraine, apr\u00e8s les \u00c9tats-Unis, depuis le d\u00e9but de l&rsquo;invasion russe.<\/p>\n","protected":false},"excerpt":{"rendered":"Le futur chancelier allemand a r\u00e9p\u00e9t\u00e9 sa position r\u00e9solument favorable \u00e0 l&rsquo;usage des missiles \u00e0 longue port\u00e9e sur&hellip;\n","protected":false},"author":2,"featured_media":25141,"comment_status":"","ping_status":"","sticky":false,"template":"","format":"standard","meta":{"footnotes":""},"categories":[1587],"tags":[400,11,672,398,408,1804,405,1805,1803,1777,674,1801,403,402,399,404,12,1802,401,406,407],"class_list":{"0":"post-25140","1":"post","2":"type-post","3":"status-publish","4":"format-standard","5":"has-post-thumbnail","7":"category-allemagne","8":"tag-action-cac-40","9":"tag-actualites","10":"tag-allemagne","11":"tag-bourse-de-paris","12":"tag-boursorama","13":"tag-bundesrepublik-deutschland","14":"tag-cotations","15":"tag-de","16":"tag-deutschland","17":"tag-eu","18":"tag-europe","19":"tag-germany","20":"tag-indices-devises","21":"tag-investir","22":"tag-investissement","23":"tag-marche-boursier","24":"tag-news","25":"tag-republique-federale-dallemagne","26":"tag-sicav","27":"tag-trackers","28":"tag-warrants"},"share_on_mastodon":{"url":"https:\/\/pubeurope.com\/@fr\/114338232248541266","error":""},"_links":{"self":[{"href":"https:\/\/www.europesays.com\/fr\/wp-json\/wp\/v2\/posts\/25140","targetHints":{"allow":["GET"]}}],"collection":[{"href":"https:\/\/www.europesays.com\/fr\/wp-json\/wp\/v2\/posts"}],"about":[{"href":"https:\/\/www.europesays.com\/fr\/wp-json\/wp\/v2\/types\/post"}],"author":[{"embeddable":true,"href":"https:\/\/www.europesays.com\/fr\/wp-json\/wp\/v2\/users\/2"}],"replies":[{"embeddable":true,"href":"https:\/\/www.europesays.com\/fr\/wp-json\/wp\/v2\/comments?post=25140"}],"version-history":[{"count":0,"href":"https:\/\/www.europesays.com\/fr\/wp-json\/wp\/v2\/posts\/25140\/revisions"}],"wp:featuredmedia":[{"embeddable":true,"href":"https:\/\/www.europesays.com\/fr\/wp-json\/wp\/v2\/media\/25141"}],"wp:attachment":[{"href":"https:\/\/www.europesays.com\/fr\/wp-json\/wp\/v2\/media?parent=25140"}],"wp:term":[{"taxonomy":"category","embeddable":true,"href":"https:\/\/www.europesays.com\/fr\/wp-json\/wp\/v2\/categories?post=25140"},{"taxonomy":"post_tag","embeddable":true,"href":"https:\/\/www.europesays.com\/fr\/wp-json\/wp\/v2\/tags?post=25140"}],"curies":[{"name":"wp","href":"https:\/\/api.w.org\/{rel}","templated":true}]}}