{"id":251401,"date":"2025-07-16T13:29:12","date_gmt":"2025-07-16T13:29:12","guid":{"rendered":"https:\/\/www.europesays.com\/fr\/251401\/"},"modified":"2025-07-16T13:29:12","modified_gmt":"2025-07-16T13:29:12","slug":"apres-le-soleil-le-vent-et-la-pluie-font-leur-retour-a-paris-et-en-ile-de-france","status":"publish","type":"post","link":"https:\/\/www.europesays.com\/fr\/251401\/","title":{"rendered":"apr\u00e8s le soleil, le vent et la pluie font leur retour \u00e0 Paris et en \u00cele-de-France"},"content":{"rendered":"<p>            Par<br \/>\n        <strong><br \/>\n            <a href=\"https:\/\/actu.fr\/auteur\/redaction-paris\" title=\"Consulter tous les articles de R\u00e9daction Paris\" target=\"_blank\" rel=\"noopener\">R\u00e9daction Paris<\/a><br \/>\n        <\/strong><\/p>\n<p>        Publi\u00e9 le<\/p>\n<p>            15 juil. 2025 \u00e0 11h46        <\/p>\n<p>La reprise est compliqu\u00e9e apr\u00e8s un week-end prolong\u00e9 sous le soleil. <strong>Apr\u00e8s le soleil, la grisaille<\/strong> est attendue mercredi 16\u00a0juillet 2025.\u00a0Selon les pr\u00e9visions de la <a href=\"https:\/\/www.lachainemeteo.com\/meteo-france\/ville-33\/previsions-meteo-paris-demain\" target=\"_blank\" rel=\"noopener\">Cha\u00eene M\u00e9t\u00e9o<\/a>, les temp\u00e9ratures de ce mardi devraient osciller entre 19 et 25 degr\u00e9s dans l\u2019apr\u00e8s-midi.<\/p>\n<p>Un vent d\u2019ouest plus frais<\/p>\n<p class=\" wall-content\">Elles devraient tomber durant la nuit pour atteindre 22 degr\u00e9s maximum d\u2019apr\u00e8s <a href=\"https:\/\/meteofrance.com\/previsions-meteo-france\/ile-de-france\/3\" target=\"_blank\" rel=\"noopener\">M\u00e9t\u00e9o France<\/a>. <a href=\"https:\/\/actu.fr\/meteo\/risque-d-orages-fortes-pluies-temperatures-en-chute-libre-une-meteo-d-automne-a-paris-et-en-ile-de-france_62874931.html\" target=\"_blank\" rel=\"noopener\">Un peu en dessous des normales de saison<\/a>. C\u2019est <strong>une perturbation arriv\u00e9e de l\u2019ouest<\/strong> et se d\u00e9pla\u00e7ant vers l\u2019est \u00e0 une vitesse d\u2019environ 20 km\/h qui va chambouler le ciel francilien, passant du bleu au gris. Notamment au nord de la r\u00e9gion. <strong>Paris devrait rester au sec <\/strong>mais la Seine-Saint-Denis et le Val-de-Marne sont susceptibles d\u2019\u00eatre touch\u00e9s par la pluie.\u00a0<\/p>\n<p class=\" wall-content\">\n<p class=\" wall-content\">La journ\u00e9e de <strong>mercredi ne devrait \u00eatre qu\u2019une parenth\u00e8se<\/strong> avant le retour du soleil. Quelques nuages persisteront tout de m\u00eame mais les temp\u00e9ratures remonteront \u00e0 25 degr\u00e9s.<\/p>\n<p class=\" wall-content\">Suivez toute l\u2019actualit\u00e9 de vos villes et m\u00e9dias favoris en vous inscrivant \u00e0 <a href=\"https:\/\/moncompte.actu.fr\" title=\"D\u00e9couvez Mon Actu\" rel=\"nofollow noopener\" data-trk=\"{&quot;cta&quot;:{&quot;action&quot;:&quot;https:\\\/\\\/moncompte.actu.fr&quot;,&quot;category&quot;:&quot;mon compte&quot;,&quot;from&quot;:&quot;article footer&quot;,&quot;name&quot;:&quot;Mon actu&quot;,&quot;type&quot;:&quot;cta&quot;}}\" target=\"_blank\">Mon Actu<\/a>.<\/p>\n","protected":false},"excerpt":{"rendered":"Par R\u00e9daction Paris Publi\u00e9 le 15 juil. 2025 \u00e0 11h46 La reprise est compliqu\u00e9e apr\u00e8s un week-end prolong\u00e9&hellip;\n","protected":false},"author":2,"featured_media":251402,"comment_status":"","ping_status":"","sticky":false,"template":"","format":"standard","meta":{"footnotes":""},"categories":[1592],"tags":[1111,11,1777,674,1011,27,662,2357,12,626,4459,25,104],"class_list":{"0":"post-251401","1":"post","2":"type-post","3":"status-publish","4":"format-standard","5":"has-post-thumbnail","7":"category-ile-de-france","8":"tag-actu","9":"tag-actualites","10":"tag-eu","11":"tag-europe","12":"tag-fr","13":"tag-france","14":"tag-ile-de-france","15":"tag-meteo-france","16":"tag-news","17":"tag-paris","18":"tag-pluie","19":"tag-republique-francaise","20":"tag-societe"},"share_on_mastodon":{"url":"https:\/\/pubeurope.com\/@fr\/114863155930575909","error":""},"_links":{"self":[{"href":"https:\/\/www.europesays.com\/fr\/wp-json\/wp\/v2\/posts\/251401","targetHints":{"allow":["GET"]}}],"collection":[{"href":"https:\/\/www.europesays.com\/fr\/wp-json\/wp\/v2\/posts"}],"about":[{"href":"https:\/\/www.europesays.com\/fr\/wp-json\/wp\/v2\/types\/post"}],"author":[{"embeddable":true,"href":"https:\/\/www.europesays.com\/fr\/wp-json\/wp\/v2\/users\/2"}],"replies":[{"embeddable":true,"href":"https:\/\/www.europesays.com\/fr\/wp-json\/wp\/v2\/comments?post=251401"}],"version-history":[{"count":0,"href":"https:\/\/www.europesays.com\/fr\/wp-json\/wp\/v2\/posts\/251401\/revisions"}],"wp:featuredmedia":[{"embeddable":true,"href":"https:\/\/www.europesays.com\/fr\/wp-json\/wp\/v2\/media\/251402"}],"wp:attachment":[{"href":"https:\/\/www.europesays.com\/fr\/wp-json\/wp\/v2\/media?parent=251401"}],"wp:term":[{"taxonomy":"category","embeddable":true,"href":"https:\/\/www.europesays.com\/fr\/wp-json\/wp\/v2\/categories?post=251401"},{"taxonomy":"post_tag","embeddable":true,"href":"https:\/\/www.europesays.com\/fr\/wp-json\/wp\/v2\/tags?post=251401"}],"curies":[{"name":"wp","href":"https:\/\/api.w.org\/{rel}","templated":true}]}}