{"id":251403,"date":"2025-07-16T13:30:26","date_gmt":"2025-07-16T13:30:26","guid":{"rendered":"https:\/\/www.europesays.com\/fr\/251403\/"},"modified":"2025-07-16T13:30:26","modified_gmt":"2025-07-16T13:30:26","slug":"un-vendredi-tres-chaud-suivi-dun-changement-radical-de-temps-a-paris-et-en-ile-de-france-alerte-aux-orages","status":"publish","type":"post","link":"https:\/\/www.europesays.com\/fr\/251403\/","title":{"rendered":"Un vendredi tr\u00e8s chaud, suivi d\u2019un changement radical de temps \u00e0 Paris et en \u00cele-de-France : alerte aux orages ?"},"content":{"rendered":"<p> <img decoding=\"async\" fetchpriority=\"high\" src=\"https:\/\/www.europesays.com\/fr\/wp-content\/uploads\/2025\/07\/dailymotion-x9n00bu_1024.jpg\"  width=\"768\" height=\"432\" id=\"x9n00bu\"\/>  <\/p>\n<p>Apr\u00e8s une journ\u00e9e de vendredi pleinement estivale \u00e0 Paris et en \u00cele-de-France, un changement radical de temps est pr\u00e9vu ce week-end avec des orages et un net rafra\u00eechissement. Que va-t-il concr\u00e8tement se passer ? Retrouvez nos pr\u00e9visions compl\u00e8tes dans cet article.<\/p>\n<p>    <img decoding=\"async\" fetchpriority=\"high\" src=\"https:\/\/www.europesays.com\/fr\/wp-content\/uploads\/2025\/04\/marc-hay.jpg\" alt=\"Marc Hay\" width=\"40\" height=\"40\"\/>    <a class=\"nombre text-hv\" href=\"https:\/\/www.tameteo.com\/auteur\/marc-hay\/\" title=\"Marc Hay\" rel=\"nofollow noopener\" target=\"_blank\">Marc Hay<\/a>         16\/07\/2025 13:02   3 min   <\/p>\n<p>Alors que la r\u00e9gion \u00cele-de-France est balay\u00e9e aujourd\u2019hui par un front occlus, <strong>accompagn\u00e9 de pr\u00e9cipitations faibles dans l\u2019ensemble et de temp\u00e9ratures aux allures plut\u00f4t automnales, <\/strong>les conditions m\u00e9t\u00e9o vont \u00e0 nouveau s\u2019am\u00e9liorer \u00e0 partir de demain apr\u00e8s-midi, avec le retour des \u00e9claircies et une hausse des temp\u00e9ratures.<\/p>\n<p>Cette hausse des temp\u00e9ratures se poursuivra d\u2019ailleurs vendredi <strong>avec du soleil et un nouveau pic de chaleur attendu sur la r\u00e9gion parisienne, <\/strong>puisqu\u2019il devrait faire plus de 30 degr\u00e9s vendredi apr\u00e8s-midi.<\/p>\n<p>Comme annonc\u00e9 depuis plusieurs jours, <strong>un changement de temps va s\u2019op\u00e9rer ce week-end <\/strong>avec des orages qui traverseront l\u2019<a href=\"https:\/\/www.tameteo.com\/meteo-Europe-France-Ile+de+France-1-1-135-29.html\" data-mrf-recirculation=\"cuerpo_intext\" rel=\"nofollow noopener\" target=\"_blank\">\u00cele-de-France<\/a> lors de la journ\u00e9e de samedi. En marge d\u2019une d\u00e9pression sur l\u2019Irlande, <strong>une perturbation pluvieuse touchera aussi la r\u00e9gion dimanche,<\/strong> avec une tr\u00e8s nette baisse des temp\u00e9ratures.<\/p>\n<p><strong>\u00c0 quoi faut-il donc s\u2019attendre \u00e0 Paris et en \u00cele-de-France pour ces prochains jours ? <\/strong>Pour le savoir, retrouvez nos pr\u00e9visions m\u00e9t\u00e9o compl\u00e8tes dans cet article.<\/p>\n<p>Un vendredi chaud et ensoleill\u00e9<\/p>\n<p>Comme annonc\u00e9 depuis plusieurs jours, la journ\u00e9e de vendredi sera la plus belle de la semaine,<strong> et surtout la plus chaude, <\/strong>avec un nouveau pic de chaleur sur l\u2019\u00cele-de-France.<\/p>\n<p><img loading=\"lazy\" decoding=\"async\" fetchpriority=\"low\" class=\"lazy \" src=\"https:\/\/www.europesays.com\/fr\/wp-content\/uploads\/2025\/07\/un-vendredi-tres-chaud-suivi-d-un-changement-radical-de-temps-a-paris-et-en-ile-de-france-que-montre.png\"  width=\"768\" height=\"432\" alt=\"Entre 30 et 32 degr\u00e9s vendredi apr\u00e8s-midi en \u00cele-de-France.\" title=\"Entre 30 et 32 degr\u00e9s vendredi apr\u00e8s-midi en \u00cele-de-France.\" data-image=\"4bd4kk1dg3ek\"\/>Entre 30 et 32 degr\u00e9s vendredi apr\u00e8s-midi en \u00cele-de-France. <\/p>\n<p>Comme le montre la carte ci-dessus, les temp\u00e9ratures s\u2019annoncent \u00e0 nouveau chaudes,<strong> avec des valeurs souvent comprises entre 30 et 32 degr\u00e9s vendredi apr\u00e8s-midi en r\u00e9gion parisienne.<\/strong><\/p>\n<p><a class=\"imagen \" href=\"https:\/\/www.tameteo.com\/actualites\/previsions\/arrivee-d-une-depression-entre-les-19-et-20-juillet-avec-des-orages-parfois-forts-et-un-tres-net-rafraichissement-goutte-froide-france.html\" title=\"Arriv\u00e9e d&#039;une d\u00e9pression entre les 19 et 20 juillet, avec des orages parfois forts et un tr\u00e8s net rafra\u00eechissement\" rel=\"nofollow noopener\" target=\"_blank\"><img loading=\"lazy\" decoding=\"async\" fetchpriority=\"low\" class=\"lazy img-body non-editable\" src=\"https:\/\/www.europesays.com\/fr\/wp-content\/uploads\/2025\/07\/arrivee-d-une-depression-entre-les-19-et-20-juillet-avec-des-orages-parfois-forts-et-un-tres-net-raf.png\"  width=\"320\" height=\"225\" alt=\"Arriv\u00e9e d'une d\u00e9pression entre les 19 et 20 juillet, avec des orages parfois forts et un tr\u00e8s net rafra\u00eechissement\"\/><\/a><\/p>\n<p>C\u00f4t\u00e9 ciel, les \u00e9claircies seront belles et le temps restera sec.<strong> La d\u00e9gradation orageuse n\u2019interviendra que le lendemain.<\/strong><\/p>\n<p>Des orages samedi <\/p>\n<p>Samedi, le temps changera radicalement en \u00cele-de-France <strong>avec des orages qui traverseront la r\u00e9gion parisienne. <\/strong>Quelques pr\u00e9cipitations devraient d\u2019ailleurs concerner la r\u00e9gion d\u00e8s samedi matin.<\/p>\n<p><img loading=\"lazy\" decoding=\"async\" fetchpriority=\"low\" class=\"lazy \" src=\"https:\/\/www.europesays.com\/fr\/wp-content\/uploads\/2025\/07\/1752672625_940_un-vendredi-tres-chaud-suivi-d-un-changement-radical-de-temps-a-paris-et-en-ile-de-france-que-montre.png\"  width=\"768\" height=\"432\" alt=\"Attention aux orages samedi en r\u00e9gion parisienne.\" title=\"Attention aux orages samedi en r\u00e9gion parisienne.\" data-image=\"dvdaivw5sq35\"\/>Attention aux orages samedi en r\u00e9gion parisienne. <\/p>\n<p>En journ\u00e9e, <strong>une nouvelle ligne orageuse balaiera l\u2019\u00cele-de-France d\u2019ouest en est,<\/strong> avec des pr\u00e9cipitations parfois soutenues et de fortes rafales de vent. Avec la chaleur accumul\u00e9e, <strong>cette d\u00e9gradation orageuse devra \u00eatre surveill\u00e9e.<\/strong><\/p>\n<p>Des pluies dimanche <\/p>\n<p>La journ\u00e9e de dimanche devrait \u00eatre particuli\u00e8rement maussade en \u00cele-de-France. En effet, <strong>la pr\u00e9sence d\u2019un minimum d\u00e9pressionnaire sur l\u2019Irlande renverra sur la France une perturbation pluvio-orageuse.<\/strong><\/p>\n<p><img loading=\"lazy\" decoding=\"async\" fetchpriority=\"low\" class=\"lazy \" src=\"https:\/\/www.europesays.com\/fr\/wp-content\/uploads\/2025\/07\/1752672626_97_un-vendredi-tres-chaud-suivi-d-un-changement-radical-de-temps-a-paris-et-en-ile-de-france-que-montre.png\"  width=\"768\" height=\"432\" alt=\"Perturbation pluvio-orageuse dimanche en \u00cele-de-France.\" title=\"Perturbation pluvio-orageuse dimanche en \u00cele-de-France.\" data-image=\"b4jzlq7jdu0b\"\/>Perturbation pluvio-orageuse dimanche en \u00cele-de-France. <\/p>\n<p><strong>Des pluies parfois soutenues <\/strong>concerneront donc l\u2019\u00cele-de-France dimanche. Elles pourront localement prendre un caract\u00e8re orageux. <\/p>\n<p><a class=\"imagen \" href=\"https:\/\/www.tameteo.com\/actualites\/actualite\/un-chef-d-uvre-d-ingenierie-le-pont-submersible-de-7-845-metres-reliant-la-suede-et-le-danemark-infrastructure-route.html\" title=\"Un chef-d&#039;\u0153uvre d&#039;ing\u00e9nierie : le pont submersible de 7 845 m\u00e8tres reliant la Su\u00e8de et le Danemark\" rel=\"nofollow noopener\" target=\"_blank\"><img loading=\"lazy\" decoding=\"async\" fetchpriority=\"low\" class=\"lazy img-body non-editable\" src=\"https:\/\/www.europesays.com\/fr\/wp-content\/uploads\/2025\/07\/puente-oresund-la-asombrosa-conexion-bajo-el-mar-entre-dinamarca-y-suecia-1751948887077_320.jpeg\"  width=\"320\" height=\"225\" alt=\"Un chef-d'\u0153uvre d'ing\u00e9nierie : le pont submersible de 7 845 m\u00e8tres reliant la Su\u00e8de et le Danemark\"\/><\/a><\/p>\n<p><strong>Les temp\u00e9ratures repasseront nettement en-dessous des normales de saison<\/strong> dimanche apr\u00e8s-midi sous l\u2019effet des pluies.<\/p>\n","protected":false},"excerpt":{"rendered":"Apr\u00e8s une journ\u00e9e de vendredi pleinement estivale \u00e0 Paris et en \u00cele-de-France, un changement radical de temps est&hellip;\n","protected":false},"author":2,"featured_media":251404,"comment_status":"","ping_status":"","sticky":false,"template":"","format":"standard","meta":{"footnotes":""},"categories":[1592],"tags":[1111,11,2073,1777,674,1011,27,662,2487,12,14113,4594,626,25,39156],"class_list":{"0":"post-251403","1":"post","2":"type-post","3":"status-publish","4":"format-standard","5":"has-post-thumbnail","7":"category-ile-de-france","8":"tag-actu","9":"tag-actualites","10":"tag-depression","11":"tag-eu","12":"tag-europe","13":"tag-fr","14":"tag-france","15":"tag-ile-de-france","16":"tag-meteo","17":"tag-news","18":"tag-orage","19":"tag-orages","20":"tag-paris","21":"tag-republique-francaise","22":"tag-talweg"},"share_on_mastodon":{"url":"https:\/\/pubeurope.com\/@fr\/114863160811401412","error":""},"_links":{"self":[{"href":"https:\/\/www.europesays.com\/fr\/wp-json\/wp\/v2\/posts\/251403","targetHints":{"allow":["GET"]}}],"collection":[{"href":"https:\/\/www.europesays.com\/fr\/wp-json\/wp\/v2\/posts"}],"about":[{"href":"https:\/\/www.europesays.com\/fr\/wp-json\/wp\/v2\/types\/post"}],"author":[{"embeddable":true,"href":"https:\/\/www.europesays.com\/fr\/wp-json\/wp\/v2\/users\/2"}],"replies":[{"embeddable":true,"href":"https:\/\/www.europesays.com\/fr\/wp-json\/wp\/v2\/comments?post=251403"}],"version-history":[{"count":0,"href":"https:\/\/www.europesays.com\/fr\/wp-json\/wp\/v2\/posts\/251403\/revisions"}],"wp:featuredmedia":[{"embeddable":true,"href":"https:\/\/www.europesays.com\/fr\/wp-json\/wp\/v2\/media\/251404"}],"wp:attachment":[{"href":"https:\/\/www.europesays.com\/fr\/wp-json\/wp\/v2\/media?parent=251403"}],"wp:term":[{"taxonomy":"category","embeddable":true,"href":"https:\/\/www.europesays.com\/fr\/wp-json\/wp\/v2\/categories?post=251403"},{"taxonomy":"post_tag","embeddable":true,"href":"https:\/\/www.europesays.com\/fr\/wp-json\/wp\/v2\/tags?post=251403"}],"curies":[{"name":"wp","href":"https:\/\/api.w.org\/{rel}","templated":true}]}}