{"id":251409,"date":"2025-07-16T13:34:10","date_gmt":"2025-07-16T13:34:10","guid":{"rendered":"https:\/\/www.europesays.com\/fr\/251409\/"},"modified":"2025-07-16T13:34:10","modified_gmt":"2025-07-16T13:34:10","slug":"destination-rive-droite-pour-alexandra-golovanoff","status":"publish","type":"post","link":"https:\/\/www.europesays.com\/fr\/251409\/","title":{"rendered":"Destination Rive droite pour Alexandra Golovanoff"},"content":{"rendered":"<p>Pour sa seconde adresse dans la capitale, l\u2019ic\u00f4ne de mode parisienne Alexandra Golovanoff a choisi le quartier de la place Vend\u00f4me. Cinq ans apr\u00e8s l\u2019ouverture de la rue de Varenne, ce nouvel espace, incarne l\u2019\u00e9l\u00e9gance intemporelle de la maison. Mailles iconiques, swimwear, activewear et collection capsule en denim, c\u2019est l\u2019univers complet de la cr\u00e9atrice qui y est r\u00e9uni dans une ambiance moderniste et pointue. Con\u00e7u par l\u2019agence Brio \u2013 dirig\u00e9e par sa s\u0153ur \u00c9l\u00e9onore, l\u2019int\u00e9rieur m\u00eale bois, b\u00e9ton teint\u00e9 et pi\u00e8ces de mobilier issues de la Galerie Downtown, dirig\u00e9e par Fran\u00e7ois et sa fille Luna Laffanour. Dans ce lieu pens\u00e9 comme un espace de vie autant que de mode, Alexandra Golovanoff met \u00e0 l\u2019honneur les pi\u00e8ces embl\u00e9matiques de ma\u00eetres tels que Jean Prouv\u00e9, Charlotte Perriand ou Pierre Jeanneret, qu\u2019elle fait dialoguer avec des \u0153uvres de cr\u00e9ateurs de la sc\u00e8ne contemporaine.<\/p>\n","protected":false},"excerpt":{"rendered":"Pour sa seconde adresse dans la capitale, l\u2019ic\u00f4ne de mode parisienne Alexandra Golovanoff a choisi le quartier de&hellip;\n","protected":false},"author":2,"featured_media":251410,"comment_status":"","ping_status":"","sticky":false,"template":"","format":"standard","meta":{"footnotes":""},"categories":[1888],"tags":[11,1777,674,1011,27,985,12,626,25],"class_list":{"0":"post-251409","1":"post","2":"type-post","3":"status-publish","4":"format-standard","5":"has-post-thumbnail","7":"category-paris","8":"tag-actualites","9":"tag-eu","10":"tag-europe","11":"tag-fr","12":"tag-france","13":"tag-mode","14":"tag-news","15":"tag-paris","16":"tag-republique-francaise"},"share_on_mastodon":{"url":"https:\/\/pubeurope.com\/@fr\/114863175316084204","error":""},"_links":{"self":[{"href":"https:\/\/www.europesays.com\/fr\/wp-json\/wp\/v2\/posts\/251409","targetHints":{"allow":["GET"]}}],"collection":[{"href":"https:\/\/www.europesays.com\/fr\/wp-json\/wp\/v2\/posts"}],"about":[{"href":"https:\/\/www.europesays.com\/fr\/wp-json\/wp\/v2\/types\/post"}],"author":[{"embeddable":true,"href":"https:\/\/www.europesays.com\/fr\/wp-json\/wp\/v2\/users\/2"}],"replies":[{"embeddable":true,"href":"https:\/\/www.europesays.com\/fr\/wp-json\/wp\/v2\/comments?post=251409"}],"version-history":[{"count":0,"href":"https:\/\/www.europesays.com\/fr\/wp-json\/wp\/v2\/posts\/251409\/revisions"}],"wp:featuredmedia":[{"embeddable":true,"href":"https:\/\/www.europesays.com\/fr\/wp-json\/wp\/v2\/media\/251410"}],"wp:attachment":[{"href":"https:\/\/www.europesays.com\/fr\/wp-json\/wp\/v2\/media?parent=251409"}],"wp:term":[{"taxonomy":"category","embeddable":true,"href":"https:\/\/www.europesays.com\/fr\/wp-json\/wp\/v2\/categories?post=251409"},{"taxonomy":"post_tag","embeddable":true,"href":"https:\/\/www.europesays.com\/fr\/wp-json\/wp\/v2\/tags?post=251409"}],"curies":[{"name":"wp","href":"https:\/\/api.w.org\/{rel}","templated":true}]}}