{"id":251413,"date":"2025-07-16T13:36:11","date_gmt":"2025-07-16T13:36:11","guid":{"rendered":"https:\/\/www.europesays.com\/fr\/251413\/"},"modified":"2025-07-16T13:36:11","modified_gmt":"2025-07-16T13:36:11","slug":"un-nouvel-accord-strategique-entre-la-russie-et-liran-episode-du-podcast-les-accords-qui-ont-change-le-monde","status":"publish","type":"post","link":"https:\/\/www.europesays.com\/fr\/251413\/","title":{"rendered":"Un nouvel accord strat\u00e9gique entre la Russie et l\u2019Iran : \u00e9pisode du podcast Les accords qui ont chang\u00e9 le monde"},"content":{"rendered":"<p class=\"PopSlotParagraph qg-tx2 qg-xtra-lh svelte-1r0pyek\">\u00c0 T\u00e9h\u00e9ran comme \u00e0 Moscou, le partenariat strat\u00e9gique sign\u00e9 le 17 janvier 2025 \u2014 soit trois jours avant l\u2019investiture de Donald Trump \u2014 est pr\u00e9sent\u00e9 comme une alliance globale destin\u00e9e \u00e0 contrebalancer le \u00ab\u00a0diktat\u00a0\u00bb de l\u2019Occident. Si tous ses d\u00e9tails n\u2019ont pas \u00e9t\u00e9 rendus publics, les enjeux militaires en constituent le c\u0153ur. Cela s\u2019explique ais\u00e9ment\u00a0: dans sa guerre en Ukraine, la\u00a0<a href=\"https:\/\/www.radiofrance.fr\/monde\/europe\/russie\" class=\"\" data-testid=\"link\" rel=\"nofollow noopener\" target=\"_blank\">Russie<\/a>\u00a0s\u2019est largement appuy\u00e9e sur les drones et missiles fournis par l\u2019<a href=\"https:\/\/www.radiofrance.fr\/monde\/proche-moyen-orient\/iran\" class=\"\" data-testid=\"link\" rel=\"nofollow noopener\" target=\"_blank\">Iran<\/a>. De son c\u00f4t\u00e9, l&rsquo;Iran a besoin du soutien militaire du Kremlin, notamment en mati\u00e8re de d\u00e9fense a\u00e9rienne et de capacit\u00e9s de production de missiles.<\/p>\n<p class=\"PopSlotParagraph qg-tx2 qg-xtra-lh svelte-1r0pyek\">Sous le coup de sanctions internationales et consid\u00e9r\u00e9s comme des parias sur la sc\u00e8ne mondiale, les deux \u00c9tats ont tout int\u00e9r\u00eat \u00e0 resserrer leurs rangs face \u00e0 l\u2019Occident. Ils cherchent \u00e9galement \u00e0 consolider, aux c\u00f4t\u00e9s de la Chine et de la Cor\u00e9e du Nord, ce que certains qualifient d\u2019\u00ab\u00a0axe de bouleversement\u00a0\u00bb : une coalition d\u2019autocraties qui remettent en question l\u2019ordre international issu de la Seconde Guerre mondiale.<\/p>\n<p class=\"PopSlotParagraph qg-tx2 qg-xtra-lh svelte-1r0pyek\">Quelle est la v\u00e9ritable nature du rapprochement entre Moscou et T\u00e9h\u00e9ran\u00a0? A quoi ce partenariat strat\u00e9gique sert-il exactement\u00a0? Quelles cons\u00e9quences aura-t-il sur la guerre en Ukraine et sur le d\u00e9veloppement du programme nucl\u00e9aire iranien\u00a0?<\/p>\n<p> <strong>Le partenariat strat\u00e9gique entre la Russie et l&rsquo;Iran \u00e0 l&rsquo;\u00e9preuve de la guerre des 12 jours &#8211; avec Benjamin Hautecouverture<\/strong> <img decoding=\"async\" class=\"Image-preview  svelte-1b9cmvl\" data-testid=\"image-preview\" src=\"data:image\/jpeg;charset=utf-8;base64, \/9j\/2wBDACgcHiMeGSgjISMtKygwPGRBPDc3PHtYXUlkkYCZlo+AjIqgtObDoKrarYqMyP\/L2u71\/\/\/\/m8H\/\/\/\/6\/+b9\/\/j\/2wBDASstLTw1PHZBQXb4pYyl+Pj4+Pj4+Pj4+Pj4+Pj4+Pj4+Pj4+Pj4+Pj4+Pj4+Pj4+Pj4+Pj4+Pj4+Pj4+Pj4+Pj\/wAARCAAbACoDASIAAhEBAxEB\/8QAGAABAQEBAQAAAAAAAAAAAAAAAAIBAwT\/xAAYEAEBAQEBAAAAAAAAAAAAAAAAEQECEv\/EABUBAQEAAAAAAAAAAAAAAAAAAAAB\/8QAFBEBAAAAAAAAAAAAAAAAAAAAAP\/aAAwDAQACEQMRAD8A8mctjp5IiIhFwiCcxsVmNgNhFMRUwigGAA\/\/2Q==\" alt=\"\" aria-hidden=\"false\"\/>     <img decoding=\"async\" src=\"https:\/\/www.europesays.com\/fr\/wp-content\/uploads\/2025\/07\/860_sc_000-496b7ty.jpg\" loading=\"lazy\" fetchpriority=\"low\" width=\"860\" height=\"572\" class=\"Image-main  svelte-1b9cmvl rounded\" data-testid=\"image-src\" alt=\"Un expert ukrainien en explosifs examine les d\u00e9bris d\u2019un drone militaire iranien Shahed 136 \u00e0 Kharkiv (Ukraine), le 4 juin 2025\" aria-hidden=\"false\" onload=\"this.__e=event\" onerror=\"this.__e=event\"\/> Un expert ukrainien en explosifs examine les d\u00e9bris d\u2019un drone militaire iranien Shahed 136 \u00e0 Kharkiv (Ukraine), le 4 juin 2025 \u00a9 AFP &#8211; SERGEY BOBOK <\/p>\n<p class=\"PopSlotParagraph qg-tx2 qg-xtra-lh svelte-1r0pyek\">Toutes les \u00e9missions de la s\u00e9rie\u00a0Les Accords qui ont chang\u00e9 le monde\u00a0ont \u00e9t\u00e9 enregistr\u00e9es entre avril et juin 2025. Toutefois, au vu de l&rsquo;ampleur des \u00e9v\u00e9nements survenus en juin entre l&rsquo;Iran, Isra\u00ebl et les \u00c9tats-Unis, il nous a sembl\u00e9 indispensable d&rsquo;enregistrer, d\u00e9but juillet, cet entretien avec Benjamin Hautecouverte, qui offre une analyse des derniers d\u00e9veloppements.<\/p>\n<p> Pour aller plus loin&#8230;<\/p>\n<ul>\n<li>Fran\u00e7ois Heisbourg, Un monde sans l&rsquo;Am\u00e9rique (Odile Jacob, 2024)<\/li>\n<li>Fran\u00e7ois Heisbourg, Iran, le choix des armes (Stock, 2007)<\/li>\n<li>Benjamin Hautecouverture, tribune \u00ab\u00a0Retarder de quelques ann\u00e9es l&rsquo;avanc\u00e9e du nucl\u00e9aire iranien est un succ\u00e8s, mais cela ne peut \u00eatre l&rsquo;objectif final d&rsquo;une politique de s\u00e9curit\u00e9 durable\u00a0\u00bb,\u00a0Le Monde, 14 juin 2025<\/li>\n<\/ul>\n<p>Extraits sonores\u00a0:<\/p>\n<ul>\n<li>Les d\u00e9clarations de Vladimir Poutine et de Masoud Pezeshkian \u00e0 Moscou lors de la signature du trait\u00e9 de partenariat strat\u00e9gique, le 17 janvier 2025, source\u00a0: LCI<\/li>\n<li>Extrait du documentaire Russie, Chine, Iran\u00a0: la revanche des empires de Sophie Lepault (ARTE, 2024) et d\u00e9claration de Khamenei lors de la visite diplomatique de Vladimir Poutine en Iran en juin 2022<\/li>\n<li>Entretien avec Sergej Karaganow, conseiller en politique \u00e9trang\u00e8re de d\u00e9fense et proche de Poutine,\u00a0extrait du documentaire\u00a0Russie, Chine, Iran\u00a0: la revanche des empires\u00a0de Sophie Lepault (ARTE, 2024)<\/li>\n<\/ul>\n","protected":false},"excerpt":{"rendered":"\u00c0 T\u00e9h\u00e9ran comme \u00e0 Moscou, le partenariat strat\u00e9gique sign\u00e9 le 17 janvier 2025 \u2014 soit trois jours avant&hellip;\n","protected":false},"author":2,"featured_media":251414,"comment_status":"","ping_status":"","sticky":false,"template":"","format":"standard","meta":{"footnotes":""},"categories":[1591],"tags":[11,1887,12,1885,1886,132],"class_list":{"0":"post-251413","1":"post","2":"type-post","3":"status-publish","4":"format-standard","5":"has-post-thumbnail","7":"category-russie","8":"tag-actualites","9":"tag-federation-de-russie","10":"tag-news","11":"tag-russia","12":"tag-russian-federation","13":"tag-russie"},"share_on_mastodon":{"url":"https:\/\/pubeurope.com\/@fr\/114863183276817173","error":""},"_links":{"self":[{"href":"https:\/\/www.europesays.com\/fr\/wp-json\/wp\/v2\/posts\/251413","targetHints":{"allow":["GET"]}}],"collection":[{"href":"https:\/\/www.europesays.com\/fr\/wp-json\/wp\/v2\/posts"}],"about":[{"href":"https:\/\/www.europesays.com\/fr\/wp-json\/wp\/v2\/types\/post"}],"author":[{"embeddable":true,"href":"https:\/\/www.europesays.com\/fr\/wp-json\/wp\/v2\/users\/2"}],"replies":[{"embeddable":true,"href":"https:\/\/www.europesays.com\/fr\/wp-json\/wp\/v2\/comments?post=251413"}],"version-history":[{"count":0,"href":"https:\/\/www.europesays.com\/fr\/wp-json\/wp\/v2\/posts\/251413\/revisions"}],"wp:featuredmedia":[{"embeddable":true,"href":"https:\/\/www.europesays.com\/fr\/wp-json\/wp\/v2\/media\/251414"}],"wp:attachment":[{"href":"https:\/\/www.europesays.com\/fr\/wp-json\/wp\/v2\/media?parent=251413"}],"wp:term":[{"taxonomy":"category","embeddable":true,"href":"https:\/\/www.europesays.com\/fr\/wp-json\/wp\/v2\/categories?post=251413"},{"taxonomy":"post_tag","embeddable":true,"href":"https:\/\/www.europesays.com\/fr\/wp-json\/wp\/v2\/tags?post=251413"}],"curies":[{"name":"wp","href":"https:\/\/api.w.org\/{rel}","templated":true}]}}