{"id":251425,"date":"2025-07-16T13:42:10","date_gmt":"2025-07-16T13:42:10","guid":{"rendered":"https:\/\/www.europesays.com\/fr\/251425\/"},"modified":"2025-07-16T13:42:10","modified_gmt":"2025-07-16T13:42:10","slug":"ar-une-nouvelle-energie-renouvelable-avec-leurope-dans-lue-cepa","status":"publish","type":"post","link":"https:\/\/www.europesays.com\/fr\/251425\/","title":{"rendered":"ar, une nouvelle \u00e9nergie renouvelable avec l&rsquo;Europe dans l&rsquo;UE-CEPA"},"content":{"rendered":"<p>JAKARTA &#8211; Pertamina est pr\u00eate \u00e0 explorer les possibilit\u00e9s d\u2019\u00e9nergie nouvelle et renouvelable (EBT) avec les pays europ\u00e9ens au vu de l\u2019Accord de partenariat \u00e9conomique complet entre l\u2019Indon\u00e9sie et l\u2019Union europ\u00e9enne (IEU-CEPA) qui devrait \u00eatre sign\u00e9 en septembre 2025.<\/p>\n<p>ar Djoko Santoso, vice-pr\u00e9sident de la communication d\u2019entreprise de PT Pertamina (Persero), a d\u00e9clar\u00e9 que Pertamina \u00e9tait ouverte \u00e0 toutes les opportunit\u00e9s de coop\u00e9ration, y compris avec l\u2019Europe.<\/p>\n<p>\u00ab Les opportunit\u00e9s, bien s\u00fbr. Mais si l\u2019Europe est en premi\u00e8re ligne en termes d\u2019\u00e9nergies nouvelles et renouvelables. C\u2019est aussi possible que nous puissions explorer \u00bb, a d\u00e9clar\u00e9 Fadjar, cit\u00e9 par Antara.<\/p>\n<p>rique du Sud, le pr\u00e9sident Prabowo Subianto, a d\u00e9clar\u00e9 que les tarifs de biens import\u00e9s de l\u2019Union europ\u00e9enne et de l\u2019Indon\u00e9sie \u00e9taient presque de 0 pour cent, de sorte que les deux parties \u00e9taient pr\u00eates \u00e0 mettre en \u0153uvre imm\u00e9diatement l\u2019accord \u00e9conomique global (CEPA) qui devrait \u00eatre sign\u00e9 en septembre 2025.<\/p>\n<p>Prabowo a ensuite soulign\u00e9 que la CEPA entre l\u2019Indon\u00e9sie et l\u2019Union europ\u00e9enne \u00e9tait une coop\u00e9ration strat\u00e9gique, ainsi qu\u2019une perc\u00e9e dans les relations entre les deux parties.<\/p>\n<p>ar, c&rsquo;est un milliard d&rsquo;habitants, un milliard d&rsquo;habitants de plus de 460 millions d&rsquo;habitants, un produit int\u00e9rieur brut et un commerce europ\u00e9en tr\u00e8s important.<\/p>\n<p>Prabowo a annonc\u00e9 que les n\u00e9gociations sur la CEPA Indon\u00e9sie et l\u2019Union europ\u00e9enne avaient \u00e9t\u00e9 termin\u00e9es lors d\u2019une conf\u00e9rence de presse avec la pr\u00e9sidente de la Commission europ\u00e9enne, Ursula von der Leyen, au bureau de la Commission europ\u00e9enne, au b\u00e2timent Berlaymont, \u00e0 Bruxelles, dimanche. L\u2019Indon\u00e9sie et l\u2019Union europ\u00e9enne discutent des points de coop\u00e9ration CEPA depuis environ 10 ans.<\/p>\n<p>ronyme : l&rsquo;Indon\u00e9sie et l&rsquo;Union europ\u00e9enne ont convenu de nombreux accords, qui accueilliront essentiellement les deux parties les int\u00e9r\u00eats \u00e9conomiques mutuels et trouveront que ces int\u00e9r\u00eats se profitent mutuellement.<\/p>\n<p>Rosan Perkasa Ro Besani, vice-pr\u00e9sident g\u00e9n\u00e9ral de Danantara, a expliqu\u00e9 que la CEPA entre l\u2019Indon\u00e9sie et l\u2019Union europ\u00e9enne ouvrirait le plus grand acc\u00e8s au march\u00e9 pour les deux parties.<\/p>\n<p>The English, Chinese, Japanese, Arabic, and French versions are automatically generated by the AI. So there may still be inaccuracies in translating, please always see Indonesian as our main language.<br \/>\n                                    (system supported by DigitalSiber.id)<\/p>\n","protected":false},"excerpt":{"rendered":"JAKARTA &#8211; Pertamina est pr\u00eate \u00e0 explorer les possibilit\u00e9s d\u2019\u00e9nergie nouvelle et renouvelable (EBT) avec les pays europ\u00e9ens&hellip;\n","protected":false},"author":2,"featured_media":251426,"comment_status":"","ping_status":"","sticky":false,"template":"","format":"standard","meta":{"footnotes":""},"categories":[1586],"tags":[11,5436,1777,674,1779,1011,27,39159,12,39158,25,1778,364],"class_list":{"0":"post-251425","1":"post","2":"type-post","3":"status-publish","4":"format-standard","5":"has-post-thumbnail","7":"category-europe","8":"tag-actualites","9":"tag-ar","10":"tag-eu","11":"tag-europe","12":"tag-european-union","13":"tag-fr","14":"tag-france","15":"tag-les-energies-nouvelles-et-renouvelables","16":"tag-news","17":"tag-pertamina","18":"tag-republique-francaise","19":"tag-ue","20":"tag-union-europeenne"},"share_on_mastodon":{"url":"https:\/\/pubeurope.com\/@fr\/114863206829044221","error":""},"_links":{"self":[{"href":"https:\/\/www.europesays.com\/fr\/wp-json\/wp\/v2\/posts\/251425","targetHints":{"allow":["GET"]}}],"collection":[{"href":"https:\/\/www.europesays.com\/fr\/wp-json\/wp\/v2\/posts"}],"about":[{"href":"https:\/\/www.europesays.com\/fr\/wp-json\/wp\/v2\/types\/post"}],"author":[{"embeddable":true,"href":"https:\/\/www.europesays.com\/fr\/wp-json\/wp\/v2\/users\/2"}],"replies":[{"embeddable":true,"href":"https:\/\/www.europesays.com\/fr\/wp-json\/wp\/v2\/comments?post=251425"}],"version-history":[{"count":0,"href":"https:\/\/www.europesays.com\/fr\/wp-json\/wp\/v2\/posts\/251425\/revisions"}],"wp:featuredmedia":[{"embeddable":true,"href":"https:\/\/www.europesays.com\/fr\/wp-json\/wp\/v2\/media\/251426"}],"wp:attachment":[{"href":"https:\/\/www.europesays.com\/fr\/wp-json\/wp\/v2\/media?parent=251425"}],"wp:term":[{"taxonomy":"category","embeddable":true,"href":"https:\/\/www.europesays.com\/fr\/wp-json\/wp\/v2\/categories?post=251425"},{"taxonomy":"post_tag","embeddable":true,"href":"https:\/\/www.europesays.com\/fr\/wp-json\/wp\/v2\/tags?post=251425"}],"curies":[{"name":"wp","href":"https:\/\/api.w.org\/{rel}","templated":true}]}}