{"id":251427,"date":"2025-07-16T13:43:12","date_gmt":"2025-07-16T13:43:12","guid":{"rendered":"https:\/\/www.europesays.com\/fr\/251427\/"},"modified":"2025-07-16T13:43:12","modified_gmt":"2025-07-16T13:43:12","slug":"mort-de-loik-le-floch-prigent-ancien-grand-patron-condamne-dans-laffaire-elf","status":"publish","type":"post","link":"https:\/\/www.europesays.com\/fr\/251427\/","title":{"rendered":"Mort de Lo\u00efk Le\u00a0Floch-Prigent, ancien grand patron condamn\u00e9 dans l\u2019affaire Elf"},"content":{"rendered":"<p>        <img decoding=\"async\" loading=\"lazy\" src=\"https:\/\/www.europesays.com\/fr\/wp-content\/uploads\/2025\/07\/8ec23cc_upload-1-vdtrw3kuitsp-afp-20120821-par7278910-v1001-highres.jpg\"  width=\"728\" height=\"410\" alt=\"Lo\u00efk Le\u00a0Floch-Prigent est mort \u00e0 l\u2019\u00e2ge de 81\u00a0ans (photo d\u2019illustration en 2012) \"\/>  <\/p>\n<p>FRED TANNEAU \/ AFP<\/p>\n<p>Lo\u00efk Le\u00a0Floch-Prigent est mort \u00e0 l\u2019\u00e2ge de 81\u00a0ans (photo d\u2019illustration en 2012) <\/p>\n<p class=\"asset asset-text\">DISPARITION. Un grand patron qui a d\u00e9fray\u00e9 la chronique judiciaire. <a href=\"https:\/\/www.huffingtonpost.fr\/actualites\/article\/videos-loik-le-floch-prigent-quitte-sa-prison-au-togo-et-rentre-en-france-pour-raisons-de-sante_23716.html\" rel=\"nofollow noopener\" target=\"_blank\">Lo\u00efk Le\u00a0Floch-Prigent<\/a> est d\u00e9c\u00e9d\u00e9 \u00e0 l\u2019\u00e2ge de 81\u00a0ans, a annonc\u00e9 sa veuve ce mercredi 16\u00a0juillet. Pr\u00e9sident d\u2019Elf Aquitaine, il avait \u00e9t\u00e9 notamment condamn\u00e9 \u00e0 trois reprises pour abus de biens sociaux dans le cadre de <a href=\"https:\/\/www.huffingtonpost.fr\/actualites\/article\/videos-photos-mort-d-olivier-metzner-elf-clearstream-kerviel-ses-plus-grandes-affaires_16393.html\" rel=\"nofollow noopener\" target=\"_blank\">l\u2019affaire Elf.<\/a><\/p>\n<p class=\"asset asset-text\">Consid\u00e9r\u00e9e comme l\u2019un des plus gros scandales politico-financiers et de d\u00e9tournements de fonds, cette affaire instruite par <a href=\"https:\/\/www.huffingtonpost.fr\/actualites\/article\/eva-joly-sur-la-mise-en-examen-de-nicolas-sarkozy-la-justice-francaise-ne-fait-que-son-travail_39804.html\" rel=\"nofollow noopener\" target=\"_blank\">Eva Joly<\/a> (juge d\u2019instruction devenue candidate \u00e9cologiste \u00e0 la pr\u00e9sidentielle 2012) a mis au jour un vaste r\u00e9seau de corruption impliquant des personnalit\u00e9s politiques et des grands patrons.<\/p>\n<p class=\"asset asset-text\">\u00ab\u00a0Jusqu\u2019au bout, le grand capitaine d\u2019industrie qu\u2019il \u00e9tait se sera battu aussi bien pour ses entreprises que pour la d\u00e9fense de l\u2019industrie fran\u00e7aise\u00a0\u00bb, a \u00e9crit Marl\u00e8ne Le Floch-Prigent dans une d\u00e9claration transmise \u00e0 l\u2019AFP.<\/p>\n<p>    <strong>Deux ans de prison<\/strong>    <\/p>\n<p class=\"asset asset-text\">Au cours de sa carri\u00e8re, Lo\u00efk Le\u00a0Floch-Prigent a dirig\u00e9 des grandes entreprises fran\u00e7aises comme Rh\u00f4ne-Poulenc (1982-1986), Elf Aquitaine (1989-1993), rachet\u00e9 par Total en 1999, GDF (1993-1995) et la SNCF (1995-1996). \u00ab\u00a0Lo\u00efk\u00a0avait une passion pour la France qu\u2019il a servie avec d\u00e9termination aussi bien dans le monde du priv\u00e9 qu\u2019en grand serviteur de l\u2019\u00c9tat\u00a0\u00bb, ajoute Marl\u00e8ne Le Floch-Prigent dans son message.<\/p>\n<p class=\"asset asset-text\">Mais il est aussi connu pour avoir pass\u00e9 environ deux ans en prison pour des malversations financi\u00e8res. La juge Eva Joly avait mis au jour un r\u00e9seau de trafic d\u2019influences, de corruption et de d\u00e9tournements de fonds impliquant les dirigeants du groupe Elf, dont\u00a0Lo\u00efk\u00a0Le Floch-Prigent, et des ministres comme Roland Dumas et Charles Pasqua de 1989 \u00e0 1993.<\/p>\n<p class=\"asset asset-text\">Lo\u00efk Le Floch-Prigent a ainsi \u00e9t\u00e9 condamn\u00e9 en 2003 \u00e0 cinq ans de prison pour abus de biens sociaux dans le volet principal de ce dossier Elf, impliquant pr\u00e8s de 305\u00a0millions d\u2019euros de d\u00e9tournements.<\/p>\n<p class=\"asset asset-text\">Il avait \u00e9t\u00e9 lib\u00e9r\u00e9 avec trois ans d\u2019avance en avril\u00a02004, invoquant des raisons de sant\u00e9, mais avait d\u00fb, en septembre\u00a02010, retrouver quelques mois cette prison qu\u2019il ne supportait pas. \u00ab\u00a0Comme il a \u00e9t\u00e9 pr\u00e9sident d\u2019Elf, il a pay\u00e9 les pots cass\u00e9s\u00a0\u00bb, estime sa veuve aupr\u00e8s de l\u2019AFP.<\/p>\n<p class=\"asset asset-text\">En 2012, il est arr\u00eat\u00e9 en C\u00f4te d\u2019Ivoire puis extrad\u00e9 au Togo, o\u00f9 il est plac\u00e9 cinq mois en d\u00e9tention provisoire dans une affaire d\u2019escroquerie. Rentr\u00e9 en France l\u2019ann\u00e9e suivante, il clame son innocence.\u00a0Ces derni\u00e8res ann\u00e9es, il exer\u00e7ait des activit\u00e9s de \u00ab\u00a0conseiller\u00a0\u00bb dans l\u2019industrie, son \u00ab\u00a0cheval de bataille\u00a0\u00bb, et \u00ab\u00a0jusqu\u2019au bout, il travaillait encore\u00a0\u00bb, toujours selon les mots de sa femme.<\/p>\n","protected":false},"excerpt":{"rendered":"FRED TANNEAU \/ AFP Lo\u00efk Le\u00a0Floch-Prigent est mort \u00e0 l\u2019\u00e2ge de 81\u00a0ans (photo d\u2019illustration en 2012) DISPARITION. Un&hellip;\n","protected":false},"author":2,"featured_media":251428,"comment_status":"","ping_status":"","sticky":false,"template":"","format":"standard","meta":{"footnotes":""},"categories":[2],"tags":[11,1011,27,346,303,6968,4849,12,25],"class_list":{"0":"post-251427","1":"post","2":"type-post","3":"status-publish","4":"format-standard","5":"has-post-thumbnail","7":"category-actualites","8":"tag-actualites","9":"tag-fr","10":"tag-france","11":"tag-grands-patrons","12":"tag-justice","13":"tag-mortalite","14":"tag-morts-en-2025","15":"tag-news","16":"tag-republique-francaise"},"share_on_mastodon":{"url":"https:\/\/pubeurope.com\/@fr\/114863210785960375","error":""},"_links":{"self":[{"href":"https:\/\/www.europesays.com\/fr\/wp-json\/wp\/v2\/posts\/251427","targetHints":{"allow":["GET"]}}],"collection":[{"href":"https:\/\/www.europesays.com\/fr\/wp-json\/wp\/v2\/posts"}],"about":[{"href":"https:\/\/www.europesays.com\/fr\/wp-json\/wp\/v2\/types\/post"}],"author":[{"embeddable":true,"href":"https:\/\/www.europesays.com\/fr\/wp-json\/wp\/v2\/users\/2"}],"replies":[{"embeddable":true,"href":"https:\/\/www.europesays.com\/fr\/wp-json\/wp\/v2\/comments?post=251427"}],"version-history":[{"count":0,"href":"https:\/\/www.europesays.com\/fr\/wp-json\/wp\/v2\/posts\/251427\/revisions"}],"wp:featuredmedia":[{"embeddable":true,"href":"https:\/\/www.europesays.com\/fr\/wp-json\/wp\/v2\/media\/251428"}],"wp:attachment":[{"href":"https:\/\/www.europesays.com\/fr\/wp-json\/wp\/v2\/media?parent=251427"}],"wp:term":[{"taxonomy":"category","embeddable":true,"href":"https:\/\/www.europesays.com\/fr\/wp-json\/wp\/v2\/categories?post=251427"},{"taxonomy":"post_tag","embeddable":true,"href":"https:\/\/www.europesays.com\/fr\/wp-json\/wp\/v2\/tags?post=251427"}],"curies":[{"name":"wp","href":"https:\/\/api.w.org\/{rel}","templated":true}]}}