{"id":251433,"date":"2025-07-16T13:46:27","date_gmt":"2025-07-16T13:46:27","guid":{"rendered":"https:\/\/www.europesays.com\/fr\/251433\/"},"modified":"2025-07-16T13:46:27","modified_gmt":"2025-07-16T13:46:27","slug":"jon-rahm-la-claret-jug-est-le-trophee-le-plus-special-a-mes-yeux","status":"publish","type":"post","link":"https:\/\/www.europesays.com\/fr\/251433\/","title":{"rendered":"Jon Rahm : \u00ab La Claret Jug est le troph\u00e9e le plus sp\u00e9cial \u00e0 mes yeux \u00bb"},"content":{"rendered":"<p>\t\t\t\t\t\t<img width=\"770\" height=\"556\" src=\"https:\/\/www.europesays.com\/fr\/wp-content\/uploads\/2025\/07\/the-153rd-open-previews_largeimage_m363652-770x556.jpg\" class=\"img-responsive wp-post-image\" alt=\"Charlie Crowhurst\/R&amp;A\/R&amp;A via Getty Images\" decoding=\"async\" fetchpriority=\"high\"  \/>\t\t\t\t\t<\/p>\n<p>\t\t\t\t\t\t Partager cet article <\/p>\n<p class=\"screen-reader-text juiz_sps_maybe_hidden_text\">Partager la publication \u00ab\u00a0Jon Rahm : \u00ab La Claret Jug est le troph\u00e9e le plus sp\u00e9cial \u00e0 mes yeux \u00bb\u00a0\u00bb<\/p>\n<p><strong>Confiant dans ses chances de succ\u00e9der \u00e0 Seve Ballesteros, Jon Rahm est revenu sur son amour pour les links et l\u2019importance unique que rev\u00eat The Open pour lui.<\/strong><\/p>\n<p>\u00a0<\/p>\n<p>Port\u00e9 par ses succ\u00e8s sur les parcours britanniques, Jon Rahm affiche \u00e0 <strong>Portrush<\/strong> s\u00e9r\u00e9nit\u00e9 et ambition. Vainqueur du <strong>Masters<\/strong> et de <strong>l\u2019U.S. Open<\/strong>, l\u2019Espagnol ne cache pas que le <strong>British Open<\/strong> occupe une place \u00e0 part dans son c\u0153ur : \u00ab\u202fPour moi, The Open Championship est l\u2019\u00e9preuve la plus prestigieuse que l\u2019on puisse gagner au golf. \u00c0 mes yeux, la Claret Jug est le troph\u00e9e le plus sp\u00e9cial \u00e0 mes yeux.\u202f\u00bb<\/p>\n<p>Sa passion pour les links remonte \u00e0 l\u2019enfance et il se rem\u00e9more ses premiers pas sur ces parcours si particuliers, \u00e0 <strong>Royal Cinque Ports<\/strong> avec son p\u00e8re \u00e0 l\u2019\u00e2ge de 14 ans. \u00ab J\u2019ai ador\u00e9, se souvient-il. Cette premi\u00e8re exp\u00e9rience fut tr\u00e8s amusante.\u202f\u00bb<\/p>\n<p>\u00a0<\/p>\n<blockquote class=\"twitter-tweet\" data-media-max-width=\"560\">\n<p dir=\"ltr\" lang=\"en\">This is what The Open means. <a href=\"https:\/\/t.co\/XhLvCAXSNQ\" rel=\"nofollow\">pic.twitter.com\/XhLvCAXSNQ<\/a><\/p>\n<p>\u2014 The Open (@TheOpen) <a href=\"https:\/\/twitter.com\/TheOpen\/status\/1945072097497055407?ref_src=twsrc%5Etfw\" rel=\"nofollow noopener\" target=\"_blank\">July 15, 2025<\/a><\/p>\n<\/blockquote>\n<p>\u00a0<\/p>\n<blockquote><p>\n\u00c9trangement, je me sens toujours proche de mon meilleur niveau.\n<\/p><\/blockquote>\n<p>Jon Rahm a souvent brill\u00e9 sur ces terrains exigeants, s\u2019imposant notamment \u00e0 <strong>Lahinch<\/strong> et tout pr\u00e8s, \u00e0 <strong>Portstewart<\/strong>. \u00ab\u202fL\u2019Irlande et l\u2019Irlande du Nord m\u2019ont beaucoup apport\u00e9 tout au long de ma carri\u00e8re. J\u2019y ai v\u00e9cu de tr\u00e8s bons moments.\u202f\u00bb <\/p>\n<p>\t\t\t\t<img loading=\"lazy\" decoding=\"async\" src=\"data:image\/svg+xml,%3Csvg%20xmlns=\" http:=\"\" attributionsrc=\"\" border=\"0\" height=\"1\" width=\"1\" alt=\"Advertisement\" data-lazy-src=\"https:\/\/www.europesays.com\/fr\/wp-content\/uploads\/2025\/07\/B33047934.424844126;dc_trk_aid=615928068;dc_trk_cid=236605808;ord=[timestamp];dc_lat=;dc_rdid=;tag_f.gif\"\/><\/p>\n<p>\t\t\t\t\t<a id=\"179412\" href=\"https:\/\/ad.doubleclick.net\/ddm\/trackclk\/N1153799.3770024GOLFPLANATE\/B33047934.424844126;dc_trk_aid=615928068;dc_trk_cid=236605808;dc_lat=;dc_rdid=;tag_for_child_directed_treatment=;tfua=;gdpr=${GDPR};gdpr_consent=${GDPR_CONSENT_755};ltd=;dc_tdv=1\" target=\"_blank\" rel=\"sponsorised nofollow noopener\"><img decoding=\"async\" src=\"data:image\/svg+xml,%3Csvg%20xmlns=\" http:=\"\" class=\"img-responsive\" alt=\"\" data-lazy-src=\"https:\/\/www.europesays.com\/fr\/wp-content\/uploads\/2025\/07\/callaway-e01-apex-v1-1170x275-1.jpg\"\/><\/a><\/p>\n<p>Malgr\u00e9 une pr\u00e9paration contrast\u00e9e par rapport \u00e0 celle des joueurs qui ont disput\u00e9 le <strong>Scottish Open<\/strong>, le Basque se sent pr\u00eat\u202f: \u00ab\u202fNous avons eu pas mal de vent, et c\u2019est toujours une bonne semaine pour se pr\u00e9parer. L\u2019autre chose, c\u2019est que Valderrama est un d\u00e9fi. Sur chaque coup, il y a tr\u00e8s peu de marge d\u2019erreur donc cela vous pr\u00e9pare mentalement pour le challenge qu\u2019un majeur peut repr\u00e9senter, a-t-il ajout\u00e9. \u00c9trangement, je me sens toujours proche de mon meilleur niveau. J\u2019ai toujours confiance d\u2019en \u00eatre proche.\u202f\u00bb<\/p>\n<blockquote><p>\nSeve est le seul qui \u00e9tait capable de jouer \u00e0 la Seve.\n<\/p><\/blockquote>\n<p>Jon Rahm a bien entendu \u00e9t\u00e9 interrog\u00e9 sur la raison pour laquelle aucun Espagnol n\u2019a remport\u00e9 l\u2019Open britannique depuis <strong>Severiano Ballesteros<\/strong>, en 1988, et sur l\u2019\u00e9ventualit\u00e9 qu\u2019il joue \u00ab\u00a0\u00e0 la Seve\u00a0\u00bb pour lui succ\u00e9der. \u00ab Je ne pense pas que quiconque puisse jouer \u00e0 la Seve, Seve est le seul qui \u00e9tait capable de jouer \u00e0 la Seve, a-t-il r\u00e9pondu respectueusement. J\u2019ai eu la chance de grandir avec un jeu complet de clubs au lieu d\u2019un fer 3. Il a donc appris \u00e0 jouer d\u2019une mani\u00e8re tr\u00e8s diff\u00e9rente. Mais si cela garantissait de gagner The Open, je le ferais.\u202f\u00bb <\/p>\n<p>Inspir\u00e9 par ses racines et l\u2019histoire du golf, il veut \u00e9crire son propre chapitre sur les links britanniques.<\/p>\n<p>\u00a0<\/p>\n<p>Photo : Charlie Crowhurst\/R&amp;A\/R&amp;A via Getty Images<\/p>\n<p>\t\t\t\t\t<a id=\"178032\" href=\"https:\/\/www.golfy.fr\/landing\/golf-planete-decouvrez-les-golfs-collections-du-reseau-golfy?utm_source=golf_planete&amp;utm_medium=display&amp;utm_campaign=golfs_collection_2025\" target=\"_blank\" rel=\"sponsorised nofollow noopener\"><img decoding=\"async\" src=\"data:image\/svg+xml,%3Csvg%20xmlns=\" http:=\"\" class=\"img-responsive\" alt=\"\" data-lazy-src=\"https:\/\/www.europesays.com\/fr\/wp-content\/uploads\/2025\/06\/golfy-e06-golfs-collection-france-ete-1170x275-1.jpg\"\/><\/a><\/p>\n<p>\t\t\t<script async src=\"https:\/\/platform.twitter.com\/widgets.js\" charset=\"utf-8\"><\/script><\/p>\n","protected":false},"excerpt":{"rendered":"Partager cet article Partager la publication \u00ab\u00a0Jon Rahm : \u00ab La Claret Jug est le troph\u00e9e le plus&hellip;\n","protected":false},"author":2,"featured_media":251434,"comment_status":"","ping_status":"","sticky":false,"template":"","format":"standard","meta":{"footnotes":""},"categories":[1418],"tags":[1011,27,1472,60],"class_list":{"0":"post-251433","1":"post","2":"type-post","3":"status-publish","4":"format-standard","5":"has-post-thumbnail","7":"category-golf","8":"tag-fr","9":"tag-france","10":"tag-golf","11":"tag-sports"},"share_on_mastodon":{"url":"https:\/\/pubeurope.com\/@fr\/114863223001363660","error":""},"_links":{"self":[{"href":"https:\/\/www.europesays.com\/fr\/wp-json\/wp\/v2\/posts\/251433","targetHints":{"allow":["GET"]}}],"collection":[{"href":"https:\/\/www.europesays.com\/fr\/wp-json\/wp\/v2\/posts"}],"about":[{"href":"https:\/\/www.europesays.com\/fr\/wp-json\/wp\/v2\/types\/post"}],"author":[{"embeddable":true,"href":"https:\/\/www.europesays.com\/fr\/wp-json\/wp\/v2\/users\/2"}],"replies":[{"embeddable":true,"href":"https:\/\/www.europesays.com\/fr\/wp-json\/wp\/v2\/comments?post=251433"}],"version-history":[{"count":0,"href":"https:\/\/www.europesays.com\/fr\/wp-json\/wp\/v2\/posts\/251433\/revisions"}],"wp:featuredmedia":[{"embeddable":true,"href":"https:\/\/www.europesays.com\/fr\/wp-json\/wp\/v2\/media\/251434"}],"wp:attachment":[{"href":"https:\/\/www.europesays.com\/fr\/wp-json\/wp\/v2\/media?parent=251433"}],"wp:term":[{"taxonomy":"category","embeddable":true,"href":"https:\/\/www.europesays.com\/fr\/wp-json\/wp\/v2\/categories?post=251433"},{"taxonomy":"post_tag","embeddable":true,"href":"https:\/\/www.europesays.com\/fr\/wp-json\/wp\/v2\/tags?post=251433"}],"curies":[{"name":"wp","href":"https:\/\/api.w.org\/{rel}","templated":true}]}}