{"id":251437,"date":"2025-07-16T13:48:12","date_gmt":"2025-07-16T13:48:12","guid":{"rendered":"https:\/\/www.europesays.com\/fr\/251437\/"},"modified":"2025-07-16T13:48:12","modified_gmt":"2025-07-16T13:48:12","slug":"ce-sera-un-plaisir-dessayer-de-poser-des-problemes-a-lun-des-meilleurs-piliers-du-monde","status":"publish","type":"post","link":"https:\/\/www.europesays.com\/fr\/251437\/","title":{"rendered":"Ce sera un plaisir d&rsquo;essayer de poser des probl\u00e8mes \u00e0 l&rsquo;un des meilleurs piliers du monde"},"content":{"rendered":"<p>            Par<br \/>\n        <strong><br \/>\n            <a href=\"https:\/\/actu.fr\/auteur\/clement-mazella\" title=\"Consulter tous les articles de Cl\u00e9ment Mazella\" rel=\"nofollow noopener\" target=\"_blank\">Cl\u00e9ment Mazella<\/a><br \/>\n        <\/strong><\/p>\n<p>        Publi\u00e9 le<\/p>\n<p>            16 juil. 2025 \u00e0 12h00        <\/p>\n<p>Il ne \u00ab\u00a0s\u2019imaginait pas \u00eatre ici\u00a0\u00bb cet \u00e9t\u00e9, m\u00eame si \u00ab\u00a0c\u2019\u00e9tait dans un coin de la t\u00eate\u00a0\u00bb. Pour <a href=\"https:\/\/actu.fr\/rugby\/joueur\/erdocio_64e24b3d7b8c09c4fed89261\/\" rel=\"nofollow noopener\" target=\"_blank\">Baptiste Erdocio<\/a>, le r\u00eave est devenu r\u00e9alit\u00e9. Face \u00e0 la Nouvelle-Z\u00e9lande la semaine derni\u00e8re \u00e0 Wellington, il a connu sa premi\u00e8re s\u00e9lection avec <a href=\"https:\/\/actu.fr\/rugby\/xv-de-france\" rel=\"nofollow noopener\" target=\"_blank\">le XV de France<\/a>. Le pilier gauche de <a href=\"https:\/\/actu.fr\/rugby\/equipe\/montpellier_64dd31547b8c09c4fec881c3\/\" rel=\"nofollow noopener\" target=\"_blank\">Montpellier<\/a> devrait encha\u00eener ce samedi 19 juillet (9h05) \u00e0 Hamilton pour l\u2019ultime test, et surtout croiser la route d\u2019un sacr\u00e9 client. En effet, il semblerait que <strong>Tyrel Lomax<\/strong>, absent lors des deux premiers matchs sur blessure, fasse son retour.<\/p>\n<p>Erdocio face \u00e0 l\u2019un des meilleurs piliers droits du monde<\/p>\n<p class=\" wall-content\">Et Lomax, il faut bien le reconna\u00eetre, c\u2019est un sacr\u00e9 client (29 ans, 44 s\u00e9lections). Un buffle d\u20191,92m pour 129 kilos, un cou de minotaure, et la promesse d\u2019un \u00e9norme d\u00e9fi en m\u00eal\u00e9e ferm\u00e9e. \u00ab\u00a0C\u2019est l\u2019un des meilleurs droitiers au monde\u00a0\u00bb, a reconnu volontiers ce mercredi 16 juillet face \u00e0 la presse Baptiste Erdocio, revanchard apr\u00e8s ne pas avoir \u00ab\u00a0rempli le contrat\u00a0\u00bb le week-end dernier en premi\u00e8re mi-temps face aux All Blacks (43-17).<\/p>\n<p class=\" wall-content\">Un adversaire de taille, mais ne comptez pas sur le Montpelli\u00e9rain pour partir en victime expiatoire : \u00ab\u00a0Cela sera un plaisir de pouvoir jouer face \u00e0 lui et essayer de lui poser des probl\u00e8mes. M\u00eame si je pense qu\u2019il a connu des piliers plus costauds que moi, je vais me mettre face \u00e0 lui et tout donner\u00a0\u00bb.<\/p>\n<p>Encore de l\u2019\u00e9nergie<\/p>\n<p class=\" wall-content\">Align\u00e9 52 fois lors de ses deux premi\u00e8res saisons \u00e0 Montpellier, le pilier de 25 ans, qui a reconnu avoir fini la saison \u00ab\u00a0fatigu\u00e9\u00a0\u00bb, assure qu\u2019il lui \u00ab\u00a0reste de l\u2019\u00e9nergie\u00a0\u00bb pour bien finir cette tourn\u00e9e d\u2019\u00e9t\u00e9 en Nouvelle-Z\u00e9lande. Avec l\u2019envie de bien finir surtout.<\/p>\n<p class=\" wall-content\">\u00ab\u00a0Nous avons envie collectivement et individuellement de montrer un autre visage\u00a0\u00bb, assure-t-il. Les All Blacks nous ont d\u00e9truits \u00e0 Wellington. Nous voulons essayer de nous d\u00e9passer encore plus. Je veux le jouer \u00e0 fond, pour valider ces 5 semaines, et donner la meilleure image possible\u00a0\u00bb. Rendez-vous est pris, samedi, \u00e0 Hamilton.<\/p>\n<p>Vid\u00e9os : en ce moment sur Actu<\/p>\n<p class=\" wall-content\">Suivez toute l\u2019actualit\u00e9 de vos villes et m\u00e9dias favoris en vous inscrivant \u00e0 <a href=\"https:\/\/moncompte.actu.fr\" title=\"D\u00e9couvez Mon Actu\" rel=\"nofollow noopener\" data-trk=\"{&quot;cta&quot;:{&quot;action&quot;:&quot;https:\\\/\\\/moncompte.actu.fr&quot;,&quot;category&quot;:&quot;mon compte&quot;,&quot;from&quot;:&quot;article footer&quot;,&quot;name&quot;:&quot;Mon actu&quot;,&quot;type&quot;:&quot;cta&quot;}}\" target=\"_blank\">Mon Actu<\/a>.<\/p>\n","protected":false},"excerpt":{"rendered":"Par Cl\u00e9ment Mazella Publi\u00e9 le 16 juil. 2025 \u00e0 12h00 Il ne \u00ab\u00a0s\u2019imaginait pas \u00eatre ici\u00a0\u00bb cet \u00e9t\u00e9,&hellip;\n","protected":false},"author":2,"featured_media":251438,"comment_status":"","ping_status":"","sticky":false,"template":"","format":"standard","meta":{"footnotes":""},"categories":[1416],"tags":[2305,1011,27,479,1468,60,513],"class_list":{"0":"post-251437","1":"post","2":"type-post","3":"status-publish","4":"format-standard","5":"has-post-thumbnail","7":"category-rugby","8":"tag-all-blacks","9":"tag-fr","10":"tag-france","11":"tag-rugby","12":"tag-rugby-football","13":"tag-sports","14":"tag-xv-de-france"},"share_on_mastodon":{"url":"https:\/\/pubeurope.com\/@fr\/114863230404340909","error":""},"_links":{"self":[{"href":"https:\/\/www.europesays.com\/fr\/wp-json\/wp\/v2\/posts\/251437","targetHints":{"allow":["GET"]}}],"collection":[{"href":"https:\/\/www.europesays.com\/fr\/wp-json\/wp\/v2\/posts"}],"about":[{"href":"https:\/\/www.europesays.com\/fr\/wp-json\/wp\/v2\/types\/post"}],"author":[{"embeddable":true,"href":"https:\/\/www.europesays.com\/fr\/wp-json\/wp\/v2\/users\/2"}],"replies":[{"embeddable":true,"href":"https:\/\/www.europesays.com\/fr\/wp-json\/wp\/v2\/comments?post=251437"}],"version-history":[{"count":0,"href":"https:\/\/www.europesays.com\/fr\/wp-json\/wp\/v2\/posts\/251437\/revisions"}],"wp:featuredmedia":[{"embeddable":true,"href":"https:\/\/www.europesays.com\/fr\/wp-json\/wp\/v2\/media\/251438"}],"wp:attachment":[{"href":"https:\/\/www.europesays.com\/fr\/wp-json\/wp\/v2\/media?parent=251437"}],"wp:term":[{"taxonomy":"category","embeddable":true,"href":"https:\/\/www.europesays.com\/fr\/wp-json\/wp\/v2\/categories?post=251437"},{"taxonomy":"post_tag","embeddable":true,"href":"https:\/\/www.europesays.com\/fr\/wp-json\/wp\/v2\/tags?post=251437"}],"curies":[{"name":"wp","href":"https:\/\/api.w.org\/{rel}","templated":true}]}}