{"id":251439,"date":"2025-07-16T13:49:18","date_gmt":"2025-07-16T13:49:18","guid":{"rendered":"https:\/\/www.europesays.com\/fr\/251439\/"},"modified":"2025-07-16T13:49:18","modified_gmt":"2025-07-16T13:49:18","slug":"atp-andy-murray-face-a-roger-federer-ce-jour-la-je-me-suis-senti-humilie","status":"publish","type":"post","link":"https:\/\/www.europesays.com\/fr\/251439\/","title":{"rendered":"ATP > Andy Murray : \u00ab\u00a0Face \u00e0 Roger Federer ce jour-l\u00e0, je me suis senti humili\u00e9\u00a0\u00bb"},"content":{"rendered":"<p>R\u00e9cemment de passage dans l\u2019\u00e9mis\u00adsion The Tennis Mentor sur Youtube o\u00f9 il est notam\u00adment revenu sur <a href=\"https:\/\/www.welovetennis.fr\/atp\/andy-murray-ex-coach-de-djokovic-parfois-novak-cherchait-beaucoup-de-retours-techniques-et-cetait-quelque-chose-avec-lequel-je-ne-me-sentais-pas-vraiment-a-laise\" data-wpel-link=\"internal\" target=\"_blank\" rel=\"noopener\">son exp\u00e9\u00adrience en tant que coach de Novak Djokovic<\/a>, Andy Murray a \u00e9gale\u00adment \u00e9voqu\u00e9 l\u2019un des moments les plus diffi\u00adciles et humi\u00adliants de sa carri\u00e8re de joueur.\u00a0<\/p>\n<p>C\u2019\u00e9tait \u00e0 l\u2019oc\u00adca\u00adsion d\u2019une lourde d\u00e9faite face Roger Federer (6\u22120, 6\u20131) sur le Masters de Londres en\u00a02014.\u00a0<\/p>\n<p><strong>\u00ab\u202fL\u2019une des carac\u00adt\u00e9\u00adris\u00adtiques du tennis, c\u2019est qu\u2019il est diffi\u00adcile, mais qu\u2019il offre de grandes le\u00e7ons. La plupart des semaines, on termine les tour\u00adnois en perdant. M\u00eame les plus grands joueurs, s\u2019ils jouent 20 tour\u00adnois dans l\u2019ann\u00e9e, s\u2019ils en gagnent cinq, c\u2019est une grande saison. Les autres semaines, vous terminez par une d\u00e9faite. Mais je dirais que l\u2019un des matches o\u00f9 j\u2019ai \u00e9t\u00e9 le plus humili\u00e9, c\u2019\u00e9tait \u00e0 l\u2019O2 Arena de Londres, lors des ATP Finals (en 2014). Je ne sais plus si c\u2019\u00e9tait 6\u20130 5\u20130, mais c\u2019\u00e9tait 6\u20130 3\u20130 avant que je ne gagne mon premier jeu, et c\u2019\u00e9tait peut\u2010\u00eatre 6\u20130 5\u20130 contre Federer. Il jouait tr\u00e8s bien, je jouais tr\u00e8s mal. C\u2019\u00e9tait devant mon public, dans un stade immense. Je pense que c\u2019est la seule fois de ma carri\u00e8re o\u00f9 j\u2019ai esp\u00e9r\u00e9 gagner un match. Je me suis senti humili\u00e9 ce jour\u2010l\u00e0.\u202f\u00bb<\/strong><\/p>\n<p class=\"post-published-date\" style=\"color: silver; font-size: 75%; text-align: left;\">Publi\u00e9 le mercredi 16 juillet 2025 \u00e0 14:26<\/p>\n","protected":false},"excerpt":{"rendered":"R\u00e9cemment de passage dans l\u2019\u00e9mis\u00adsion The Tennis Mentor sur Youtube o\u00f9 il est notam\u00adment revenu sur son exp\u00e9\u00adrience&hellip;\n","protected":false},"author":2,"featured_media":251440,"comment_status":"","ping_status":"","sticky":false,"template":"","format":"standard","meta":{"footnotes":""},"categories":[1415],"tags":[4737,105,2199,1011,27,60,1467],"class_list":{"0":"post-251439","1":"post","2":"type-post","3":"status-publish","4":"format-standard","5":"has-post-thumbnail","7":"category-tennis","8":"tag-andy-murray","9":"tag-djokovic","10":"tag-federer","11":"tag-fr","12":"tag-france","13":"tag-sports","14":"tag-tennis"},"share_on_mastodon":{"url":"https:\/\/pubeurope.com\/@fr\/114863234225052023","error":""},"_links":{"self":[{"href":"https:\/\/www.europesays.com\/fr\/wp-json\/wp\/v2\/posts\/251439","targetHints":{"allow":["GET"]}}],"collection":[{"href":"https:\/\/www.europesays.com\/fr\/wp-json\/wp\/v2\/posts"}],"about":[{"href":"https:\/\/www.europesays.com\/fr\/wp-json\/wp\/v2\/types\/post"}],"author":[{"embeddable":true,"href":"https:\/\/www.europesays.com\/fr\/wp-json\/wp\/v2\/users\/2"}],"replies":[{"embeddable":true,"href":"https:\/\/www.europesays.com\/fr\/wp-json\/wp\/v2\/comments?post=251439"}],"version-history":[{"count":0,"href":"https:\/\/www.europesays.com\/fr\/wp-json\/wp\/v2\/posts\/251439\/revisions"}],"wp:featuredmedia":[{"embeddable":true,"href":"https:\/\/www.europesays.com\/fr\/wp-json\/wp\/v2\/media\/251440"}],"wp:attachment":[{"href":"https:\/\/www.europesays.com\/fr\/wp-json\/wp\/v2\/media?parent=251439"}],"wp:term":[{"taxonomy":"category","embeddable":true,"href":"https:\/\/www.europesays.com\/fr\/wp-json\/wp\/v2\/categories?post=251439"},{"taxonomy":"post_tag","embeddable":true,"href":"https:\/\/www.europesays.com\/fr\/wp-json\/wp\/v2\/tags?post=251439"}],"curies":[{"name":"wp","href":"https:\/\/api.w.org\/{rel}","templated":true}]}}