{"id":251451,"date":"2025-07-16T13:56:09","date_gmt":"2025-07-16T13:56:09","guid":{"rendered":"https:\/\/www.europesays.com\/fr\/251451\/"},"modified":"2025-07-16T13:56:09","modified_gmt":"2025-07-16T13:56:09","slug":"a-pelloche-trois-bordelais-font-de-la-photo-comme-avant","status":"publish","type":"post","link":"https:\/\/www.europesays.com\/fr\/251451\/","title":{"rendered":"\u00e0 Pelloche, trois Bordelais font de la photo comme avant"},"content":{"rendered":"<p>Au d\u00e9but des ann\u00e9es 2000, le num\u00e9rique a supplant\u00e9 l\u2019argentique. Les uns apr\u00e8s les autres, les fabricants d\u2019appareils photo utilisant la bonne vieille pellicule ont arr\u00eat\u00e9 leur production. Alban Gatti, cofondateur de <a href=\"https:\/\/www.instagram.com\/pelloche.lab\/\" target=\"_blank\" rel=\"nofollow noopener\">Pelloche<\/a>, qui renoue avec cette technique apparue \u00ab\u00a0il y a\u00a0cent quatre-vingts ans\u00a0\u00bb, \u00e9tait encore un enfant \u00e0 l\u2019\u00e9poque. Ce qui ne l\u2019emp\u00eache pas d\u2019avoir des souvenirs, immortalis\u00e9s sur papier. \u00ab\u00a0Quand je partais en colonie de vacances, ma m\u00e8re me mettait un petit appareil photo jetable dans mon sac \u00e0 dos\u00a0\u00bb, raconte-t-il. Sa vocation \u00e9tait n\u00e9e.<\/p>\n<p>Dipl\u00f4m\u00e9 d\u2019une \u00e9cole de photographie toulousaine r\u00e9put\u00e9e, ce Bordelais de 28\u00a0ans a commenc\u00e9 par monter en 2019 sa propre agence de photos, qui travaille pour des marques de vin et de champagne. Pour leurs supports de communication, il arrive que ses clients lui demandent des photographies argentiques. \u00ab\u00a0En termes de rendu d\u2019image, il y a quelque chose d\u2019assez organique, appr\u00e9cie le jeune chef d\u2019entreprise. Il y a de l\u2019imperfection, mais une imperfection qui pla\u00eet beaucoup.\u00a0\u00bb Une sorte d\u2019alliance des grains.<\/p>\n<p>Il en va de la photographie argentique comme <a href=\"https:\/\/www.sudouest.fr\/culture\/musique\/le-retour-du-disque-vinyle-entre-nostalgie-et-renaissance-culturelle-23991234.php\" target=\"_blank\" rel=\"follow nofollow noopener\">du vinyle, qui effectue un retour en force face au streaming<\/a>. Pour les jeunes g\u00e9n\u00e9rations, l\u2019argentique renvoie d\u2019abord aux photos de famille auxquelles tiennent leurs parents et grands-parents, celles qu\u2019on gardait et qu\u2019on regardait vraiment. \u00ab\u00a0Aujourd\u2019hui, on a entre 10\u00a0000\u00a0et 20\u00a0000 images dans nos smartphones, mais on ne les regarde jamais\u00a0\u00bb, remarque Alban Gatti, qui s\u2019est associ\u00e9 avec deux amies, Salom\u00e9 Eclancher, photographe ind\u00e9pendante de 31\u00a0ans, et Claudia Garcia, 28\u00a0ans, photographe, graphiste et web designer, pour ouvrir Pelloche au 3, rue de la Rousselle, \u00e0 Bordeaux.<\/p>\n<p>Des gestes qui ne vont plus de soi<\/p>\n<p>\u00c0 cette adresse, ils proposent un service complet\u00a0: d\u00e9veloppement, tirage, vente de bo\u00eetiers argentiques d\u2019occasion et, bien \u00e9videmment, de pellicules, de \u00ab\u00a0pelloches\u00a0\u00bb, comme on disait. Cet espace de 100\u00a0m\u00e8tres carr\u00e9s fait parall\u00e8lement office de galerie, avec un mur o\u00f9 les clients pourront \u00e9galement exposer. Tous les deux mois, il y aura un nouveau vernissage.<\/p>\n<p>Mariage du progr\u00e8s et de la tradition, il est possible de num\u00e9riser ses tirages argentiques, afin de les avoir dans son t\u00e9l\u00e9phone portable ou de les partager sur les r\u00e9seaux sociaux. Signe des temps, dans un monde de plus en plus d\u00e9mat\u00e9rialis\u00e9, il arrive que certains adeptes de l\u2019argentique repartent uniquement avec leur fichier num\u00e9rique.<\/p>\n<blockquote><p>\u00ab\u00a0Aujourd\u2019hui, on a entre 10\u00a0000\u00a0et 20\u00a0000 images dans nos smartphones, mais on ne les regarde jamais\u00a0\u00bb<\/p><\/blockquote>\n<p>\u00ab\u00a0C\u2019est important de venir r\u00e9cup\u00e9rer vos n\u00e9gatifs, car ce sont les originaux de vos photos\u00a0\u00bb, consid\u00e8re Alban Gatti, qui n\u2019ignore pas que les gestes qui paraissaient autrefois automatiques ne vont plus forc\u00e9ment de soi, m\u00eame quand on est un as de la retouche et qu\u2019on ma\u00eetrise l\u2019IA sur le bout des doigts. Comment ins\u00e9rer une pellicule\u00a0? Comment la rembobiner\u00a0? Ce sont des questions qu\u2019il ne faudra pas h\u00e9siter \u00e0 poser. L\u2019\u00e8re de l\u2019argentique, c\u2019\u00e9tait hier, certes, mais le temps passe tellement vite.<\/p>\n<p>Le march\u00e9<\/p>\n<p>Entre les nostalgiques, les puristes, les professionnels et ceux qui veulent s\u2019y essayer, une communaut\u00e9 de passionn\u00e9s a vu le jour un peu partout sur la plan\u00e8te. Est-ce suffisant, \u00e9conomiquement parlant\u00a0? Y a-t-il pour autant un march\u00e9\u00a0? Avant de franchir le pas, les trois fondateurs de Pelloche ont \u00e9tudi\u00e9 ce qui se faisait ailleurs, dans des grandes villes. \u00ab\u00a0Des enseignes nous ont ouvert leurs livres de comptes\u00a0\u00bb, confient-ils.<\/p>\n<p>\u00c0 leurs yeux, il y a des signes qui ne trompent pas\u00a0: \u00ab\u00a0Des marques r\u00e9put\u00e9es d\u2019appareils photo sont en train de r\u00e9\u00e9diter des bo\u00eetiers argentiques. Un Fran\u00e7ais a ouvert la plus petite manufacture de films du monde. Parall\u00e8lement, \u00e9norm\u00e9ment de gens envoient leurs pellicules \u00e0 d\u00e9velopper dans de gros laboratoires \u00e9trangers, \u00e0 Valence ou Amsterdam par exemple. Chez nous, cela correspondait \u00e0 un besoin, on peut dire un r\u00eave. Mais il y a une vraie demande.\u00a0\u00bb<\/p>\n<p>Leur sens de l\u2019esth\u00e9tique est visible d\u2019entr\u00e9e. Sous les jolies vo\u00fbtes de cet ancien garage, le laboratoire proprement dit, avec ses deux d\u00e9veloppeuses, ses deux scanners et son minilab, est s\u00e9par\u00e9 des 60\u00a0m\u00e8tres carr\u00e9s de boutique par une verri\u00e8re, \u00e0 la mani\u00e8re des cuisines ouvertes dans les restaurants. Une fa\u00e7on de mettre en valeur le travail des techniciens, qui n\u2019ont plus \u00e0 s\u2019isoler dans des chambres noires. \u00ab\u00a0Les machines sont d\u2019\u00e9poque, des ann\u00e9es 1990 et 2000, pr\u00e9cise Alban Gatti. Elles ont \u00e9t\u00e9 reconditionn\u00e9es et refiabilis\u00e9es.\u00a0\u00bb Le d\u00e9cor carrel\u00e9, \u00ab\u00a0tr\u00e8s pop, un peu seventies\u00a0\u00bb, abrite fauteuils et canap\u00e9s. Pelloche se voit comme \u00ab\u00a0un lieu de passage, d\u2019\u00e9changes, o\u00f9 l\u2019on peut se poser pour papoter\u00a0autour d\u2019un caf\u00e9\u00a0\u00bb.<\/p>\n<p>        <script async src=\"\/\/www.instagram.com\/embed.js\"><\/script><\/p>\n","protected":false},"excerpt":{"rendered":"Au d\u00e9but des ann\u00e9es 2000, le num\u00e9rique a supplant\u00e9 l\u2019argentique. Les uns apr\u00e8s les autres, les fabricants d\u2019appareils&hellip;\n","protected":false},"author":2,"featured_media":251452,"comment_status":"","ping_status":"","sticky":false,"template":"","format":"standard","meta":{"footnotes":""},"categories":[1358],"tags":[1348,1384,1385,1386,58,59,1011,27],"class_list":{"0":"post-251451","1":"post","2":"type-post","3":"status-publish","4":"format-standard","5":"has-post-thumbnail","7":"category-arts-et-design","8":"tag-arts","9":"tag-arts-and-design","10":"tag-arts-et-design","11":"tag-design","12":"tag-divertissement","13":"tag-entertainment","14":"tag-fr","15":"tag-france"},"share_on_mastodon":{"url":"https:\/\/pubeurope.com\/@fr\/114863261823317568","error":""},"_links":{"self":[{"href":"https:\/\/www.europesays.com\/fr\/wp-json\/wp\/v2\/posts\/251451","targetHints":{"allow":["GET"]}}],"collection":[{"href":"https:\/\/www.europesays.com\/fr\/wp-json\/wp\/v2\/posts"}],"about":[{"href":"https:\/\/www.europesays.com\/fr\/wp-json\/wp\/v2\/types\/post"}],"author":[{"embeddable":true,"href":"https:\/\/www.europesays.com\/fr\/wp-json\/wp\/v2\/users\/2"}],"replies":[{"embeddable":true,"href":"https:\/\/www.europesays.com\/fr\/wp-json\/wp\/v2\/comments?post=251451"}],"version-history":[{"count":0,"href":"https:\/\/www.europesays.com\/fr\/wp-json\/wp\/v2\/posts\/251451\/revisions"}],"wp:featuredmedia":[{"embeddable":true,"href":"https:\/\/www.europesays.com\/fr\/wp-json\/wp\/v2\/media\/251452"}],"wp:attachment":[{"href":"https:\/\/www.europesays.com\/fr\/wp-json\/wp\/v2\/media?parent=251451"}],"wp:term":[{"taxonomy":"category","embeddable":true,"href":"https:\/\/www.europesays.com\/fr\/wp-json\/wp\/v2\/categories?post=251451"},{"taxonomy":"post_tag","embeddable":true,"href":"https:\/\/www.europesays.com\/fr\/wp-json\/wp\/v2\/tags?post=251451"}],"curies":[{"name":"wp","href":"https:\/\/api.w.org\/{rel}","templated":true}]}}