{"id":251455,"date":"2025-07-16T13:58:24","date_gmt":"2025-07-16T13:58:24","guid":{"rendered":"https:\/\/www.europesays.com\/fr\/251455\/"},"modified":"2025-07-16T13:58:24","modified_gmt":"2025-07-16T13:58:24","slug":"morgane-embrasse-steve-thomas-officialise-avec-son-nouveau-petit-ami-le-resume-de-lepisode-378-du-jeudi-17-juillet-2025","status":"publish","type":"post","link":"https:\/\/www.europesays.com\/fr\/251455\/","title":{"rendered":"Morgane embrasse Steve, Thomas officialise avec son nouveau petit-ami&#8230;Le r\u00e9sum\u00e9 de l&rsquo;\u00e9pisode 378 du jeudi 17 juillet 2025"},"content":{"rendered":"<p><b>Jeudi 17 juillet 2025 dans <\/b><b>Plus belle la vie<\/b> &#8211; bient\u00f4t marqu\u00e9e par<a href=\"https:\/\/www.programme-tv.net\/news\/series-tv\/381428-exclu-plus-belle-la-vie-bryan-tresor-baptiste-bientot-de-retour-mais-sans-pauline-bression-emma\/\" data-api-deeplink=\"teleloisirs:\/\/news\/381428\" target=\"_blank\" rel=\"noopener\"> le retour d&rsquo;un personnage embl\u00e9matique<\/a>&#8230; Au petit matin, tous les concurrents sont d\u00e9j\u00e0 en plein exercices. Tous, sauf Morgane, d\u00e9pit\u00e9e <a href=\"https:\/\/www.programme-tv.net\/news\/series-tv\/383320-plus-belle-la-vie-en-avance-jules-sait-que-morgane-l-a-trompe-avec-idriss-il-la-soupconne-d-avoir-une-relation-avec-steve-le-resume-de-l-episode-377-du-mercredi-16-juillet-2025\/\" data-api-deeplink=\"teleloisirs:\/\/news\/383320\" target=\"_blank\" rel=\"noopener\">depuis ce qui s&rsquo;est pass\u00e9 la veille avec Jules<\/a>. Mais la jeune femme est surtout inqui\u00e8te pour sa soeur. La comp\u00e9tition fait rage, et Laura est une sacr\u00e9e concurrente qu&rsquo;on pourrait vouloir faire tomber. L&rsquo;a\u00een\u00e9e des Tanguy est touch\u00e9e par cette attention de la cadette. De son c\u00f4t\u00e9, Vadim ne l\u00e2che rien, d\u00e9termin\u00e9 \u00e0 comprendre ce qui est arriv\u00e9 \u00e0 Esteban. Il parvient m\u00eame, avec quelques difficult\u00e9s \u00e0 se faire embaucher comme infirmier aupr\u00e8s du commandant Delmas. L&rsquo;occasion de d\u00e9couvrir la v\u00e9rit\u00e9 ?<\/p>\n<p>Plus belle la vie en avance : Apolline \/ Oph\u00e9lie, la guerre est d\u00e9clar\u00e9e!<\/p>\n<p>Au Mistral, Apolline s&rsquo;est install\u00e9e \u00e0 la terrasse et semble recevoir des clients pour des conseils juridiques. De quoi faire bondir Oph\u00e9lie, \u00e9galement pr\u00e9sente, outr\u00e9e que la jeune femme pratique son m\u00e9tier au noir. De m\u00eame, Djawad apostrophe l&rsquo;ancienne employ\u00e9e des Kepler. Les clients se plaignent du bruit. Mais la r\u00e9alit\u00e9 est qu&rsquo;elle n&rsquo;a plus d&rsquo;argent, et qu&rsquo;elle pr\u00e9f\u00e8re venir au Mistral, pour ne pas faire augmenter sa facture d&rsquo;\u00e9lectricit\u00e9. Evidemment, devant les autres, la jeune femme fait bonne figure et annonce m\u00eame avoir cr\u00e9\u00e9 sa auto-entreprise, m\u00eame si Oph\u00e9lie semble sceptique. Mais surtout, l&rsquo;explication entre les deux jeunes femmes tourne \u00e0 l&rsquo;affrontement en place publique.<\/p>\n<p>                        Plus belle la vie en avance : Thomas annonce \u00e0 Gabriel&#8230; \u00eatre en couple !<\/p>\n<p>Au Mistral, Barbara s&rsquo;\u00e9tonne de voir Thomas en train de textoter Gabriel. M\u00eame si elle comprend la situation depuis la mort de Samuel, la cuisini\u00e8re les trouve proches pour deux hommes divorc\u00e9s. Pour contrecarrer toute ambig\u00fcit\u00e9, le serveur recontacte alors Enzo, qu&rsquo;il avait rencontr\u00e9 lors de l&rsquo;obtention de son baccalaur\u00e9at. Se retrouvant au Mistral, l&rsquo;homme est \u00e9tonn\u00e9 d&rsquo;\u00eatre recontact\u00e9 comme il n&rsquo;avait pas eu de nouvelles depuis. Thomas explique qu&rsquo;il avait besoin de temps et surtout qu&rsquo;il ne souhaite pas aller trop vite, jusqu&rsquo;au moment o\u00f9&#8230; Gabriel d\u00e9barque. Venant chercher son sandwich, le m\u00e9decin est pour le moins surpris quand son ex-mari lui pr\u00e9sente son nouveau mec, et l&rsquo;appelle m\u00eame \u00ab\u00a0Mon ch\u00e9ri\u00a0\u00bb devant lui, allant jusqu&rsquo;\u00e0 projeter de partir en week-end avec son nouvel amoureux.  Une petite tendance \u00e0 en faire trop, un poil suspecte. Malheureusement, l&rsquo;essai est infructueux. Bien qu&rsquo;\u00e9tonn\u00e9, Gabriel est ravi pour lui, et surtout tr\u00e8s heureux avec Axel.<\/p>\n<p>            Plus belle la vie en avance : Laura console Jules, Morgane embrasse Steve<\/p>\n<p>Jules arrive sur la zone d&rsquo;entra\u00eenement en vue de l&rsquo;\u00e9preuve d&rsquo;apn\u00e9e du lendemain. Morgane (<a href=\"https:\/\/www.programme-tv.net\/biographie\/156352-pradin-jade\/\" data-link-people=\"2166d889-5764-449c-98ca-c45e85c4a6c8\" target=\"_blank\" rel=\"noopener\">Jade Pradin<\/a> &#8211; <a href=\"https:\/\/www.programme-tv.net\/news\/people\/380255-plus-belle-la-vie-a-25-ans-cette-actrice-centrale-de-la-serie-de-tf1-annonce-qu-elle-va-se-marier\/\" data-api-deeplink=\"teleloisirs:\/\/news\/380255\" target=\"_blank\" rel=\"noopener\">bient\u00f4t mari\u00e9e<\/a>) n&rsquo;est pas l\u00e0, et Laura tente d&rsquo;en savoir plus. Mais le journaliste est particuli\u00e8rement agressif ! Plus tard, il explique la situation. Il a accus\u00e9 sa petite copine de coucher avec Steve. Sa \u00ab\u00a0belle-soeur\u00a0\u00bb le rassure alors, Morgane va revenir&#8230; Ou pas. Le soir venu, la brigadi\u00e8re Tanguy est prise \u00e0 partie par ses concurrents pour ne pas \u00eatre venu \u00e0 l&rsquo;entra\u00eenement. Melvin va jusqu&rsquo;\u00e0 lui bloquer la respiration pour s&rsquo;entrainer pour l&rsquo;apn\u00e9e. Outr\u00e9, Steve d\u00e9barque alors et en vient presqu&rsquo;aux mains avec le jeune homme. Plus tard, avec son ami, Morgane tente de retrouver son calme. L&rsquo;\u00e9tudiant en informatique la coache alors pour qu&rsquo;elle se d\u00e9tendre, allant jusqu&rsquo;\u00e0 poser sa main sur son ventre pour l&rsquo;aider \u00e0 respirer. Enfin en confiance, la jeune femme se laisse aller , le remercie d&rsquo;\u00eatre l\u00e0 et finit par embrasser Steve&#8230;<\/p>\n","protected":false},"excerpt":{"rendered":"Jeudi 17 juillet 2025 dans Plus belle la vie &#8211; bient\u00f4t marqu\u00e9e par le retour d&rsquo;un personnage embl\u00e9matique&#8230;&hellip;\n","protected":false},"author":2,"featured_media":251456,"comment_status":"","ping_status":"","sticky":false,"template":"","format":"standard","meta":{"footnotes":""},"categories":[1356],"tags":[244,58,1367,59,1011,27,5249,1368,7309,7311,7310,252,199,1364],"class_list":{"0":"post-251455","1":"post","2":"type-post","3":"status-publish","4":"format-standard","5":"has-post-thumbnail","7":"category-television","8":"tag-commentaire","9":"tag-divertissement","10":"tag-encore-plus-belle","11":"tag-entertainment","12":"tag-fr","13":"tag-france","14":"tag-mytf1-max","15":"tag-plus-belle-la-vie","16":"tag-plus-belle-la-vie-en-avance","17":"tag-ru00e9sumu00e9-plus-belle-la-vie","18":"tag-ru00e9sumu00e9-plus-belle-la-vie-en-avance","19":"tag-television","20":"tag-tf1","21":"tag-tv"},"share_on_mastodon":{"url":"https:\/\/pubeurope.com\/@fr\/114863269733821276","error":""},"_links":{"self":[{"href":"https:\/\/www.europesays.com\/fr\/wp-json\/wp\/v2\/posts\/251455","targetHints":{"allow":["GET"]}}],"collection":[{"href":"https:\/\/www.europesays.com\/fr\/wp-json\/wp\/v2\/posts"}],"about":[{"href":"https:\/\/www.europesays.com\/fr\/wp-json\/wp\/v2\/types\/post"}],"author":[{"embeddable":true,"href":"https:\/\/www.europesays.com\/fr\/wp-json\/wp\/v2\/users\/2"}],"replies":[{"embeddable":true,"href":"https:\/\/www.europesays.com\/fr\/wp-json\/wp\/v2\/comments?post=251455"}],"version-history":[{"count":0,"href":"https:\/\/www.europesays.com\/fr\/wp-json\/wp\/v2\/posts\/251455\/revisions"}],"wp:featuredmedia":[{"embeddable":true,"href":"https:\/\/www.europesays.com\/fr\/wp-json\/wp\/v2\/media\/251456"}],"wp:attachment":[{"href":"https:\/\/www.europesays.com\/fr\/wp-json\/wp\/v2\/media?parent=251455"}],"wp:term":[{"taxonomy":"category","embeddable":true,"href":"https:\/\/www.europesays.com\/fr\/wp-json\/wp\/v2\/categories?post=251455"},{"taxonomy":"post_tag","embeddable":true,"href":"https:\/\/www.europesays.com\/fr\/wp-json\/wp\/v2\/tags?post=251455"}],"curies":[{"name":"wp","href":"https:\/\/api.w.org\/{rel}","templated":true}]}}