{"id":251457,"date":"2025-07-16T13:59:12","date_gmt":"2025-07-16T13:59:12","guid":{"rendered":"https:\/\/www.europesays.com\/fr\/251457\/"},"modified":"2025-07-16T13:59:12","modified_gmt":"2025-07-16T13:59:12","slug":"miley-cyrus-ne-veut-plus-partir-en-tournee","status":"publish","type":"post","link":"https:\/\/www.europesays.com\/fr\/251457\/","title":{"rendered":"Miley Cyrus ne veut plus partir en tourn\u00e9e"},"content":{"rendered":"<p>La chanteuse am\u00e9ricaine a r\u00e9v\u00e9l\u00e9 au micro de l\u2019\u00e9mission Good Morning America, le 15 juillet, que les concerts affectent son \u00ab\u00a0bien-\u00eatre mental\u00a0\u00bb.<\/p>\n<p class=\"fig-paragraph\">En pleine promotion de son film et de son album studio Something Beautiful, la chanteuse\u00a0<a href=\"http:\/\/www.lefigaro.fr\/culture\/miley-cyrus-revele-la-date-de-sortie-et-la-pochette-de-son-nouveau-disque-sur-les-reseaux-sociaux-20250327\" data-fig-type=\"NewsFlash\" data-gtm-custom-categorie=\"navigation\" data-gtm-custom-action=\"crossclick\" data-gtm-custom-label=\"Contextuel\" data-gtm-event=\"customEventSPE\" data-fig-domain=\"LEFIGARO\" target=\"_blank\" rel=\"noopener\">Miley Cyrus<\/a>\u00a0a surpris ses fans en r\u00e9v\u00e9lant au micro de\u00a0<a href=\"https:\/\/www.youtube.com\/watch?v=nBs3RlipEWQ\" target=\"_blank\" rel=\"sponsored noopener\" data-gtm-custom-categorie=\"navigation\" data-gtm-custom-action=\"crossclick\" data-gtm-custom-label=\"Contextuel\" data-gtm-event=\"customEventSPE\">l\u2019\u00e9mission Good Morning America<\/a>, qu\u2019elle ne souhaitait plus donner de concerts\u00a0: \u00ab J\u2019en ai les capacit\u00e9s physiques et j\u2019ai l\u2019opportunit\u00e9 de partir en tourn\u00e9e. J\u2019aimerais en avoir envie, mais je ne l\u2019ai pas\u00a0\u00bb, avoue l\u2019artiste, le 15 juillet.<\/p>\n<p class=\"fig-paragraph\">Pour l\u2019interpr\u00e8te de Flowers, ses spectacles p\u00e8sent lourdement sur son \u00e9tat physique et mental\u00a0: \u00ab Les artistes comme<a href=\"https:\/\/www.lefigaro.fr\/musique\/prince-dans-les-secrets-d-un-artiste-obsessionnel-20201005\" data-fig-type=\"Article\" data-gtm-custom-categorie=\"navigation\" data-gtm-custom-action=\"crossclick\" data-gtm-custom-label=\"Contextuel\" data-gtm-event=\"customEventSPE\" data-fig-domain=\"LEFIGARO\" target=\"_blank\" rel=\"noopener\">\u00a0Prince<\/a> , disparu aujourd\u2019hui, ont v\u00e9cu un style de vie intense, toujours \u00e0 arpenter la route&#8230;C\u2019est vraiment difficile de rester sobre sur la route, alors que c\u2019est un pilier essentiel de ma stabilit\u00e9, r\u00e9v\u00e8le la chanteuse, c\u2019est vraiment compliqu\u00e9 de pr\u00e9server son bien-\u00eatre mental en tourn\u00e9e. On est entour\u00e9 de milliers de personnes qui nous crient dessus, on est sous l\u2019effet de la dopamine, on ressent beaucoup d\u2019amour, et puis on s\u2019effondre compl\u00e8tement \u00e0 la fin du concert. On commence \u00e0 penser qu\u2019une seule personne qui vous aime ne suffit pas et qu\u2019il en faut 10\u00a0000, voire 80\u00a0000\u00a0\u00bb.\u00a0<\/p>\n<p>                                    <a class=\"fig-a11y-skip a11y-hidden\" href=\"#fig-a11y-skip-main-inarticle\"><br \/>\n        Passer la publicit\u00e9<br \/>\n    <\/a><\/p>\n<p>Admiratrice de Beyonc\u00e9<\/p>\n<p class=\"fig-paragraph\">Miley Cyrus veut d\u00e9laisser les tourn\u00e9es. Mais elle n\u2019abandonne pas l\u2019id\u00e9e de partager la sc\u00e8ne avec d\u2019autres artistes. Le 20 juin, elle a rejoint\u00a0<a href=\"http:\/\/www.lefigaro.fr\/musique\/beyonce-embrasse-la-country-au-stade-de-france-dans-une-amerique-dechiree-20250622\" data-fig-type=\"Article\" data-gtm-custom-categorie=\"navigation\" data-gtm-custom-action=\"crossclick\" data-gtm-custom-label=\"Contextuel\" data-gtm-event=\"customEventSPE\" data-fig-domain=\"LEFIGARO\" target=\"_blank\" rel=\"noopener\">Beyonc\u00e9 au Stade de France<\/a>. Les deux chanteuses ont interpr\u00e9t\u00e9 la chanson Il Most Wanted.\u00ab Quand vous \u00eates \u00e0 c\u00f4t\u00e9 d\u2019elle, vous pouvez r\u00e9ellement ressentir son d\u00e9sir et sa passion d\u2019\u00eatre sur sc\u00e8ne\u00a0\u00bb confesse Miley Cyrus \u00e0 Good Morning America.<\/p>\n<p class=\"fig-paragraph\">Publi\u00e9 le 30 mai, l\u2019album visuel Something Beautiful a accompagn\u00e9 la sortie du film \u00e9ponyme. Diffus\u00e9 le 27 juin dans les salles obscures, ce long-m\u00e9trage inclut les treize chansons du disque. Miley Cyrus joue le r\u00f4le principal et incarne plusieurs personnages comme une showgirl ou une star de cin\u00e9ma des ann\u00e9es 1960.<\/p>\n","protected":false},"excerpt":{"rendered":"La chanteuse am\u00e9ricaine a r\u00e9v\u00e9l\u00e9 au micro de l\u2019\u00e9mission Good Morning America, le 15 juillet, que les concerts&hellip;\n","protected":false},"author":2,"featured_media":251458,"comment_status":"","ping_status":"","sticky":false,"template":"","format":"standard","meta":{"footnotes":""},"categories":[1355],"tags":[58,59,1011,27,25476,1361,873,4441],"class_list":{"0":"post-251457","1":"post","2":"type-post","3":"status-publish","4":"format-standard","5":"has-post-thumbnail","7":"category-musique","8":"tag-divertissement","9":"tag-entertainment","10":"tag-fr","11":"tag-france","12":"tag-miley-cyrus","13":"tag-music","14":"tag-musique","15":"tag-tournee"},"share_on_mastodon":{"url":"https:\/\/pubeurope.com\/@fr\/114863273606786772","error":""},"_links":{"self":[{"href":"https:\/\/www.europesays.com\/fr\/wp-json\/wp\/v2\/posts\/251457","targetHints":{"allow":["GET"]}}],"collection":[{"href":"https:\/\/www.europesays.com\/fr\/wp-json\/wp\/v2\/posts"}],"about":[{"href":"https:\/\/www.europesays.com\/fr\/wp-json\/wp\/v2\/types\/post"}],"author":[{"embeddable":true,"href":"https:\/\/www.europesays.com\/fr\/wp-json\/wp\/v2\/users\/2"}],"replies":[{"embeddable":true,"href":"https:\/\/www.europesays.com\/fr\/wp-json\/wp\/v2\/comments?post=251457"}],"version-history":[{"count":0,"href":"https:\/\/www.europesays.com\/fr\/wp-json\/wp\/v2\/posts\/251457\/revisions"}],"wp:featuredmedia":[{"embeddable":true,"href":"https:\/\/www.europesays.com\/fr\/wp-json\/wp\/v2\/media\/251458"}],"wp:attachment":[{"href":"https:\/\/www.europesays.com\/fr\/wp-json\/wp\/v2\/media?parent=251457"}],"wp:term":[{"taxonomy":"category","embeddable":true,"href":"https:\/\/www.europesays.com\/fr\/wp-json\/wp\/v2\/categories?post=251457"},{"taxonomy":"post_tag","embeddable":true,"href":"https:\/\/www.europesays.com\/fr\/wp-json\/wp\/v2\/tags?post=251457"}],"curies":[{"name":"wp","href":"https:\/\/api.w.org\/{rel}","templated":true}]}}