{"id":251473,"date":"2025-07-16T14:07:10","date_gmt":"2025-07-16T14:07:10","guid":{"rendered":"https:\/\/www.europesays.com\/fr\/251473\/"},"modified":"2025-07-16T14:07:10","modified_gmt":"2025-07-16T14:07:10","slug":"loik-le-floch-prigent-lancien-grand-patron-breton-condamne-dans-laffaire-elf-est-decede-a-81-ans","status":"publish","type":"post","link":"https:\/\/www.europesays.com\/fr\/251473\/","title":{"rendered":"Lo\u00efk Le\u00a0Floch-Prigent, l\u2019ancien grand patron breton condamn\u00e9 dans l\u2019affaire Elf, est d\u00e9c\u00e9d\u00e9 \u00e0 81 ans"},"content":{"rendered":"<p>Lo\u00efk Le\u00a0Floch-Prigent est mort dans la nuit de ce mercredi 16\u00a0juillet, \u00e0 Paris, \u00e0 l\u2019\u00e2ge de 81 ans, a annonc\u00e9 sa femme \u00e0 l\u2019AFP. Ag\u00e9 de 81 ans, il avait \u00e9t\u00e9 le <a href=\"https:\/\/www.20minutes.fr\/rennes\/2650723-20191115-loik-floch-prigent-hommes-font-choses-logiciels\" class=\"color-ultramarine c-link\" target=\"_blank\" rel=\"noopener\">PDG de plusieurs grandes soci\u00e9t\u00e9s<\/a> publiques fran\u00e7aises. Mais il avait \u00e9galement \u00e9t\u00e9 condamn\u00e9 \u00e0 de la prison.<\/p>\n<p>\u00ab\u00a0Jusqu\u2019au bout, le grand capitaine d\u2019industrie qu\u2019il \u00e9tait se sera battu aussi bien pour ses entreprises que pour la d\u00e9fense de l\u2019industrie fran\u00e7aise\u00a0\u00bb, a \u00e9crit Marl\u00e8ne Le Floch-Prigent dans une d\u00e9claration transmise \u00e0 l\u2019AFP.<\/p>\n<p>Condamn\u00e9 pour malversations financi\u00e8res<\/p>\n<p>Lo\u00efk Le\u00a0Floch-Prigent a dirig\u00e9 des grandes entreprises fran\u00e7aises comme Rh\u00f4ne-Poulenc (1982-1986), Elf Aquitaine (1989-1993), rachet\u00e9 par <a href=\"https:\/\/www.20minutes.fr\/dossier\/total\" class=\"color-ultramarine c-link\" target=\"_blank\" rel=\"noopener\">Total <\/a>en\u00a01999, <a href=\"https:\/\/www.20minutes.fr\/dossier\/gdf-suez\" class=\"color-ultramarine c-link\" target=\"_blank\" rel=\"noopener\">GDF <\/a>(1993-1995) et la <a href=\"https:\/\/www.20minutes.fr\/dossier\/sncf\" class=\"color-ultramarine c-link\" target=\"_blank\" rel=\"noopener\">SNCF <\/a>(1995-1996). \u00ab\u00a0Lo\u00efk avait une passion pour la France qu\u2019il a servie avec d\u00e9termination aussi bien dans le monde du priv\u00e9 qu\u2019en grand serviteur de l\u2019Etat\u00a0\u00bb, ajoute son \u00e9pouse dans son message.<\/p>\n<p>Mais il est aussi connu pour avoir pass\u00e9 environ deux ans en prison pour des malversations financi\u00e8res. La juge Eva Joly avait mis au jour un r\u00e9seau de trafic d\u2019influences, de corruption et de d\u00e9tournements de fonds impliquant les dirigeants du groupe Elf, dont Lo\u00efk Le\u00a0Floch-Prigent, et des ministres comme Roland Dumas et Charles Pasqua de\u00a01989 \u00e0\u00a01993.<\/p>\n<p>\u00ab\u00a0Comme il a \u00e9t\u00e9 pr\u00e9sident d\u2019Elf, il a pay\u00e9 les pots cass\u00e9s\u00a0\u00bb<\/p>\n<p>Lo\u00efk Le\u00a0Floch-Prigent a ainsi \u00e9t\u00e9 condamn\u00e9 en\u00a02003 \u00e0 cinq ans de prison pour abus de biens sociaux dans le volet principal de ce dossier Elf, impliquant pr\u00e8s de 305\u00a0millions d\u2019euros de d\u00e9tournements.<\/p>\n<p>Il avait \u00e9t\u00e9 lib\u00e9r\u00e9 avec trois ans d\u2019avance en avril\u00a02004, invoquant des raisons de sant\u00e9, mais avait d\u00fb, <a href=\"https:\/\/www.20minutes.fr\/societe\/594092-20100907-societe-loik-le-floch-prigent-interpelle-par-la-police\" class=\"color-ultramarine c-link\" target=\"_blank\" rel=\"noopener\">en septembre\u00a02010<\/a>, retrouver quelques mois cette prison qu\u2019il ne supportait pas. \u00ab\u00a0Comme il a \u00e9t\u00e9 pr\u00e9sident d\u2019Elf, il a pay\u00e9 les pots cass\u00e9s\u00a0\u00bb, estime sa veuve aupr\u00e8s de l\u2019AFP.<\/p>\n<p>En\u00a02012, il est <a href=\"https:\/\/www.20minutes.fr\/societe\/1004315-20120916-ancien-pdg-elf-loik-floch-prigent-arrete-abidjan-extrade-vers-togo\" class=\"color-ultramarine c-link\" target=\"_blank\" rel=\"noopener\">arr\u00eat\u00e9 en C\u00f4te d\u2019Ivoire<\/a> puis extrad\u00e9 au Togo, o\u00f9 il est plac\u00e9 cinq mois en d\u00e9tention provisoire dans une affaire d\u2019escroquerie. Rentr\u00e9 en France l\u2019ann\u00e9e suivante, il clame son innocence. Ces derni\u00e8res ann\u00e9es, il exer\u00e7ait des activit\u00e9s de \u00ab\u00a0conseiller\u00a0\u00bb dans l\u2019industrie, son \u00ab\u00a0cheval de bataille\u00a0\u00bb, et \u00ab\u00a0jusqu\u2019au bout, il travaillait encore\u00a0\u00bb, explique sa femme.<\/p>\n","protected":false},"excerpt":{"rendered":"Lo\u00efk Le\u00a0Floch-Prigent est mort dans la nuit de ce mercredi 16\u00a0juillet, \u00e0 Paris, \u00e0 l\u2019\u00e2ge de 81 ans,&hellip;\n","protected":false},"author":2,"featured_media":251474,"comment_status":"","ping_status":"","sticky":false,"template":"","format":"standard","meta":{"footnotes":""},"categories":[4],"tags":[47,11,829,39164,1770,3983,1011,27,12,25,39163,2215,104,33846],"class_list":{"0":"post-251473","1":"post","2":"type-post","3":"status-publish","4":"format-standard","5":"has-post-thumbnail","7":"category-france","8":"tag-actualite","9":"tag-actualites","10":"tag-bretagne","11":"tag-charles-pasqua","12":"tag-corruption","13":"tag-deces","14":"tag-fr","15":"tag-france","16":"tag-news","17":"tag-republique-francaise","18":"tag-roland-dumas","19":"tag-sncf","20":"tag-societe","21":"tag-totalenergies"},"share_on_mastodon":{"url":"https:\/\/pubeurope.com\/@fr\/114863305179187572","error":""},"_links":{"self":[{"href":"https:\/\/www.europesays.com\/fr\/wp-json\/wp\/v2\/posts\/251473","targetHints":{"allow":["GET"]}}],"collection":[{"href":"https:\/\/www.europesays.com\/fr\/wp-json\/wp\/v2\/posts"}],"about":[{"href":"https:\/\/www.europesays.com\/fr\/wp-json\/wp\/v2\/types\/post"}],"author":[{"embeddable":true,"href":"https:\/\/www.europesays.com\/fr\/wp-json\/wp\/v2\/users\/2"}],"replies":[{"embeddable":true,"href":"https:\/\/www.europesays.com\/fr\/wp-json\/wp\/v2\/comments?post=251473"}],"version-history":[{"count":0,"href":"https:\/\/www.europesays.com\/fr\/wp-json\/wp\/v2\/posts\/251473\/revisions"}],"wp:featuredmedia":[{"embeddable":true,"href":"https:\/\/www.europesays.com\/fr\/wp-json\/wp\/v2\/media\/251474"}],"wp:attachment":[{"href":"https:\/\/www.europesays.com\/fr\/wp-json\/wp\/v2\/media?parent=251473"}],"wp:term":[{"taxonomy":"category","embeddable":true,"href":"https:\/\/www.europesays.com\/fr\/wp-json\/wp\/v2\/categories?post=251473"},{"taxonomy":"post_tag","embeddable":true,"href":"https:\/\/www.europesays.com\/fr\/wp-json\/wp\/v2\/tags?post=251473"}],"curies":[{"name":"wp","href":"https:\/\/api.w.org\/{rel}","templated":true}]}}