{"id":251477,"date":"2025-07-16T14:09:16","date_gmt":"2025-07-16T14:09:16","guid":{"rendered":"https:\/\/www.europesays.com\/fr\/251477\/"},"modified":"2025-07-16T14:09:16","modified_gmt":"2025-07-16T14:09:16","slug":"le-chambon-feugerolles-les-fresques-de-lartiste-peintre-ont-redonne-vie-au-passage-souterrain","status":"publish","type":"post","link":"https:\/\/www.europesays.com\/fr\/251477\/","title":{"rendered":"Le Chambon-Feugerolles. Les fresques de l\u2019artiste peintre ont redonn\u00e9 vie au passage souterrain"},"content":{"rendered":"<p>C\u2019\u00e9tait un passage peu engageant, voire \u00ab\u00a0flippant\u00a0\u00bb diront certains, un avis que partage le peintre d\u00e9corateur, Cl\u00e9ment Diforti\u00a0: \u00ab\u00a0Les gens avaient peur d\u2019y passer, c\u2019\u00e9tait lugubre. Plus jeune, l\u2019endroit ne me faisait pas r\u00eaver non plus. Je pr\u00e9f\u00e9rais faire le grand tour\u00a0\u00bb, rapporte le trentenaire. Mandat\u00e9 par la ville, l\u2019ancien Chambonnaire a eu carte blanche pour recouvrir les parois de son talent.<\/p>\n<p>Depuis juin, c\u2019est un nouveau cadre qui invite \u00e0 descendre dans ce petit tunnel, avec en premier plan le logo du Chambon-Feugerolles qui s\u2019inscrit en anamorphose sur les deux acc\u00e8s\u00a0: \u00ab\u00a0J\u2019ai eu beaucoup de plaisir \u00e0 r\u00e9aliser ce projet pour cette ville dans laquelle j\u2019ai grandi. J\u2019ai discut\u00e9 avec beaucoup de personnes pendant que je peignais. Elles \u00e9taient intrigu\u00e9es, et \u00e0 la fois rassur\u00e9es d\u2019avoir quelque chose de propre, notamment pour leurs&#8230;<\/p>\n","protected":false},"excerpt":{"rendered":"C\u2019\u00e9tait un passage peu engageant, voire \u00ab\u00a0flippant\u00a0\u00bb diront certains, un avis que partage le peintre d\u00e9corateur, Cl\u00e9ment Diforti\u00a0:&hellip;\n","protected":false},"author":2,"featured_media":251478,"comment_status":"","ping_status":"","sticky":false,"template":"","format":"standard","meta":{"footnotes":""},"categories":[9653],"tags":[1111,11,2430,12162,7539,1777,674,1011,27,12161,12,25,4001,104],"class_list":{"0":"post-251477","1":"post","2":"type-post","3":"status-publish","4":"format-standard","5":"has-post-thumbnail","7":"category-saint-etienne","8":"tag-actu","9":"tag-actualites","10":"tag-auvergne-rhone-alpes","11":"tag-chambon-feugerolles-ville","12":"tag-edition-loire-sud","13":"tag-eu","14":"tag-europe","15":"tag-fr","16":"tag-france","17":"tag-le-chambon-feugerolles","18":"tag-news","19":"tag-republique-francaise","20":"tag-saint-etienne","21":"tag-societe"},"share_on_mastodon":{"url":"https:\/\/pubeurope.com\/@fr\/114863312950410610","error":""},"_links":{"self":[{"href":"https:\/\/www.europesays.com\/fr\/wp-json\/wp\/v2\/posts\/251477","targetHints":{"allow":["GET"]}}],"collection":[{"href":"https:\/\/www.europesays.com\/fr\/wp-json\/wp\/v2\/posts"}],"about":[{"href":"https:\/\/www.europesays.com\/fr\/wp-json\/wp\/v2\/types\/post"}],"author":[{"embeddable":true,"href":"https:\/\/www.europesays.com\/fr\/wp-json\/wp\/v2\/users\/2"}],"replies":[{"embeddable":true,"href":"https:\/\/www.europesays.com\/fr\/wp-json\/wp\/v2\/comments?post=251477"}],"version-history":[{"count":0,"href":"https:\/\/www.europesays.com\/fr\/wp-json\/wp\/v2\/posts\/251477\/revisions"}],"wp:featuredmedia":[{"embeddable":true,"href":"https:\/\/www.europesays.com\/fr\/wp-json\/wp\/v2\/media\/251478"}],"wp:attachment":[{"href":"https:\/\/www.europesays.com\/fr\/wp-json\/wp\/v2\/media?parent=251477"}],"wp:term":[{"taxonomy":"category","embeddable":true,"href":"https:\/\/www.europesays.com\/fr\/wp-json\/wp\/v2\/categories?post=251477"},{"taxonomy":"post_tag","embeddable":true,"href":"https:\/\/www.europesays.com\/fr\/wp-json\/wp\/v2\/tags?post=251477"}],"curies":[{"name":"wp","href":"https:\/\/api.w.org\/{rel}","templated":true}]}}