{"id":251479,"date":"2025-07-16T14:10:19","date_gmt":"2025-07-16T14:10:19","guid":{"rendered":"https:\/\/www.europesays.com\/fr\/251479\/"},"modified":"2025-07-16T14:10:19","modified_gmt":"2025-07-16T14:10:19","slug":"deux-athletes-de-parthenay-en-lice-aux-championnats-de-france-avenir-a-saint-etienne","status":"publish","type":"post","link":"https:\/\/www.europesays.com\/fr\/251479\/","title":{"rendered":"Deux athl\u00e8tes de Parthenay en lice aux championnats de France avenir \u00e0 Saint-\u00c9tienne"},"content":{"rendered":"<p>Elles n\u2019ont toutes les deux que 17 ans mais n\u2019en sont d\u00e9j\u00e0 pas \u00e0 leur premi\u00e8re qualification pour des \u00e9preuves nationales sous leurs couleurs du Club athl\u00e9tique parthenaisien (CAP). Pour autant, leur voyage vers le Forez ne sera pas d\u00e9nu\u00e9 d\u2019ambitions. <a target=\"_self\" href=\"https:\/\/www.lanouvellerepublique.fr\/parthenay\/athletisme-le-ca-parthenay-misera-sur-le-triple-saut-aux-france-u18-u20\" rel=\"nofollow noopener\">Urbanie Morisset<\/a> au triple saut et <a target=\"_self\" href=\"https:\/\/www.lanouvellerepublique.fr\/parthenay\/athletisme-marie-pineau-ca-parthenay-pour-l-amour-du-javelot\" rel=\"nofollow noopener\">Marie Pineau<\/a> au javelot filent vers les championnats d&#8230; <\/p>\n<p>    Cet article a \u00e9t\u00e9 tronqu\u00e9. Abonnez-vous pour lire l&rsquo;article complet sur notre site.<\/p>\n<p style=\"margin: 0 !important; padding: 0 !important; font-size: 12px !important;\">Cet article a \u00e9t\u00e9 tronqu\u00e9. Abonnez-vous pour lire l&rsquo;article complet.<\/p>\n<p>    <a href=\"https:\/\/www.lanouvellerepublique.fr\/abonnements\" style=\"display: inline-block; margin-top: 5px !important; padding: 6px 12px !important; background: #cb1c27; color: white; text-decoration: none; border-radius: 4px; font-size: 12px !important;\" rel=\"nofollow noopener\" target=\"_blank\"><br \/>\n      S&rsquo;abonner<br \/>\n    <\/a><\/p>\n","protected":false},"excerpt":{"rendered":"Elles n\u2019ont toutes les deux que 17 ans mais n\u2019en sont d\u00e9j\u00e0 pas \u00e0 leur premi\u00e8re qualification pour&hellip;\n","protected":false},"author":2,"featured_media":251480,"comment_status":"","ping_status":"","sticky":false,"template":"","format":"standard","meta":{"footnotes":""},"categories":[9653],"tags":[1392,1111,11,4132,2430,2545,1777,674,1011,27,1393,4387,12,6755,25,4001,60],"class_list":{"0":"post-251479","1":"post","2":"type-post","3":"status-publish","4":"format-standard","5":"has-post-thumbnail","7":"category-saint-etienne","8":"tag-a-la-une-local","9":"tag-actu","10":"tag-actualites","11":"tag-athletisme","12":"tag-auvergne-rhone-alpes","13":"tag-deux-sevres","14":"tag-eu","15":"tag-europe","16":"tag-fr","17":"tag-france","18":"tag-loisirs","19":"tag-loisirs-sportifs","20":"tag-news","21":"tag-parthenay","22":"tag-republique-francaise","23":"tag-saint-etienne","24":"tag-sports"},"share_on_mastodon":{"url":"https:\/\/pubeurope.com\/@fr\/114863317002048335","error":""},"_links":{"self":[{"href":"https:\/\/www.europesays.com\/fr\/wp-json\/wp\/v2\/posts\/251479","targetHints":{"allow":["GET"]}}],"collection":[{"href":"https:\/\/www.europesays.com\/fr\/wp-json\/wp\/v2\/posts"}],"about":[{"href":"https:\/\/www.europesays.com\/fr\/wp-json\/wp\/v2\/types\/post"}],"author":[{"embeddable":true,"href":"https:\/\/www.europesays.com\/fr\/wp-json\/wp\/v2\/users\/2"}],"replies":[{"embeddable":true,"href":"https:\/\/www.europesays.com\/fr\/wp-json\/wp\/v2\/comments?post=251479"}],"version-history":[{"count":0,"href":"https:\/\/www.europesays.com\/fr\/wp-json\/wp\/v2\/posts\/251479\/revisions"}],"wp:featuredmedia":[{"embeddable":true,"href":"https:\/\/www.europesays.com\/fr\/wp-json\/wp\/v2\/media\/251480"}],"wp:attachment":[{"href":"https:\/\/www.europesays.com\/fr\/wp-json\/wp\/v2\/media?parent=251479"}],"wp:term":[{"taxonomy":"category","embeddable":true,"href":"https:\/\/www.europesays.com\/fr\/wp-json\/wp\/v2\/categories?post=251479"},{"taxonomy":"post_tag","embeddable":true,"href":"https:\/\/www.europesays.com\/fr\/wp-json\/wp\/v2\/tags?post=251479"}],"curies":[{"name":"wp","href":"https:\/\/api.w.org\/{rel}","templated":true}]}}