{"id":251484,"date":"2025-07-16T14:13:09","date_gmt":"2025-07-16T14:13:09","guid":{"rendered":"https:\/\/www.europesays.com\/fr\/251484\/"},"modified":"2025-07-16T14:13:09","modified_gmt":"2025-07-16T14:13:09","slug":"moonrise-kingdom-maison-de-retraite-2-un-ptit-truc-en-plus-voici-le-programme-estival-du-cinema-en-plein-air-a-six-fours","status":"publish","type":"post","link":"https:\/\/www.europesays.com\/fr\/251484\/","title":{"rendered":"Moonrise Kingdom, Maison de retraite 2, Un p\u2019tit truc en plus&#8230; Voici le programme estival du cin\u00e9ma en plein air \u00e0 Six-Fours"},"content":{"rendered":"<p>Projecteurs sous les \u00e9toiles, chaises d\u00e9pli\u00e9es sur les pav\u00e9s, rires d\u2019enfants et cr\u00e9pitement des friandises qu\u2019on d\u00e9balle \u00e0 la derni\u00e8re minute: l\u2019\u00e9t\u00e9 \u00e0 Six-Fours rime \u00e0 nouveau avec cin\u00e9ma en plein air!<\/p>\n<p>Un ancien \u00e9l\u00e8ve Ducobu derri\u00e8re les machines <\/p>\n<p><a href=\"https:\/\/www.varmatin.com\/economie\/qui-se-cache-derriere-le-projectionniste-du-cinema-en-plein-air-qui-a-cartonne-cet-ete-a-six-fours-789008\" rel=\"nofollow noopener\" target=\"_blank\">Fran\u00e7ois Viette a grandi sous les projecteurs.<\/a> R\u00e9v\u00e9l\u00e9 enfant dans L\u2019\u00c9l\u00e8ve Ducobu, il a ensuite rejoint le casting de Demain nous appartient, o\u00f9 il incarne un personnage aujourd\u2019hui hors-champ&#8230; enferm\u00e9 en prison depuis plusieurs saisons. Depuis, c\u2019est derri\u00e8re les machines qu\u2019il brille. \u00c0 la t\u00eate de Cin\u00e9 M\u00e9diterran\u00e9e, il orchestre les projections en plein air avec pr\u00e9cision et bonne humeur. \u00c9crans gonflables de six \u00e0 neuf m\u00e8tres, r\u00e9glages millim\u00e9tr\u00e9s, lumi\u00e8re cal\u00e9e sur la tomb\u00e9e du jour, chaque d\u00e9tail est pens\u00e9 pour que la magie du cin\u00e9ma op\u00e8re. Son camion fait halte dans les villes comme un chapiteau moderne, apportant les films l\u00e0 o\u00f9 l\u2019on ne les attend pas toujours.<\/p>\n<p>Premier clap ce jeudi au Brusc <\/p>\n<p>Le coup d\u2019envoi sera donn\u00e9 ce jeudi au Brusc, avec <strong>Moonrise Kingdom de Wes Anderson<\/strong>, propos\u00e9 par le CLAB. Une fable tendre et r\u00e9tro o\u00f9 deux enfants fuguent pour b\u00e2tir leur propre monde, entre cabane de fortune, plage d\u00e9serte et tourne-disques d\u2019un autre temps. Un film \u00e0 l\u2019image du lieu qui l\u2019accueille: un peu \u00e0 l\u2019\u00e9cart, un brin sauvage, et propice aux r\u00eaveries.<\/p>\n<p>Cin\u00e9ma en c\u0153ur de ville le lundi <\/p>\n<p>D\u00e8s le lundi 21 juillet, la place des Poilus se transforme presque toutes les semaines en salle \u00e0 ciel ouvert. Trois cents chaises seront install\u00e9es pour accueillir une programmation joyeuse et accessible \u00e0 tous: Le 21 juillet, donc, avec <strong>Maison de retraite 2<\/strong>, une com\u00e9die interg\u00e9n\u00e9rationnelle, le 28 juillet avec <strong>Fr\u00e8res<\/strong>, un r\u00e9cit intime sur les liens du sang, le 11 ao\u00fbt avec <strong>Un p\u2019tit truc en plus<\/strong>, ph\u00e9nom\u00e8ne surprise du printemps, et le 18 ao\u00fbt avec Kung Fu Panda, dessin anim\u00e9 culte, dr\u00f4le et rythm\u00e9.<\/p>\n<p>Le Brusc entre humour noir et jazz f\u00e9lin <\/p>\n<p>Propos\u00e9es par le CLAB sur le quai de la Prud\u2019homie, les projections se poursuivent le 24 juillet avec <strong>9 mois ferme<\/strong> et l\u2019humour grin\u00e7ant d\u2019Albert Dupontel, puis le 7 ao\u00fbt avec <strong>Les Aristochats<\/strong>, o\u00f9 les chats parisiens chantent du jazz dans les goutti\u00e8res.<\/p>\n<p>Cin\u00e9ma d\u2019auteur dans les jardins de la Villa Simone <\/p>\n<p>Dans le cadre du <strong>festival La Vague Classique<\/strong>, les jardins de la Villa Simone accueilleront deux films de Bertrand Tavernier avec <strong>L\u2019Horloger de Saint-Paul<\/strong> le vendredi 22 ao\u00fbt, polar feutr\u00e9 entre p\u00e8re et fils, puis <strong>Coup de Torchon<\/strong> le vendredi 29 ao\u00fbt, une fable noire et corrosive transpos\u00e9e en Afrique coloniale.<\/p>\n<p>Rendez-vous donc \u00e0 21h30 pour toutes les projections, except\u00e9es celles de la Villa Simone qui d\u00e9buteront \u00e0 21h.<\/p>\n<p>Les s\u00e9ances sont offertes par la municipalit\u00e9.<\/p>\n","protected":false},"excerpt":{"rendered":"Projecteurs sous les \u00e9toiles, chaises d\u00e9pli\u00e9es sur les pav\u00e9s, rires d\u2019enfants et cr\u00e9pitement des friandises qu\u2019on d\u00e9balle \u00e0&hellip;\n","protected":false},"author":2,"featured_media":251485,"comment_status":"","ping_status":"","sticky":false,"template":"","format":"standard","meta":{"footnotes":""},"categories":[9619],"tags":[1111,11,650,251,1777,674,1011,27,12,882,25,2310],"class_list":{"0":"post-251484","1":"post","2":"type-post","3":"status-publish","4":"format-standard","5":"has-post-thumbnail","7":"category-toulon","8":"tag-actu","9":"tag-actualites","10":"tag-cinema","11":"tag-culture","12":"tag-eu","13":"tag-europe","14":"tag-fr","15":"tag-france","16":"tag-news","17":"tag-provence-alpes-cote-dazur","18":"tag-republique-francaise","19":"tag-toulon"},"share_on_mastodon":{"url":"https:\/\/pubeurope.com\/@fr\/114863328681067319","error":""},"_links":{"self":[{"href":"https:\/\/www.europesays.com\/fr\/wp-json\/wp\/v2\/posts\/251484","targetHints":{"allow":["GET"]}}],"collection":[{"href":"https:\/\/www.europesays.com\/fr\/wp-json\/wp\/v2\/posts"}],"about":[{"href":"https:\/\/www.europesays.com\/fr\/wp-json\/wp\/v2\/types\/post"}],"author":[{"embeddable":true,"href":"https:\/\/www.europesays.com\/fr\/wp-json\/wp\/v2\/users\/2"}],"replies":[{"embeddable":true,"href":"https:\/\/www.europesays.com\/fr\/wp-json\/wp\/v2\/comments?post=251484"}],"version-history":[{"count":0,"href":"https:\/\/www.europesays.com\/fr\/wp-json\/wp\/v2\/posts\/251484\/revisions"}],"wp:featuredmedia":[{"embeddable":true,"href":"https:\/\/www.europesays.com\/fr\/wp-json\/wp\/v2\/media\/251485"}],"wp:attachment":[{"href":"https:\/\/www.europesays.com\/fr\/wp-json\/wp\/v2\/media?parent=251484"}],"wp:term":[{"taxonomy":"category","embeddable":true,"href":"https:\/\/www.europesays.com\/fr\/wp-json\/wp\/v2\/categories?post=251484"},{"taxonomy":"post_tag","embeddable":true,"href":"https:\/\/www.europesays.com\/fr\/wp-json\/wp\/v2\/tags?post=251484"}],"curies":[{"name":"wp","href":"https:\/\/api.w.org\/{rel}","templated":true}]}}