{"id":251486,"date":"2025-07-16T14:14:10","date_gmt":"2025-07-16T14:14:10","guid":{"rendered":"https:\/\/www.europesays.com\/fr\/251486\/"},"modified":"2025-07-16T14:14:10","modified_gmt":"2025-07-16T14:14:10","slug":"a-toulon-ce-magasin-de-velos-change-de-proprietaire","status":"publish","type":"post","link":"https:\/\/www.europesays.com\/fr\/251486\/","title":{"rendered":"\u00c0 Toulon, ce magasin de v\u00e9los change de propri\u00e9taire"},"content":{"rendered":"<p><strong>Alexandre Mehrand a repris l\u2019enseigne Bouticycle<\/strong>, au 369 avenue Roosevelt \u00e0 <strong>Toulon<\/strong>. Avec Pascal, le technicien exp\u00e9riment\u00e9 qui officie \u00e0 cette adresse depuis de nombreuses ann\u00e9es, ils vous accueillent et vous conseillent. Ils vous guideront pour acqu\u00e9rir la bicyclette vue sur le catalogue, bad\u00e9e en vitrine ou aper\u00e7ue en circulation.<\/p>\n<p>\u00a0<\/p>\n<p>Ils entretiendront, am\u00e9lioreront, r\u00e9pareront votre v\u00e9lo, et vous conseilleront professionnellement pour le faire en vous fournissant les pi\u00e8ces, accessoires et outils n\u00e9cessaires.<\/p>\n<p>\u00a0<\/p>\n<p>Vers un monde qui roule<\/p>\n<p>\u00a0<\/p>\n<p>Pour toutes et tous, de nombreuses r\u00e9f\u00e9rences des marques Adris et Sunn (Fr), Cube (All.), Unno (Sp.), Cannondale (USA) sont expos\u00e9es en magasin. V\u00e9los de route, de ville, gravel, gravity, Vtt, Vtc ou encore v\u00e9lo cargo; m\u00e9caniques traditionnelles ou assist\u00e9es de moteurs \u00e9lectriques, le catalogue Bouticycle offre, par ailleurs, un tr\u00e8s large choix.<\/p>\n<p>\u00a0<\/p>\n<p>Mentionnant que l\u2019enseigne propose tout ce qui est en rapport avec la petite reine, Alexandre, ing\u00e9nieur m\u00e9canique de formation, pr\u00e9cise: \u00ab\u00a0Nous distribuons des marques suivies et garanties. Bouticycle Toulon, c\u2019est l\u2019avis de passionn\u00e9s, du s\u00e9rieux, de l\u2019exp\u00e9rience.\u00a0\u00bb <\/p>\n<p>\u00ab\u00a0\u00bbers un monde qui roule\u00a0\u00bb, est le slogan affich\u00e9 sur la porte d\u2019entr\u00e9e.<\/p>\n<p>\u00a0<\/p>\n<p>\u00a0<\/p>\n<p>\u00a0<\/p>\n","protected":false},"excerpt":{"rendered":"Alexandre Mehrand a repris l\u2019enseigne Bouticycle, au 369 avenue Roosevelt \u00e0 Toulon. Avec Pascal, le technicien exp\u00e9riment\u00e9 qui&hellip;\n","protected":false},"author":2,"featured_media":251487,"comment_status":"","ping_status":"","sticky":false,"template":"","format":"standard","meta":{"footnotes":""},"categories":[9619],"tags":[1111,11,2876,1777,674,1011,27,12,882,25,2310],"class_list":{"0":"post-251486","1":"post","2":"type-post","3":"status-publish","4":"format-standard","5":"has-post-thumbnail","7":"category-toulon","8":"tag-actu","9":"tag-actualites","10":"tag-conso-shopping","11":"tag-eu","12":"tag-europe","13":"tag-fr","14":"tag-france","15":"tag-news","16":"tag-provence-alpes-cote-dazur","17":"tag-republique-francaise","18":"tag-toulon"},"share_on_mastodon":{"url":"https:\/\/pubeurope.com\/@fr\/114863332654673290","error":""},"_links":{"self":[{"href":"https:\/\/www.europesays.com\/fr\/wp-json\/wp\/v2\/posts\/251486","targetHints":{"allow":["GET"]}}],"collection":[{"href":"https:\/\/www.europesays.com\/fr\/wp-json\/wp\/v2\/posts"}],"about":[{"href":"https:\/\/www.europesays.com\/fr\/wp-json\/wp\/v2\/types\/post"}],"author":[{"embeddable":true,"href":"https:\/\/www.europesays.com\/fr\/wp-json\/wp\/v2\/users\/2"}],"replies":[{"embeddable":true,"href":"https:\/\/www.europesays.com\/fr\/wp-json\/wp\/v2\/comments?post=251486"}],"version-history":[{"count":0,"href":"https:\/\/www.europesays.com\/fr\/wp-json\/wp\/v2\/posts\/251486\/revisions"}],"wp:featuredmedia":[{"embeddable":true,"href":"https:\/\/www.europesays.com\/fr\/wp-json\/wp\/v2\/media\/251487"}],"wp:attachment":[{"href":"https:\/\/www.europesays.com\/fr\/wp-json\/wp\/v2\/media?parent=251486"}],"wp:term":[{"taxonomy":"category","embeddable":true,"href":"https:\/\/www.europesays.com\/fr\/wp-json\/wp\/v2\/categories?post=251486"},{"taxonomy":"post_tag","embeddable":true,"href":"https:\/\/www.europesays.com\/fr\/wp-json\/wp\/v2\/tags?post=251486"}],"curies":[{"name":"wp","href":"https:\/\/api.w.org\/{rel}","templated":true}]}}