{"id":251490,"date":"2025-07-16T14:16:14","date_gmt":"2025-07-16T14:16:14","guid":{"rendered":"https:\/\/www.europesays.com\/fr\/251490\/"},"modified":"2025-07-16T14:16:14","modified_gmt":"2025-07-16T14:16:14","slug":"a-montpellier-les-ecolos-sopposent-au-maire-socialiste-liberation","status":"publish","type":"post","link":"https:\/\/www.europesays.com\/fr\/251490\/","title":{"rendered":"\u00e0 Montpellier, les \u00e9colos s\u2019opposent au maire socialiste \u2013 Lib\u00e9ration"},"content":{"rendered":"<p class=\"sc-ksZaOG ehjQrN text-element\">\u00abC\u2019est un conseil des mauvais coups, au c\u0153ur de l\u2019\u00e9t\u00e9\u00bb, d\u00e9plore Jean-Louis Roum\u00e9gas. Le d\u00e9put\u00e9 \u00e9cologiste de l\u2019H\u00e9rault a rejoint le rassemblement organis\u00e9 ce mercredi 16 juillet dans la matin\u00e9e par le groupe local des Ecologistes, devant le conseil de la m\u00e9tropole de Montpellier, pour contester les projets majeurs que devait adopter le m\u00eame jour la majorit\u00e9 socialiste conduite du maire et pr\u00e9sident de la collectivit\u00e9, Micha\u00ebl Delafosse.<\/p>\n<p class=\"sc-ksZaOG ehjQrN text-element\">Ces trois projets ont provoqu\u00e9 <a href=\" https:\/\/www.liberation.fr\/politique\/a-montpellier-ca-chauffe-entre-socialistes-et-ecologistes-20240407_CWEARA67ORALLA6PYSYG7SGFHU\/\" target=\"_blank\" rel=\"\" title=\" https:\/\/www.liberation.fr\/politique\/a-montpellier-ca-chauffe-entre-socialistes-et-ecologistes-20240407_CWEARA67ORALLA6PYSYG7SGFHU\/\">la rupture<\/a>, il y a plus d\u2019un an, entre les anciens alli\u00e9s des municipales de 2020. Le parti vert et son nouveau partenaire l\u2019Apr\u00e8s 34 (<a href=\"https:\/\/www.liberation.fr\/politique\/pour-corbiere-garrido-et-autain-lapres-melenchon-commence-20240712_UDMGOGGMEFGQ5E3DTO574KD4UE\/\" target=\"_blank\" rel=\"nofollow noopener\" title=\"https:\/\/www.liberation.fr\/politique\/pour-corbiere-garrido-et-autain-lapres-melenchon-commence-20240712_UDMGOGGMEFGQ5E3DTO574KD4UE\/\">le mouvement des purg\u00e9s de LFI<\/a>) en ont fait le c\u0153ur de la campagne \u00e9lectorale engag\u00e9e pour la conqu\u00eate de la mairie au printemps 2026. D\u2019abord, l\u2019incin\u00e9rateur CSR (pour \u00abcombustibles solides de r\u00e9cup\u00e9ration\u00bb) destin\u00e9 au traitement des d\u00e9chets, \u00abune bombe sanitaire, q<\/p>\n","protected":false},"excerpt":{"rendered":"\u00abC\u2019est un conseil des mauvais coups, au c\u0153ur de l\u2019\u00e9t\u00e9\u00bb, d\u00e9plore Jean-Louis Roum\u00e9gas. Le d\u00e9put\u00e9 \u00e9cologiste de l\u2019H\u00e9rault&hellip;\n","protected":false},"author":2,"featured_media":251491,"comment_status":"","ping_status":"","sticky":false,"template":"","format":"standard","meta":{"footnotes":""},"categories":[9599],"tags":[1111,11,2286,1777,674,1011,27,2088,2208,12,2680,429,25],"class_list":{"0":"post-251490","1":"post","2":"type-post","3":"status-publish","4":"format-standard","5":"has-post-thumbnail","7":"category-montpellier","8":"tag-actu","9":"tag-actualites","10":"tag-eelv","11":"tag-eu","12":"tag-europe","13":"tag-fr","14":"tag-france","15":"tag-manifestation","16":"tag-montpellier","17":"tag-news","18":"tag-occitanie","19":"tag-ps","20":"tag-republique-francaise"},"share_on_mastodon":{"url":"https:\/\/pubeurope.com\/@fr\/114863340459484111","error":""},"_links":{"self":[{"href":"https:\/\/www.europesays.com\/fr\/wp-json\/wp\/v2\/posts\/251490","targetHints":{"allow":["GET"]}}],"collection":[{"href":"https:\/\/www.europesays.com\/fr\/wp-json\/wp\/v2\/posts"}],"about":[{"href":"https:\/\/www.europesays.com\/fr\/wp-json\/wp\/v2\/types\/post"}],"author":[{"embeddable":true,"href":"https:\/\/www.europesays.com\/fr\/wp-json\/wp\/v2\/users\/2"}],"replies":[{"embeddable":true,"href":"https:\/\/www.europesays.com\/fr\/wp-json\/wp\/v2\/comments?post=251490"}],"version-history":[{"count":0,"href":"https:\/\/www.europesays.com\/fr\/wp-json\/wp\/v2\/posts\/251490\/revisions"}],"wp:featuredmedia":[{"embeddable":true,"href":"https:\/\/www.europesays.com\/fr\/wp-json\/wp\/v2\/media\/251491"}],"wp:attachment":[{"href":"https:\/\/www.europesays.com\/fr\/wp-json\/wp\/v2\/media?parent=251490"}],"wp:term":[{"taxonomy":"category","embeddable":true,"href":"https:\/\/www.europesays.com\/fr\/wp-json\/wp\/v2\/categories?post=251490"},{"taxonomy":"post_tag","embeddable":true,"href":"https:\/\/www.europesays.com\/fr\/wp-json\/wp\/v2\/tags?post=251490"}],"curies":[{"name":"wp","href":"https:\/\/api.w.org\/{rel}","templated":true}]}}