{"id":251498,"date":"2025-07-16T14:20:11","date_gmt":"2025-07-16T14:20:11","guid":{"rendered":"https:\/\/www.europesays.com\/fr\/251498\/"},"modified":"2025-07-16T14:20:11","modified_gmt":"2025-07-16T14:20:11","slug":"fusillade-et-tentative-dincendie-sur-une-voiture-volee-a-saint-martin-le-vinoux","status":"publish","type":"post","link":"https:\/\/www.europesays.com\/fr\/251498\/","title":{"rendered":"fusillade et tentative d\u2019incendie sur une voiture vol\u00e9e \u00e0 Saint-Martin-le-Vinoux"},"content":{"rendered":"<p itemprop=\"description\"><strong>Les services de police sont intervenus \u00e0 Saint-Martin-le-Vinoux suite \u00e0 une s\u00e9rie de coups de feu. Les suspects ont \u00e9galement tent\u00e9 d\u2019incendier une voiture vol\u00e9e avant de prendre la fuite.<\/strong><\/p>\n<p>Une s\u00e9rie de coups de feu a \u00e9t\u00e9 signal\u00e9e par des riverains sur l\u2019avenue G\u00e9n\u00e9ral-Leclerc \u00e0 Saint-Martin-le-Vinoux \u00e0 hauteur du num\u00e9ro 42, aux alentours de 3 heures dans la nuit de mardi \u00e0 mercredi selon le Dauphin\u00e9 Lib\u00e9r\u00e9.<\/p>\n<p>Sur place, les fonctionnaires ont aper\u00e7u plusieurs hommes en train de prendre la fuite. Ils ne sont n\u00e9anmoins pas parvenus \u00e0 les interpeller.<\/p>\n<p>Les individus avaient tent\u00e9 d\u2019incendier un v\u00e9hicule sans succ\u00e8s. Les enqu\u00eateurs ont constat\u00e9 que le si\u00e8ge conducteur de la voiture pr\u00e9sentait un impact de balle. La Direction interd\u00e9partementale de la police nationale a r\u00e9v\u00e9l\u00e9 que celle-ci \u00e9tait faussement plaqu\u00e9e et signal\u00e9e vol\u00e9e.<\/p>\n<p>La fusillade n\u2019a par ailleurs fait aucune victime. Des investigations sont en cours afin de d\u00e9terminer les circonstances des \u00e9v\u00e9nements.<\/p>\n","protected":false},"excerpt":{"rendered":"Les services de police sont intervenus \u00e0 Saint-Martin-le-Vinoux suite \u00e0 une s\u00e9rie de coups de feu. Les suspects&hellip;\n","protected":false},"author":2,"featured_media":251499,"comment_status":"","ping_status":"","sticky":false,"template":"","format":"standard","meta":{"footnotes":""},"categories":[9566],"tags":[1111,11,7733,8279,2430,7736,650,7734,2889,2263,1777,674,1011,27,2731,8280,6417,1114,108,4662,12,3725,1825,25,7737],"class_list":{"0":"post-251498","1":"post","2":"type-post","3":"status-publish","4":"format-standard","5":"has-post-thumbnail","7":"category-grenoble","8":"tag-actu","9":"tag-actualites","10":"tag-alpes","11":"tag-alpes1","12":"tag-auvergne-rhone-alpes","13":"tag-cds","14":"tag-cinema","15":"tag-ecoute","16":"tag-emission","17":"tag-equipe","18":"tag-eu","19":"tag-europe","20":"tag-fr","21":"tag-france","22":"tag-grenoble","23":"tag-haute","24":"tag-information","25":"tag-infos","26":"tag-isere","27":"tag-journal","28":"tag-news","29":"tag-podcast","30":"tag-radio","31":"tag-republique-francaise","32":"tag-winamp"},"share_on_mastodon":{"url":"https:\/\/pubeurope.com\/@fr\/114863356253557825","error":""},"_links":{"self":[{"href":"https:\/\/www.europesays.com\/fr\/wp-json\/wp\/v2\/posts\/251498","targetHints":{"allow":["GET"]}}],"collection":[{"href":"https:\/\/www.europesays.com\/fr\/wp-json\/wp\/v2\/posts"}],"about":[{"href":"https:\/\/www.europesays.com\/fr\/wp-json\/wp\/v2\/types\/post"}],"author":[{"embeddable":true,"href":"https:\/\/www.europesays.com\/fr\/wp-json\/wp\/v2\/users\/2"}],"replies":[{"embeddable":true,"href":"https:\/\/www.europesays.com\/fr\/wp-json\/wp\/v2\/comments?post=251498"}],"version-history":[{"count":0,"href":"https:\/\/www.europesays.com\/fr\/wp-json\/wp\/v2\/posts\/251498\/revisions"}],"wp:featuredmedia":[{"embeddable":true,"href":"https:\/\/www.europesays.com\/fr\/wp-json\/wp\/v2\/media\/251499"}],"wp:attachment":[{"href":"https:\/\/www.europesays.com\/fr\/wp-json\/wp\/v2\/media?parent=251498"}],"wp:term":[{"taxonomy":"category","embeddable":true,"href":"https:\/\/www.europesays.com\/fr\/wp-json\/wp\/v2\/categories?post=251498"},{"taxonomy":"post_tag","embeddable":true,"href":"https:\/\/www.europesays.com\/fr\/wp-json\/wp\/v2\/tags?post=251498"}],"curies":[{"name":"wp","href":"https:\/\/api.w.org\/{rel}","templated":true}]}}