{"id":251500,"date":"2025-07-16T14:21:18","date_gmt":"2025-07-16T14:21:18","guid":{"rendered":"https:\/\/www.europesays.com\/fr\/251500\/"},"modified":"2025-07-16T14:21:18","modified_gmt":"2025-07-16T14:21:18","slug":"apres-la-polemique-safran-enterre-la-hache-de-guerre-a-rennes","status":"publish","type":"post","link":"https:\/\/www.europesays.com\/fr\/251500\/","title":{"rendered":"Apr\u00e8s la pol\u00e9mique, Safran enterre la hache de guerre \u00e0 Rennes"},"content":{"rendered":"<p>&#13;<br \/>\n\t\u00abOn se sent bien accueillis \u00e0 Rennes.\u00bb C&rsquo;est sur ces mots que St\u00e9phane Cueille, pr\u00e9sident de <a title=\"Safran : Actualit\u00e9s du groupe mondial en a\u00e9rospacial, d\u00e9fense et s\u00e9curit\u00e9\" href=\"https:\/\/www.usinenouvelle.com\/safran\/\" rel=\"nofollow noopener\" target=\"\" class=\"lien-contextuel\">Safran<\/a> Aircraft Engines, a pos\u00e9, vendredi 11 juillet, la premi\u00e8re pierre de la future usine du groupe, en compagnie de Ross McInnes, pr\u00e9sident du conseil d\u2019administration et d&rsquo;\u00e9lus locaux, <a href=\"https:\/\/www.usinenouvelle.com\/article\/safran-choisit-la-janais-a-rennes-pour-sa-future-usine-d-aubes-de-turbines.N2210787\" target=\"_blank\" rel=\"nofollow noopener\">sur le site de la Janais<\/a> (Ille-et-Vilaine). <\/p>\n<p>&#13;<br \/>\n\tLes sourires affich\u00e9s et les discours en forme de d\u00e9claration d\u2019amour \u00e0 l\u2019industrie tranchent avec les pol\u00e9miques des derniers mois. Interrog\u00e9 lors d\u2019une commission d\u2019enqu\u00eate de l\u2019Assembl\u00e9e nationale sur les freins \u00e0 la r\u00e9industrialisation, en avril dernier, Olivier Andri\u00e8s, le directeur g\u00e9n\u00e9ral de Safran avait d\u00e9nonc\u00e9 les critiques acerbes formul\u00e9es par les \u00e9cologistes locaux, \u00e0 l\u2019annonce de l\u2019implantation en f\u00e9vrier 2024. \u00ab<a href=\"https:\/\/www.usinenouvelle.com\/editorial\/tomates-et-turbines-faut-il-bannir-les-usines-des-villes-ecologistes.N2230806\" target=\"_blank\" rel=\"nofollow noopener\">Si c\u2019est pour se faire accueillir par des tomates, ce n\u2019est pas la peine, je ne le ferai pas<\/a>. Chaque fois que l\u2019on aura un choix de localisation, je bannirai une offre faite par une ville d\u00e9tenue par une majorit\u00e9 \u00e9cologiste\u00bb, avait-il jur\u00e9.<\/p>\n<p>&#13;<br \/>\n\tCe vendredi, l\u2019heure \u00e9tait \u00e0 l\u2019apaisement. \u00abIl faut favoriser les cr\u00e9ateurs de richesse et d\u2019emplois nouveaux. C\u2019est ce que vous faites ici\u00bb, a d\u00e9clar\u00e9 Ross McInnes, heureux de construire \u00abune nouvelle page de l\u2019avenir industriel de Rennes\u00bb. <\/p>\n<p>&#13;<br \/>\n\tProduction et maintenance d&rsquo;aubes de turbines <\/p>\n<p>&#13;<br \/>\n\tImplant\u00e9e sur le P\u00f4le d\u2019excellence industrielle de la Janais, l\u2019usine Safran Turbine Airfoils accueillera deux types d\u2019activit\u00e9s : la production d\u2019aubes de turbines avanc\u00e9es pour moteurs civils et militaires ainsi que la r\u00e9paration d\u2019aubes civiles pour le moteur LEAP, que Safran Aircraft Engines fabrique via sa coentreprise avec General Electric, via leur coentreprise CFM International. Montant de l\u2019investissement : \u00abplusieurs dizaines de millions d\u2019euros\u00bb, selon St\u00e9phane Cueille. Le site emploiera \u00e0 terme 500 personnes, recrut\u00e9es principalement sur le bassin d\u2019emplois. Il s\u2019appuiera sur le savoir-faire et les comp\u00e9tences des sites de Gennevilliers (Hauts-de-Seine) et Ch\u00e2tellerault (Vienne).<\/p>\n<p>&#13;<br \/>\n\tL\u2019objectif de production de la fonderie est de 500000 pi\u00e8ces par an. Quant aux capacit\u00e9s de r\u00e9paration, elles s\u2019inscrivent dans le plan d\u2019investissement d\u2019un milliard d\u2019euros annonc\u00e9 en 2024, visant \u00e0 d\u00e9velopper le r\u00e9seau de MRO (Maintenance Repair &amp; Overhaul) du moteur LEAP, ceci, afin d\u2019accompagner la forte croissance de la flotte dans le monde.<\/p>\n<p>&#13;<br \/>\n\tLe nouveau site, op\u00e9rationnel d\u00e9but 2027, int\u00e9grera les derniers d\u00e9veloppements en mati\u00e8re d\u2019usine du futur : contr\u00f4le num\u00e9rique non destructif, process automatis\u00e9s, big data\/IA. Elle aura aussi les meilleurs standards en ergonomie et s\u00e9curit\u00e9. \u00abC\u2019est un moment qui fera date dans l\u2019histoire \u00e9conomique du territoire rennais. La derni\u00e8re implantation industrielle d\u2019ampleur remonte \u00e0 plus de vingt ans\u00bb, se f\u00e9licite la pr\u00e9sidente de Rennes M\u00e9tropole, Nathalie App\u00e9r\u00e9.<\/p>\n<p class=\"editoTitleType1 editoTitleType1--lagoon is-uppercase\">S\u00e9lectionn\u00e9 <b>pour vous<\/b><\/p>\n<p>                                                                            <a class=\"editoCardType21__link editoCardType21__containerImage\" href=\"https:\/\/www.usinenouvelle.com\/article\/a-montpellier-terratis-industrialise-l-elevage-de-moustiques-tigre-steriles.N2235251\" data-xiti-name=\"2235251\" rel=\"nofollow noopener\" target=\"_blank\"><\/p>\n<p>                                                                                                                                                    <img decoding=\"async\" src=\"data:image\/gif;base64,R0lGODdhAQABAPAAAMPDwwAAACwAAAAAAQABAAACAkQBADs=\" data-original=\"\/mediatheque\/1\/4\/5\/001529541_256x170_c.jpg\" alt=\"\u00c0 Montpellier, Terratis industrialise l'\u00e9levage de moustiques Tigre st\u00e9riles\"\/><\/p>\n<p>                            <\/a><\/p>\n","protected":false},"excerpt":{"rendered":"&#13; \u00abOn se sent bien accueillis \u00e0 Rennes.\u00bb C&rsquo;est sur ces mots que St\u00e9phane Cueille, pr\u00e9sident de Safran&hellip;\n","protected":false},"author":2,"featured_media":251501,"comment_status":"","ping_status":"","sticky":false,"template":"","format":"standard","meta":{"footnotes":""},"categories":[2821],"tags":[1111,11,670,829,554,1777,674,1011,27,848,14883,12,18854,584,25,6056],"class_list":{"0":"post-251500","1":"post","2":"type-post","3":"status-publish","4":"format-standard","5":"has-post-thumbnail","7":"category-rennes","8":"tag-actu","9":"tag-actualites","10":"tag-aero-spatial","11":"tag-bretagne","12":"tag-defense","13":"tag-eu","14":"tag-europe","15":"tag-fr","16":"tag-france","17":"tag-ille-et-vilaine","18":"tag-made-in-france","19":"tag-news","20":"tag-quotidien-des-usines","21":"tag-rennes","22":"tag-republique-francaise","23":"tag-safran"},"share_on_mastodon":{"url":"https:\/\/pubeurope.com\/@fr\/114863360217319410","error":""},"_links":{"self":[{"href":"https:\/\/www.europesays.com\/fr\/wp-json\/wp\/v2\/posts\/251500","targetHints":{"allow":["GET"]}}],"collection":[{"href":"https:\/\/www.europesays.com\/fr\/wp-json\/wp\/v2\/posts"}],"about":[{"href":"https:\/\/www.europesays.com\/fr\/wp-json\/wp\/v2\/types\/post"}],"author":[{"embeddable":true,"href":"https:\/\/www.europesays.com\/fr\/wp-json\/wp\/v2\/users\/2"}],"replies":[{"embeddable":true,"href":"https:\/\/www.europesays.com\/fr\/wp-json\/wp\/v2\/comments?post=251500"}],"version-history":[{"count":0,"href":"https:\/\/www.europesays.com\/fr\/wp-json\/wp\/v2\/posts\/251500\/revisions"}],"wp:featuredmedia":[{"embeddable":true,"href":"https:\/\/www.europesays.com\/fr\/wp-json\/wp\/v2\/media\/251501"}],"wp:attachment":[{"href":"https:\/\/www.europesays.com\/fr\/wp-json\/wp\/v2\/media?parent=251500"}],"wp:term":[{"taxonomy":"category","embeddable":true,"href":"https:\/\/www.europesays.com\/fr\/wp-json\/wp\/v2\/categories?post=251500"},{"taxonomy":"post_tag","embeddable":true,"href":"https:\/\/www.europesays.com\/fr\/wp-json\/wp\/v2\/tags?post=251500"}],"curies":[{"name":"wp","href":"https:\/\/api.w.org\/{rel}","templated":true}]}}