{"id":251504,"date":"2025-07-16T14:23:13","date_gmt":"2025-07-16T14:23:13","guid":{"rendered":"https:\/\/www.europesays.com\/fr\/251504\/"},"modified":"2025-07-16T14:23:13","modified_gmt":"2025-07-16T14:23:13","slug":"strasbourg-une-manifestation-contre-les-exactions-en-syrie","status":"publish","type":"post","link":"https:\/\/www.europesays.com\/fr\/251504\/","title":{"rendered":"Strasbourg. Une manifestation contre les exactions en Syrie"},"content":{"rendered":"<p class=\"xsm-p\">Environ 80 environ, des Druzes d\u2019origine syrienne, r\u00e9fugi\u00e9s en France ou en Allemagne, ont manifest\u00e9 ce mercredi place d\u2019Austerlitz \u00e0 Strasbourg, dans le quartier de la Krutenau, contre <a href=\"https:\/\/www.dna.fr\/defense-guerre-conflit\/2025\/07\/16\/les-violences-entre-druzes-et-bedouins-ont-fait-au-moins-248-morts-depuis-dimanche\" target=\"_blank\" rel=\"noopener\">les exactions qui touchent ces derniers jours la communaut\u00e9 druze dans le sud de la Syrie<\/a>.<\/p>\n<p class=\"xsm-p\">\u00ab Nous voulons dire stop aux massacres, stop \u00e0 la terreur \u00bb, explique Raghad, jeune r\u00e9fugi\u00e9e de 23 ans particuli\u00e8rement \u00e9mue. \u00c0 ses c\u00f4t\u00e9s, un homme brandit un \u00e9criteau : \u00ab Hayat Tahrir al-sham, l\u2019arm\u00e9e syrienne et la police br\u00fblent des maisons et leurs habitants de mani\u00e8re inhumaine simplement parce qu\u2019ils n\u2019appartiennent pas \u00e0 l\u2019Islam. \u00bb<\/p>\n<p class=\"xsm-p\">Selon l\u2019Observatoire syrien des droits de l\u2019homme, les affrontements \u00e0 Soue\u00efda ont fait plus de 200 morts ces derniers jours.<\/p>\n","protected":false},"excerpt":{"rendered":"Environ 80 environ, des Druzes d\u2019origine syrienne, r\u00e9fugi\u00e9s en France ou en Allemagne, ont manifest\u00e9 ce mercredi place&hellip;\n","protected":false},"author":2,"featured_media":251505,"comment_status":"","ping_status":"","sticky":false,"template":"","format":"standard","meta":{"footnotes":""},"categories":[2820],"tags":[1111,11,3206,2880,1777,674,107,1011,27,775,12,25,104,640],"class_list":{"0":"post-251504","1":"post","2":"type-post","3":"status-publish","4":"format-standard","5":"has-post-thumbnail","7":"category-strasbourg","8":"tag-actu","9":"tag-actualites","10":"tag-defense-guerre-conflit","11":"tag-edition-strasbourg","12":"tag-eu","13":"tag-europe","14":"tag-fil-info","15":"tag-fr","16":"tag-france","17":"tag-grand-est","18":"tag-news","19":"tag-republique-francaise","20":"tag-societe","21":"tag-strasbourg"},"share_on_mastodon":{"url":"https:\/\/pubeurope.com\/@fr\/114863368047431767","error":""},"_links":{"self":[{"href":"https:\/\/www.europesays.com\/fr\/wp-json\/wp\/v2\/posts\/251504","targetHints":{"allow":["GET"]}}],"collection":[{"href":"https:\/\/www.europesays.com\/fr\/wp-json\/wp\/v2\/posts"}],"about":[{"href":"https:\/\/www.europesays.com\/fr\/wp-json\/wp\/v2\/types\/post"}],"author":[{"embeddable":true,"href":"https:\/\/www.europesays.com\/fr\/wp-json\/wp\/v2\/users\/2"}],"replies":[{"embeddable":true,"href":"https:\/\/www.europesays.com\/fr\/wp-json\/wp\/v2\/comments?post=251504"}],"version-history":[{"count":0,"href":"https:\/\/www.europesays.com\/fr\/wp-json\/wp\/v2\/posts\/251504\/revisions"}],"wp:featuredmedia":[{"embeddable":true,"href":"https:\/\/www.europesays.com\/fr\/wp-json\/wp\/v2\/media\/251505"}],"wp:attachment":[{"href":"https:\/\/www.europesays.com\/fr\/wp-json\/wp\/v2\/media?parent=251504"}],"wp:term":[{"taxonomy":"category","embeddable":true,"href":"https:\/\/www.europesays.com\/fr\/wp-json\/wp\/v2\/categories?post=251504"},{"taxonomy":"post_tag","embeddable":true,"href":"https:\/\/www.europesays.com\/fr\/wp-json\/wp\/v2\/tags?post=251504"}],"curies":[{"name":"wp","href":"https:\/\/api.w.org\/{rel}","templated":true}]}}