{"id":251508,"date":"2025-07-16T14:25:11","date_gmt":"2025-07-16T14:25:11","guid":{"rendered":"https:\/\/www.europesays.com\/fr\/251508\/"},"modified":"2025-07-16T14:25:11","modified_gmt":"2025-07-16T14:25:11","slug":"evo-2025-a-nice-trois-rendez-vous-cles-pour-tenter-de-se-qualifier-avant","status":"publish","type":"post","link":"https:\/\/www.europesays.com\/fr\/251508\/","title":{"rendered":"EVO 2025 \u00e0 Nice : Trois rendez-vous cl\u00e9s pour tenter de se qualifier avant (\u2026)"},"content":{"rendered":"<p>                    <img loading=\"lazy\" decoding=\"async\" src=\"https:\/\/www.europesays.com\/fr\/wp-content\/uploads\/2025\/07\/72b04cc73368ef33247fbc8131741c.jpg\" class=\"img-responsive post-image\" width=\"680\" height=\"510\" alt=\"EVO 2025 \u00e0 Nice : Trois\" title=\"EVO 2025 \u00e0 Nice : Trois rendez-vous cl\u00e9s pour tenter de se qualifier avant le grand tournoi mondial\"\/><\/p>\n<p class=\"chapo\">L\u2019EVO 2025 d\u00e9barque bient\u00f4t \u00e0 Nice\u00a0! Pour la premi\u00e8re fois depuis sa cr\u00e9ation en 1996, l\u2019Evolution Championship Series, le plus grand tournoi mondial de versus fighting, se tiendra en Europe, et plus pr\u00e9cis\u00e9ment sur la C\u00f4te d\u2019Azur, en octobre 2025. Vous pouvez tenter de vous qualifier lors de 3 dates \u00e0 Nice\u00a0!<\/p>\n<p>En amont de cet \u00e9v\u00e9nement historique, la Ville de Nice organise un parcours de qualification en trois \u00e9tapes cet \u00e9t\u00e9, ouvert \u00e0 tous et enti\u00e8rement gratuit (sur inscription)\u00a0:<\/p>\n<p><strong>Round 1\u00a0:<\/strong> Samedi 19 juillet \u00e0 Ma\u00efoun Dou Ra\u00ef (10 Boulevard Comte de Falicon) &#8211;<a href=\"https:\/\/www.start.gg\/tournament\/en-route-vers-l-evo-france-nice-qualification-n-1\/details\" class=\"texte\" rel=\"external nofollow noopener\" target=\"_blank\">les inscriptions sont ouvertes\u00a0!<\/a><br class=\"autobr\"\/><br \/>\n<strong>Round 2\u00a0:<\/strong> Samedi 23 ao\u00fbt au Stockfish (5 Avenue Fran\u00e7ois Mitterrand) &#8211; <a href=\"https:\/\/www.start.gg\/tournament\/en-route-vers-l-evo-france-nice-qualification-n-2\/details\" class=\"spip_out\" rel=\"external nofollow noopener\" target=\"_blank\">les inscriptions sont ouvertes\u00a0!<\/a><br class=\"autobr\"\/><br \/>\n<strong>Round 3\u00a0:<\/strong> Samedi 6 septembre \u2013 Finale \u00e0 la Mairie de Nice (5 Rue H\u00f4tel de Ville)<\/p>\n<p>Ces tournois permettront aux <strong>meilleurs joueurs de d\u00e9crocher leur place pour l\u2019EVO France 2025<\/strong>, qui r\u00e9unira les stars internationales du combat virtuel autour de sept titres majeurs, dont Street Fighter 6, Tekken 8, et Hunter\u00d7Hunter Nen\u00d7Impact.<\/p>\n<p><strong>En jeu\u00a0: <\/strong> un prize pool total de 100 000 \u20ac, r\u00e9parti entre les huit finalistes de chaque discipline. Un \u00e9t\u00e9 br\u00fblant s\u2019annonce pour la sc\u00e8ne esport fran\u00e7aise.<\/p>\n<p>Photo de Une &#8211; EVO 2025 \u00e0 Nice \u00a9OT de Nice<\/p>\n","protected":false},"excerpt":{"rendered":"L\u2019EVO 2025 d\u00e9barque bient\u00f4t \u00e0 Nice\u00a0! Pour la premi\u00e8re fois depuis sa cr\u00e9ation en 1996, l\u2019Evolution Championship Series,&hellip;\n","protected":false},"author":2,"featured_media":251509,"comment_status":"","ping_status":"","sticky":false,"template":"","format":"standard","meta":{"footnotes":""},"categories":[2819],"tags":[1111,11,2408,1777,674,1011,27,12,2401,882,25],"class_list":{"0":"post-251508","1":"post","2":"type-post","3":"status-publish","4":"format-standard","5":"has-post-thumbnail","7":"category-nice","8":"tag-actu","9":"tag-actualites","10":"tag-appels-d","11":"tag-eu","12":"tag-europe","13":"tag-fr","14":"tag-france","15":"tag-news","16":"tag-nice","17":"tag-provence-alpes-cote-dazur","18":"tag-republique-francaise"},"share_on_mastodon":{"url":"https:\/\/pubeurope.com\/@fr\/114863375918587230","error":""},"_links":{"self":[{"href":"https:\/\/www.europesays.com\/fr\/wp-json\/wp\/v2\/posts\/251508","targetHints":{"allow":["GET"]}}],"collection":[{"href":"https:\/\/www.europesays.com\/fr\/wp-json\/wp\/v2\/posts"}],"about":[{"href":"https:\/\/www.europesays.com\/fr\/wp-json\/wp\/v2\/types\/post"}],"author":[{"embeddable":true,"href":"https:\/\/www.europesays.com\/fr\/wp-json\/wp\/v2\/users\/2"}],"replies":[{"embeddable":true,"href":"https:\/\/www.europesays.com\/fr\/wp-json\/wp\/v2\/comments?post=251508"}],"version-history":[{"count":0,"href":"https:\/\/www.europesays.com\/fr\/wp-json\/wp\/v2\/posts\/251508\/revisions"}],"wp:featuredmedia":[{"embeddable":true,"href":"https:\/\/www.europesays.com\/fr\/wp-json\/wp\/v2\/media\/251509"}],"wp:attachment":[{"href":"https:\/\/www.europesays.com\/fr\/wp-json\/wp\/v2\/media?parent=251508"}],"wp:term":[{"taxonomy":"category","embeddable":true,"href":"https:\/\/www.europesays.com\/fr\/wp-json\/wp\/v2\/categories?post=251508"},{"taxonomy":"post_tag","embeddable":true,"href":"https:\/\/www.europesays.com\/fr\/wp-json\/wp\/v2\/tags?post=251508"}],"curies":[{"name":"wp","href":"https:\/\/api.w.org\/{rel}","templated":true}]}}