{"id":251510,"date":"2025-07-16T14:26:12","date_gmt":"2025-07-16T14:26:12","guid":{"rendered":"https:\/\/www.europesays.com\/fr\/251510\/"},"modified":"2025-07-16T14:26:12","modified_gmt":"2025-07-16T14:26:12","slug":"des-garanties-claires-de-letat-et-des-contreparties-suffisantes-a-paris-jerome-viaud-evoque-avec-bruno-retailleau-le-centre-de-retention-administrative-delocalise-de-nice-a-grasse","status":"publish","type":"post","link":"https:\/\/www.europesays.com\/fr\/251510\/","title":{"rendered":"\u00ab\u00a0Des garanties claires de l\u2019\u00c9tat et des contreparties suffisantes\u00a0\u00bb: \u00e0 Paris, J\u00e9r\u00f4me Viaud \u00e9voque avec Bruno Retailleau le centre de r\u00e9tention administrative d\u00e9localis\u00e9 de Nice \u00e0 Grasse"},"content":{"rendered":"<p>J\u00e9r\u00f4me Viaud a \u00e9t\u00e9 re\u00e7u mardi par Bruno Retailleau au minist\u00e8re de l\u2019Int\u00e9rieur, \u00e0 Paris. Une rencontre pour \u00e9voquer le projet d\u2019implantation d\u2019un centre de r\u00e9tention administrative (CRA) \u00e0 Grasse, sur le site qui accueille d\u00e9j\u00e0 la maison d\u2019arr\u00eat. \u00ab\u00a0C\u2019est un projet que je d\u00e9fends depuis de nombreux mois afin de r\u00e9pondre de fa\u00e7on concr\u00e8te aux cons\u00e9quences de l\u2019immigration clandestine et doter le territoire national d\u2019infrastructures compl\u00e9mentaires pour lutter contre la d\u00e9linquance et l\u2019ins\u00e9curit\u00e9\u00a0\u00bb, a fait valoir le maire Les R\u00e9publicains de la Cit\u00e9 des parfums.<\/p>\n<p>Le CRA actuel compte 40 places \u00e0 Nice<\/p>\n<p>Le CRA actuel, localis\u00e9 au commissariat Auvare \u00e0 Nice, ne compte que 40 places. Trop peu, selon les autorit\u00e9s, d\u2019autant que le b\u00e2timent toujours surcharg\u00e9 est v\u00e9tuste et inadapt\u00e9. Depuis de nombreuses ann\u00e9es l\u2019agrandissement de sa capacit\u00e9 \u00e9tait dans les tuyaux. Le pr\u00e9c\u00e9dent gouvernement privil\u00e9giait l\u2019option d\u2019une extension sur site, \u00e0 la caserne Auvare, bient\u00f4t vid\u00e9e de ses effectifs de police [qui vont trouver place au sein du nouvel h\u00f4tel des polices ni\u00e7ois, N.D.L.R.]. Restait aussi la possibilit\u00e9 d\u2019une localisation pr\u00e8s de l\u2019a\u00e9roport. Une alternative rejet\u00e9e. Dans un courrier adress\u00e9 au d\u00e9put\u00e9 et patron de l\u2019UDR &#8211; Union des droites pour la R\u00e9publique- \u00c9ric Ciotti, le ministre de l\u2019int\u00e9rieur, patron des R\u00e9publicains, arguait, entre autres, du \u00ab\u00a0risque inondation\u00a0\u00bb.<\/p>\n<p>\u00ab\u00a0Compensations financi\u00e8res n\u00e9cessaires\u00a0\u00bb<\/p>\n<p>C\u2019est donc Grasse qui pourrait voit s\u2019implanter le centre pour les retenus agrandi, mais de combien de places? \u00ab\u00a0J\u2019ai demand\u00e9 des pr\u00e9cisions sur la capacit\u00e9 exacte du futur CRA, les \u00e9ch\u00e9ances de sa r\u00e9alisation et les compensations financi\u00e8res n\u00e9cessaires, notamment \u00e0 travers un r\u00e9ajustement de la Dotation Globale de Fonctionnement attribu\u00e9e \u00e0 Grasse, afin que celle-ci soit \u00e0 la mesure d\u2019une ville de sous-pr\u00e9fecture qui dispose d\u2019un p\u00f4le judiciaire et administratif cons\u00e9quent\u00a0\u00bb, confie J\u00e9r\u00f4me Viaud. Qui pendant son \u00e9change \u00ab\u00a0constructif\u00a0\u00bb, dit-il, avec le ministre Retailleau, a pu \u00ab\u00a0rappeler les enjeux et les besoins qui accompagnent la mise en \u0153uvre de ce dispositif\u00a0\u00bb \u00e0 Grasse. Il a d\u00e9fendu un \u00ab\u00a0renforcement significatif de la pr\u00e9sence de l\u2019\u00c9tat\u00a0\u00bb dans sa commune. Comprendre: une augmentation \u00ab\u00a0substantielle des effectifs de police nationale pour renforcer la protection des Grassois\u00a0\u00bb.  \u00ab\u00a0Je n\u2019accepterai pas que Grasse s\u2019engage sur ce projet sans garanties claires de l\u2019\u00c9tat et des contreparties suffisantes\u00a0\u00bb, a ass\u00e9n\u00e9 le maire. Qui s\u2019est permis de rappeler \u00e0 Retailleau les promesses de son pr\u00e9d\u00e9cesseur G\u00e9rald Darmanin de 11 effectifs suppl\u00e9mentaires en 2021. Entre les arriv\u00e9es et les d\u00e9parts de policiers nationaux: le compte n\u2019y est pas&#8230;<\/p>\n<p>Bient\u00f4t une visite du ministre de l\u2019Int\u00e9rieur \u00e0 Grasse?<\/p>\n<p>J\u00e9r\u00f4me Viaud, \u00e9galement pr\u00e9sident des maires des Alpes-Maritimes, a aussi plaid\u00e9 pour le renforcement \u00ab\u00a0des pr\u00e9rogatives de [notre] police municipale\u00a0\u00bb et pour l\u2019\u00a0\u00bb\u00e9largissement de leurs pr\u00e9rogatives\u00a0\u00bb dans le cadre du projet de r\u00e9forme pr\u00e9sent\u00e9 par le gouvernement \u00e0 la rentr\u00e9e. \u00ab\u00a0Nos agents, en premi\u00e8re ligne et en contact direct avec les r\u00e9alit\u00e9s locales, m\u00e9ritent pleinement de disposer de moyens d\u2019action accrus pour faire face plus efficacement aux incivilit\u00e9s, \u00e0 la d\u00e9linquance et aux atteintes \u00e0 l\u2019ordre public\u00a0\u00bb, a-t-il conclu.<\/p>\n<p>\u00ab\u00a0Le ministre de l\u2019Int\u00e9rieur s\u2019est montr\u00e9 particuli\u00e8rement \u00e0 l\u2019\u00e9coute et a r\u00e9affirm\u00e9 sa volont\u00e9 de poursuivre ce dialogue dans les prochaines semaines\u00a0\u00bb, jure Viaud qui a invit\u00e9 le ministre \u00e0 Grasse pour qu\u2019il s\u2019exprime \u00a0\u00bb directement devant les forces de l\u2019ordre, en pr\u00e9sence de Mich\u00e8le Tabarot\u00a0\u00bb, d\u00e9put\u00e9e de la 9e circonscription.<\/p>\n","protected":false},"excerpt":{"rendered":"J\u00e9r\u00f4me Viaud a \u00e9t\u00e9 re\u00e7u mardi par Bruno Retailleau au minist\u00e8re de l\u2019Int\u00e9rieur, \u00e0 Paris. Une rencontre pour&hellip;\n","protected":false},"author":2,"featured_media":251511,"comment_status":"","ping_status":"","sticky":false,"template":"","format":"standard","meta":{"footnotes":""},"categories":[2819],"tags":[1111,11,1777,674,1011,27,12,2401,316,882,25,656],"class_list":{"0":"post-251510","1":"post","2":"type-post","3":"status-publish","4":"format-standard","5":"has-post-thumbnail","7":"category-nice","8":"tag-actu","9":"tag-actualites","10":"tag-eu","11":"tag-europe","12":"tag-fr","13":"tag-france","14":"tag-news","15":"tag-nice","16":"tag-politique","17":"tag-provence-alpes-cote-dazur","18":"tag-republique-francaise","19":"tag-securite"},"share_on_mastodon":{"url":"https:\/\/pubeurope.com\/@fr\/114863379836941817","error":""},"_links":{"self":[{"href":"https:\/\/www.europesays.com\/fr\/wp-json\/wp\/v2\/posts\/251510","targetHints":{"allow":["GET"]}}],"collection":[{"href":"https:\/\/www.europesays.com\/fr\/wp-json\/wp\/v2\/posts"}],"about":[{"href":"https:\/\/www.europesays.com\/fr\/wp-json\/wp\/v2\/types\/post"}],"author":[{"embeddable":true,"href":"https:\/\/www.europesays.com\/fr\/wp-json\/wp\/v2\/users\/2"}],"replies":[{"embeddable":true,"href":"https:\/\/www.europesays.com\/fr\/wp-json\/wp\/v2\/comments?post=251510"}],"version-history":[{"count":0,"href":"https:\/\/www.europesays.com\/fr\/wp-json\/wp\/v2\/posts\/251510\/revisions"}],"wp:featuredmedia":[{"embeddable":true,"href":"https:\/\/www.europesays.com\/fr\/wp-json\/wp\/v2\/media\/251511"}],"wp:attachment":[{"href":"https:\/\/www.europesays.com\/fr\/wp-json\/wp\/v2\/media?parent=251510"}],"wp:term":[{"taxonomy":"category","embeddable":true,"href":"https:\/\/www.europesays.com\/fr\/wp-json\/wp\/v2\/categories?post=251510"},{"taxonomy":"post_tag","embeddable":true,"href":"https:\/\/www.europesays.com\/fr\/wp-json\/wp\/v2\/tags?post=251510"}],"curies":[{"name":"wp","href":"https:\/\/api.w.org\/{rel}","templated":true}]}}