{"id":251512,"date":"2025-07-16T14:27:30","date_gmt":"2025-07-16T14:27:30","guid":{"rendered":"https:\/\/www.europesays.com\/fr\/251512\/"},"modified":"2025-07-16T14:27:30","modified_gmt":"2025-07-16T14:27:30","slug":"territoires-zero-chomeur-de-longue-duree-nantes-entre-dans-la-boucle","status":"publish","type":"post","link":"https:\/\/www.europesays.com\/fr\/251512\/","title":{"rendered":"Territoires Z\u00e9ro Ch\u00f4meur de Longue Dur\u00e9e : Nantes entre dans la boucle"},"content":{"rendered":"<p><img decoding=\"async\" class=\"\" style=\"width:100%\" src=\"https:\/\/www.europesays.com\/fr\/wp-content\/uploads\/2025\/07\/IMG_3214__1_1752517036503.jpeg\" alt=\"Deux employ\u00e9s du Boreal\"\/><\/p>\n<p>Deux employ\u00e9s de l&rsquo;entreprise Boreal qui explique les activit\u00e9s au sein de l&rsquo;entreprise.<\/p>\n<p style=\"text-align: justify;\">Alors que certains profitent d\u00e9j\u00e0 des vacances, d\u2019autres retrouvent tout juste le chemin de l\u2019emploi, apr\u00e8s de longues ann\u00e9es d\u2019absence. D\u00e9j\u00e0 test\u00e9 \u00e0 Laval, Concarneau, Rennes, Vannes, Pless\u00e9, Saint-Brieuc, Saint-Th\u00e9gonnec, Maul\u00e9on, Saumur, Rez\u00e9 ou Ponchateau, le dispositif \u00ab\u00a0Territoires Z\u00e9ro Ch\u00f4meur de Longue Dur\u00e9e\u00a0\u00bb s\u2019installe d\u00e9sormais \u00e0 Nantes. Dans le quartier Botti\u00e8re, l\u2019entreprise \u00e0 but d\u2019emploi Boreal a \u00e9t\u00e9 inaugur\u00e9e d\u00e9but juillet. Depuis le 5 mai, 17 personnes en grande pr\u00e9carit\u00e9 ont pu y signer un CDI \u00e0 temps choisi, sur des activit\u00e9s vari\u00e9es : r\u00e9paration, r\u00e9emploi, administratif ou propret\u00e9.<\/p>\n<p>\u00a0<\/p>\n<blockquote><p>\n<strong>Une renaissance pour des Nantais \u00e9loign\u00e9s de l\u2019emploi<br \/><\/strong>\n<\/p><\/blockquote>\n<p>\u00a0<\/p>\n<p><strong>Hazamatti, No\u00eblle, Djamel. Des pr\u00e9noms, des parcours caboss\u00e9s. Aujourd\u2019hui, une nouvelle chance avec Boreal, l\u2019entreprise \u00e0 but d\u2019emploi de la Botti\u00e8re. Djamel : \u201c<strong>\u00c7a fait 20 ans que je n&rsquo;ai pas exerc\u00e9 un travail en CDI. <\/strong><\/strong>Boreal<strong>, \u00e7a m&rsquo;a redonn\u00e9 confiance en moi en faisant beaucoup de travaux, c&rsquo;est plut\u00f4t du travail polyvalent. Des coupages de beaucoup de canots de sauvetage qui sont hors-service. Des canots qu&rsquo;on r\u00e9cup\u00e8re, sur lesquels on fait du coupage, du lavage, et puis \u00e7a nous donne beaucoup d&rsquo;espoir. C&rsquo;est la renaissance.\u201d<\/strong><\/p>\n<p>Nantes rejoint les 83 territoires engag\u00e9s dans l\u2019exp\u00e9rimentation \u00ab Z\u00e9ro Ch\u00f4meur de Longue Dur\u00e9e \u00bb. Avec Boreal, l\u2019objectif est clair : redonner une place \u00e0 celles et ceux longtemps priv\u00e9s d\u2019emploi. Fr\u00e9d\u00e9ric Dupin, pr\u00e9sident de Boreal pr\u00e9sente le projet. \u00ab\u00a0Ils interviennent sur des travaux non concurrentiels. On ne peut pas entrer en concurrence avec les autres acteurs \u00e9conomiques du territoire pour une raison \u00e9vidente, <strong>c&rsquo;est que les salaires sont en grande partie financ\u00e9s par l&rsquo;Etat et donc on est oblig\u00e9 de trouver des travails qui n\u00e9cessitent une main-d&rsquo;oeuvre lourde.<\/strong> Donc \u00e7a passe par le recyclage de canots de sauvetage pour lesquels nous effectuons la d\u00e9coupe, nous les d\u00e9construisons et nous les passons \u00e0 un autre partenaire qui fabrique de la bagagerie, des sacoches de v\u00e9lo, des bananes, des salles d&rsquo;eau et des sacs \u00e0 dos, donc pour une revalorisation de ces produits qui \u00e9taient des d\u00e9chets.\u00a0\u00bb<\/p>\n<p style=\"text-align: justify;\">En Loire-Atlantique, cinq territoires participent \u00e0 cette exp\u00e9rimentation. Pontch\u00e2teau compte d\u00e9j\u00e0 une entreprise \u00e0 but d\u2019emploi depuis 2022. Rez\u00e9, Nantes, Saint-Nazaire et Pless\u00e9 ont lanc\u00e9 leurs projets d\u00e9but 2025 : \u00ab\u00a0C&rsquo;est l&rsquo;ultime solution ! C&rsquo;\u00e9tait la solution qui manquait aussi au territoire. C&rsquo;est une entreprise qui a cr\u00e9\u00e9 des emplois suppl\u00e9mentaires, donc elle a cr\u00e9\u00e9 d\u00e9sormais 17 emplois et qui projette de cr\u00e9er plus d&rsquo;une vingtaine d&#8217;emplois d&rsquo;ici \u00e0 la fin de l&rsquo;ann\u00e9e. <strong>Et sur le long terme, sur cinq ans, Boreal envisage de cr\u00e9er une centaine d&#8217;emplois, ce qui n&rsquo;est pas rien. Donc c&rsquo; est quelque chose qui n&rsquo;existait pas dans le territoire et qui va r\u00e9pondre \u00e0 des besoins autour du domaine de r\u00e9emploi<\/strong> et qui vont r\u00e9pondre aussi \u00e0 des demandes des entreprises du territoire qui vont pouvoir nous donner la sous-traitance. Et donc pour les futurs salari\u00e9s, c&rsquo;est aussi une belle opportunit\u00e9 de pouvoir retravailler enfin, avoir un CDI. \u00c0 temps choisi, parce que les personnes ont la possibilit\u00e9, ont la chance de pouvoir choisir le volume horaire.\u00a0\u00bb<\/p>\n<p>\u00a0<\/p>\n","protected":false},"excerpt":{"rendered":"Deux employ\u00e9s de l&rsquo;entreprise Boreal qui explique les activit\u00e9s au sein de l&rsquo;entreprise. Alors que certains profitent d\u00e9j\u00e0&hellip;\n","protected":false},"author":2,"featured_media":251513,"comment_status":"","ping_status":"","sticky":false,"template":"","format":"standard","meta":{"footnotes":""},"categories":[2818],"tags":[1111,11,13292,1438,1465,13293,3450,829,4356,2171,4357,3472,434,1777,674,9593,3337,3321,2257,1011,27,9518,848,1114,13289,2693,66,3047,1781,13291,13290,3729,766,12,9144,2636,3319,584,25,4937,3728,3272,60,3087,3165,2546],"class_list":{"0":"post-251512","1":"post","2":"type-post","3":"status-publish","4":"format-standard","5":"has-post-thumbnail","7":"category-nantes","8":"tag-actu","9":"tag-actualites","10":"tag-aeroport-notre-dame-des-landes","11":"tag-angers","12":"tag-basket","13":"tag-bonnets-rouges","14":"tag-brest","15":"tag-bretagne","16":"tag-coronavirus","17":"tag-cotes-darmor","18":"tag-covid-19","19":"tag-dinan","20":"tag-epidemie","21":"tag-eu","22":"tag-europe","23":"tag-fcn","24":"tag-festivals","25":"tag-finistere","26":"tag-foot","27":"tag-fr","28":"tag-france","29":"tag-hand","30":"tag-ille-et-vilaine","31":"tag-infos","32":"tag-la-roche-sur-yon","33":"tag-laval","34":"tag-ligue-1","35":"tag-loire-atlantique","36":"tag-lorient","37":"tag-maine-et-loire","38":"tag-mayenne","39":"tag-morbihan","40":"tag-nantes","41":"tag-news","42":"tag-ouest","43":"tag-pays-de-la-loire","44":"tag-quimper","45":"tag-rennes","46":"tag-republique-francaise","47":"tag-saint-brieuc","48":"tag-saint-malo","49":"tag-saint-nazaire","50":"tag-sports","51":"tag-stade-rennais","52":"tag-vannes","53":"tag-vendee"},"share_on_mastodon":{"url":"","error":"Validation failed: Text character limit of 500 exceeded"},"_links":{"self":[{"href":"https:\/\/www.europesays.com\/fr\/wp-json\/wp\/v2\/posts\/251512","targetHints":{"allow":["GET"]}}],"collection":[{"href":"https:\/\/www.europesays.com\/fr\/wp-json\/wp\/v2\/posts"}],"about":[{"href":"https:\/\/www.europesays.com\/fr\/wp-json\/wp\/v2\/types\/post"}],"author":[{"embeddable":true,"href":"https:\/\/www.europesays.com\/fr\/wp-json\/wp\/v2\/users\/2"}],"replies":[{"embeddable":true,"href":"https:\/\/www.europesays.com\/fr\/wp-json\/wp\/v2\/comments?post=251512"}],"version-history":[{"count":0,"href":"https:\/\/www.europesays.com\/fr\/wp-json\/wp\/v2\/posts\/251512\/revisions"}],"wp:featuredmedia":[{"embeddable":true,"href":"https:\/\/www.europesays.com\/fr\/wp-json\/wp\/v2\/media\/251513"}],"wp:attachment":[{"href":"https:\/\/www.europesays.com\/fr\/wp-json\/wp\/v2\/media?parent=251512"}],"wp:term":[{"taxonomy":"category","embeddable":true,"href":"https:\/\/www.europesays.com\/fr\/wp-json\/wp\/v2\/categories?post=251512"},{"taxonomy":"post_tag","embeddable":true,"href":"https:\/\/www.europesays.com\/fr\/wp-json\/wp\/v2\/tags?post=251512"}],"curies":[{"name":"wp","href":"https:\/\/api.w.org\/{rel}","templated":true}]}}