{"id":251514,"date":"2025-07-16T14:28:20","date_gmt":"2025-07-16T14:28:20","guid":{"rendered":"https:\/\/www.europesays.com\/fr\/251514\/"},"modified":"2025-07-16T14:28:20","modified_gmt":"2025-07-16T14:28:20","slug":"que-faire-a-nantes-ce-week-end-du-17-au-20-juillet-2025-big-city-nantes","status":"publish","type":"post","link":"https:\/\/www.europesays.com\/fr\/251514\/","title":{"rendered":"Que faire \u00e0 Nantes ce week-end du 17 au 20 juillet 2025 ? \u2013 Big City Nantes"},"content":{"rendered":"<p>Il pleut ce week-end ? Bon, au lieu de tourner en rond \u00e0 la maison, autant en profiter pour aller d\u00e9couvrir les nouvelles expos qui valent le d\u00e9tour : <strong><a href=\"https:\/\/www.bigcitynantes.fr\/actu\/hokusai-lexposition-evenement-debarque-a-nantes-cet-ete\/\" target=\"_blank\" rel=\"noopener\">Hokusai<\/a> <\/strong>au <strong>ch\u00e2teau des Ducs de Bretagne<\/strong>, <strong><a href=\"https:\/\/www.lamonstrueusegalerie.com\/expositions\" target=\"_blank\" rel=\"noopener\">Vestiges d\u2019Ailleurs<\/a><\/strong> \u00e0 la <strong>Monstrueuse Galerie<\/strong>, <strong><a href=\"https:\/\/www.bigcitynantes.fr\/actu\/electric-op-une-experience-visuelle-inedite-a-nantes\/\" target=\"_blank\" rel=\"noopener\">Electric OP<\/a><\/strong> au <strong>Mus\u00e9e d\u2019Arts de Nantes<\/strong>, et bien d\u2019autres. Tu pourras \u00e9galement faire des d\u00e9couvertes ou profiter de DJ sets, festivals\u2026 comme d\u2019habitude, \u00e7a s\u2019annonce tr\u00e8s cool ! On t\u2019a pr\u00e9par\u00e9 une s\u00e9lection aux petits oignons des \u00e9v\u00e9nements du week-end, histoire que tu rates rien, regarde \u00e7a \ud83d\ude09<\/p>\n<p>Que Faire \u00e0 Nantes ce week-end : le programme des sorties du jeudi 17 au dimanche 20 juillet 2025<\/p>\n<p>Tu as de quoi faire ce week-end du <strong>17 au 20 juillet 2025<\/strong> ! Pour une soir\u00e9e ultra originale et conviviale, direction le<strong> <a href=\"https:\/\/www.maisondulacdegrandlieu.org\/billetterie\/soirees-du-lac-soiree-degustation-originale-nantes\/\" target=\"_blank\" rel=\"noopener\">Lac de Grand Lieu<\/a><\/strong>. C\u00f4t\u00e9 festif, tu es servi avec la <strong><a href=\"https:\/\/www.bigcitynantes.fr\/agenda\/fiesta-colombiana-a-la-chaumiere\/\" target=\"_blank\" rel=\"noopener\">Fiesta Columbia<\/a><\/strong> \u00e0 <strong>La Chaumi\u00e8re<\/strong> ou encore les <strong>6 ans du Napoleone<\/strong>. C\u00f4t\u00e9 food, direction <strong>Carquefou <\/strong>avec <strong><a href=\"https:\/\/www.carquefood.com\/\" target=\"_blank\" rel=\"noopener\">Carquefood<\/a><\/strong>, une halle gourmande en plein nature ou encore <a href=\"https:\/\/www.facebook.com\/profile.php?id=61563075901328\" target=\"_blank\" rel=\"noopener\"><strong>La Cabane de Port-Jean<\/strong> <\/a>une guinguette parfaite pour l\u2019ap\u00e9ro.<\/p>\n<p>Et \u00e7a, c\u2019est qu\u2019un aper\u00e7u\u2026\u00a0<strong>Regarde la liste ci-dessous<\/strong>\u00a0pour ne rien manquer, et surtout,\u00a0on te souhaite un <strong>bon week-end \u00e0 Nantes<\/strong>\u00a0\u2764\ufe0f<\/p>\n<p><img decoding=\"async\" class=\"lazyload wp-block-cover__image-background wp-image-112113 size-full\" alt=\"\" src=\"https:\/\/www.europesays.com\/fr\/wp-content\/uploads\/2025\/07\/1752676100_312_A4_Borchure_Mockup_7-1.png\" style=\"object-position:56% 70%\" data-object-fit=\"cover\" data-object-position=\"56% 70%\"\/>commandez le passeport de l&rsquo;ap\u00e9ro<br \/>95\u20ac de consos offertes !  Tout le week-endVendredi, samedi et dimanche   Week-end 1 : Festival Les Renc\u2019Arts  <strong>Les Renc\u2019Arts f\u00eatent leurs 30 ans \u00e0 Pornichet du 11 juillet au 15 ao\u00fbt !<\/strong> Ce festival joyeux et incontournable de l\u2019\u00e9t\u00e9 revient avec une programmation \u00e9clectique : cirque, th\u00e9\u00e2tre, danse, musique, clown\u2026 le tout dans les quartiers de la ville. Nouveaut\u00e9 cette ann\u00e9e : \u00ab L\u2019Eddy Guinguette \u00bb, des repas partag\u00e9s pour encore plus de convivialit\u00e9. Et pour garder un souvenir, un stand de goodies t\u2019attend. Un \u00e9t\u00e9 festif \u00e0 une heure de Nantes, \u00e0 ne surtout pas manquer !<\/p>\n<p> <strong>O\u00f9<\/strong>Pornichet<br \/><strong>Quand<\/strong>apr\u00e8s-demain<br \/><strong>Tarif<\/strong>Gratuit <\/p>\n<p>  Concert, food et bonne ambiance : Profite de la guinguette La Cabane de Port-Jean  Cette guinguette cach\u00e9e au bord de l\u2019Erdre est juste parfaite pour ton week-end. Tu y retrouves des produits 100% locaux et tu te r\u00e9gales avec des plats et des tapas faits maison ! Leur fameuse gu\u00e9dille, un sandwich qu\u00e9b\u00e9cois revisit\u00e9, vaut carr\u00e9ment le d\u00e9tour. Et <strong>ce vendredi 18 juillet \u00e0 20h<\/strong>, profite aussi d&rsquo;un concert de musique tzigane avec Gadje Mundji !<\/p>\n<p> <strong>O\u00f9<\/strong>La Cabane de Port-Jean<br \/><strong>Quand<\/strong>apr\u00e8s-demain<br \/><strong>Tarif<\/strong>Gratuit <\/p>\n<p>  Viens te r\u00e9galer dans la halle gourmande Carquefood !  Ce week-end, profite de cette halle gourmande ultra conviviale nich\u00e9e en pleine nature. Retrouve une large s\u00e9lection de plats avec 6 corners food. Focaccia, pizzas, burgers, p\u00e2tes\u2026 tu vas forc\u00e9ment trouver ton bonheur ! Tu peux aussi juste prendre un verre au bar et profiter de la belle terrasse ensoleill\u00e9e et des \u00e9v\u00e9nements qui s&rsquo;y d\u00e9roulent chaque semaine&#8230;  \u00a0<\/p>\n<p> <strong>O\u00f9<\/strong>Carquefood<br \/><strong>Quand<\/strong>apr\u00e8s-demain<br \/><strong>Tarif<\/strong>Gratuit <\/p>\n<p>  Jeudi   Soir\u00e9e mousse XXL au Warehouse  C\u2019est l\u2019\u00e9t\u00e9, il fait beau, il fait chaud\u2026 Le <strong>jeudi 17 juillet<\/strong>, le <strong>Warehouse<\/strong> t\u2019invite \u00e0 plonger dans le plus grand bain de mousse de la r\u00e9gion ! Et \u00e7a s\u2019annonce festif avec au programme, DJ Yofunders &amp; Sinna.<\/p>\n<p> <strong>O\u00f9<\/strong>Warehouse<br \/><strong>Quand<\/strong>demain<br \/><strong>Tarif<\/strong>Payant<\/p>\n<p>  Les Jeudis du Port  Les <strong>Jeudis du Port<\/strong> sont de retour et te donnent rendez-vous sur les<strong> Rives du Plan d\u2019eau \u00e0 Nort-sur-Erdre<\/strong> pour leur 9e \u00e9dition ! Au programme, atelier jeux et litt\u00e9rature jeunesse, coin lecture, jeux, concerts, buvette et snack.<\/p>\n<p> <strong>O\u00f9<\/strong>Nord-sur-Erdre<br \/><strong>Quand<\/strong>demain<br \/><strong>Tarif<\/strong>Gratuit <\/p>\n<p>  L\u2019heure d\u2019\u00e9t\u00e9 d\u2019Emile Mac\u00e9 les Grandes tabl\u00e9es  Le<strong> jeudi 17 juillet,<\/strong> la <strong>place Mac\u00e9<\/strong> se transforme en restaurant \u00e0 ciel ouvert pour l&rsquo;\u00e9t\u00e9 et accueille <strong>Les Grandes Tabl\u00e9es<\/strong>. Un rendez-vous ultra convivial et festif.<\/p>\n<p> <strong>O\u00f9<\/strong>Pornic<br \/><strong>Quand<\/strong>demain<br \/><strong>Tarif<\/strong>Gratuit <\/p>\n<p>  Concert sauvage au Ferrailleur : Mickle Muckle  <strong>Jeudi 17 juillet \u00e0 19h<\/strong>, pr\u00e9pare-toi pour un concert sauvage et gratuit au Ferrailleur avec Mickle Muckle ! Un mic mac proto punk psych\u00e9 bien mal lun\u00e9, quelque part entre Sleaford Mods et Young Fathers. Avec des singles d\u00e9j\u00e0 tr\u00e8s chauds et un album en route, Mickle Muckle d\u00e9barque pour tout retourner en mode cold wave speed berlinoise. C\u2019est gratos, et \u00e7a va secouer !<\/p>\n<p> <strong>O\u00f9<\/strong>Le Ferrailleur<br \/><strong>Quand<\/strong>demain<br \/><strong>Horaires<\/strong>De 19h00 \u00e0 21h00<br \/><strong>Tarif<\/strong>Gratuit <\/p>\n<p>  Vendredi   Soir\u00e9e du Lac \u00e0 La Maison du Lac de Grand-Lieu  Tu cherches une id\u00e9e de soir\u00e9e originale et conviviale pour cet \u00e9t\u00e9, \u00e0 partager en famille ou entre amis, pr\u00e8s de Nantes ? Rendez-vous le <strong>18 juillet<\/strong> pour la <strong>Soir\u00e9e du Lac<\/strong> et d\u00e9couvre les paysages de<strong> Grand-Lieu<\/strong> sous un angle \u0153nologique et gastronomique, en compagnie de vignerons locaux. Et pour les absents, pas de panique, la Soir\u00e9e du Lac, c&rsquo;est aussi le 25 juillet, 1er ao\u00fbt, 8 ao\u00fbt et 22 ao\u00fbt 2025 !<\/p>\n<p> <strong>O\u00f9<\/strong>La Maison du Lac de Grand-Lieu<br \/><strong>Quand<\/strong>apr\u00e8s-demain<br \/><strong>Tarif<\/strong>Payant<\/p>\n<p>  Blue Friday avec Onshore \u00e0 Station Nuage  <strong>Ce vendredi de 17 \u00e0 23h<\/strong>, la team Onshore prend les commandes de Station Nuage pour une soir\u00e9e \u00e9lectro en plein air, et c\u2019est gratuit ! Terrasse chill, bar et restauration non-stop de midi \u00e0 22h30, le tout dans une ambiance bien styl\u00e9e. Programmation \u00e0 venir, mais une chose est s\u00fbre : \u00e7a va \u00eatre tr\u00e8s cool.<\/p>\n<p> <strong>O\u00f9<\/strong>Station Nuage<br \/><strong>Quand<\/strong>apr\u00e8s-demain<br \/><strong>Horaires<\/strong>De 17h00 \u00e0 23h00<br \/><strong>Tarif<\/strong>Gratuit <\/p>\n<p>  Le Napoleone f\u00eate ses 6 ans !  <strong>Vendredi 18 juillet d\u00e8s 19h30<\/strong>, le bistrot Napoleone f\u00eate ses 6 ans en beaut\u00e9 ! Au programme : concert br\u00e9silien-rock avec Clari, stand rhum de la Rhumerie Fontanel, expo de Captain Atlas et buffet en libre service. Ambiance festive garantie sous le soleil, alors viens trinquer et c\u00e9l\u00e9brer comme il se doit !<\/p>\n<p> <strong>O\u00f9<\/strong>napoleone<br \/><strong>Quand<\/strong>apr\u00e8s-demain<br \/><strong>Horaires<\/strong>De 19h30 \u00e0 23h59<br \/><strong>Tarif<\/strong>Gratuit <\/p>\n<p>  Samedi   Tournoi de palet  <strong>Samedi 19 juillet<\/strong>, direction <strong>Carquefood<\/strong> pour une soir\u00e9e <strong>tournoi de Palet<\/strong> ultra conviviale. Au programme, tournoi de palet, lots \u00e0 gagner restauration &amp; buvette sur place, \u2026 Et en plus t&rsquo;as plein d&rsquo;activit\u00e9 ultra cool \u00e0 Carquefou. On t&rsquo;en dit plus <strong><a href=\"https:\/\/www.instagram.com\/reel\/DLaJ_-AIk_C\/?utm_source=ig_web_copy_link&amp;igsh=MzRlODBiNWFlZA==\" target=\"_blank\" rel=\"noopener\">juste ici \ud83d\ude09<\/a><\/strong><\/p>\n<p> <strong>O\u00f9<\/strong>Carquefood<br \/><strong>Quand<\/strong>19 juillet 2025<br \/><strong>Tarif<\/strong>Payant<\/p>\n<p>  Soir\u00e9e Bachata en plein air  <strong>Vendredi 19 juillet<\/strong>, rendez-vous sur l\u2019\u00eele de Nantes pour une<strong> soir\u00e9e Bachata sur les Quais<\/strong>&#8230; le tout dans une ambiance ultra conviviale et estivale. Que tu sois d\u00e9butant ou pro, tu vas pouvoir profiter de la musique et danser !<\/p>\n<p> <strong>O\u00f9<\/strong>\u00cele de Nantes<br \/><strong>Quand<\/strong>19 juillet 2025<br \/><strong>Tarif<\/strong>Gratuit <\/p>\n<p>  Banana Split  Le dernier <strong>Banana Split<\/strong> de la saison, c\u2019est le<strong> samedi 19 juillet 2025<\/strong> \u00e0 <strong>l\u2019Agronaute<\/strong>. Au programme, food, tattoos, crochets, friperie, strass, nails, bijoux, graphic design, upcycling, jeux et une line up XXL avec les DJ Acideale, Aft6r, Arnakin, Barja, Cepanou, Cyril PGT et Hathara Music, de la food, tattoos, crochets, friperie, strass, nails, bijoux, graphic design, upcycling et jeux. Et c&rsquo;est gratuit avant 16h !\ud83d\ude09<\/p>\n<p> <strong>O\u00f9<\/strong>L\u2019Agronaute<br \/><strong>Quand<\/strong>19 juillet 2025<br \/><strong>Horaires<\/strong>De 14h00 \u00e0 22h00<br \/><strong>Tarif<\/strong>Payant<\/p>\n<p>  Le festival Baz\u2019art Sonore  Le Labo cl\u00f4ture en beaut\u00e9 le <strong>19 juillet 2025<\/strong> avec le festival Baz&rsquo;art. Une apr\u00e8s-midi qui s\u2019annonce festive, cr\u00e9ative et engag\u00e9e ! Au programme, rencontres, animations, d\u00e9couvertes, danse, slam, musique, DJ set, \u2026<\/p>\n<p> <strong>O\u00f9<\/strong>91 Boulevard Pierre de Coubertin, 44100 Nantes, France<br \/><strong>Quand<\/strong>19 juillet 2025<br \/><strong>Horaires<\/strong>De 15h00 \u00e0 21h00<br \/><strong>Tarif<\/strong>Gratuit <\/p>\n<p>  Noche de Farra : Fiesta Nacional Colombia au SAO  Le <strong>samedi 19 juillet<\/strong>, viens f\u00eater l\u2019ind\u00e9pendance colombienne au SAO \u00e0 Nantes ! Pr\u00e9pare-toi \u00e0 une soir\u00e9e 100% caliente avec DJ Mauro Cardenas aux platines, un concert live de Radio Gaby, danses folkloriques, initiation \u00e0 la Salsa Choke et plein d&rsquo;autres surprises. Entre cumbia, reggaeton et salsa, tu vas danser jusqu\u2019au bout de la nuit.<\/p>\n<p> <strong>O\u00f9<\/strong>SAO<br \/><strong>Quand<\/strong>19 juillet 2025<br \/><strong>Horaires<\/strong>De 20h00 \u00e0 23h59<br \/><strong>Tarif<\/strong>Gratuit <\/p>\n<p>  00h01, Local Heroes, Macadam  <strong>Samedi 19 juillet<\/strong>, ils\/elles incarneront la diversit\u00e9 des musiques \u00e9lectroniques ainsi que les liens forts existant entre les artistes et collectifs. Retrouves aux commandes de <strong>Macadam<\/strong> : Lamoureux (Paco Tyson) en B2B avec L.I du collectif Onshore ; Heidy Fly et Koller (M\u00e4r Collectif), Evolute Deepness et Sato et VTT de Fa7 Crew. Une belle c\u00e9l\u00e9bration entre house, progressive, world et trance.<\/p>\n<p> <strong>O\u00f9<\/strong>Macadam<br \/><strong>Quand<\/strong>19 juillet 2025<br \/><strong>Tarif<\/strong>Payant<\/p>\n<p>  Samedi et  Dimanche   Royal De Luxe \u00e0 Orvault  La compagnie <a href=\"https:\/\/www.bigcitynantes.fr\/actu\/nantes-ou-voir-le-nouveau-spectacle-de-la-compagnie-royal-de-luxe\/\" target=\"_blank\" rel=\"noopener\"><strong>Royal de Luxe<\/strong> <\/a>revient avec un tout nouveau spectacle compl\u00e8tement barr\u00e9 les <strong>19 et 20 juillet 2025<\/strong> \u00e0 <strong>Orvault<\/strong>. Son nom ? Apesanteur. Le pitch ? Un commissaire de police des ann\u00e9es 60 m\u00e8ne une enqu\u00eate sur des meurtres dans une droguerie\u2026 jusque-l\u00e0, tout va bien. Et comme on est chez Royal de Luxe, rien ne va se passer comme pr\u00e9vu avec l\u2019arriv\u00e9e d\u2019un enqu\u00eateur du futur.<\/p>\n<p> <strong>O\u00f9<\/strong>Parc de la Gobini\u00e8re<br \/><strong>Quand<\/strong>19 juillet 2025<br \/><strong>Tarif<\/strong>Gratuit <\/p>\n<p>  Dimanche   Fiesta Colombiana \u00e0 La Chaumi\u00e8re  <strong>Dimanche 20 juillet<\/strong>, La Chaumi\u00e8re passe en mode fiesta pour c\u00e9l\u00e9brer l\u2019ind\u00e9pendance de la Colombie <strong>de 14h \u00e0 21h !<\/strong> Au programme : la fanfare explosive Gozadera, un DJ set caliente de Suenomada, du live painting, des jeux en bois, des paillettes et de la street food sud-am\u00e9ricaine \u00e0 tomber. L\u2019entr\u00e9e est \u00e0 prix libre, alors viens faire le plein de soleil, de rythmes tropicaux et de bonne humeur !<\/p>\n<p> <strong>O\u00f9<\/strong>La Chaumi\u00e8re<br \/><strong>Quand<\/strong>20 juillet 2025<br \/><strong>Horaires<\/strong>De 14h00 \u00e0 21h00<br \/><strong>Tarif<\/strong>Prix libre<\/p>\n<p>\u00c0 faire chaque week-end<img decoding=\"async\" class=\"lazyload wp-block-cover__image-background wp-image-112113 size-full\" alt=\"\" src=\"https:\/\/www.europesays.com\/fr\/wp-content\/uploads\/2025\/07\/1752676100_312_A4_Borchure_Mockup_7-1.png\" style=\"object-position:56% 70%\" data-object-fit=\"cover\" data-object-position=\"56% 70%\"\/>commandez le passeport de l&rsquo;ap\u00e9ro<br \/>95\u20ac de consos offertes !<script async src=\"\/\/www.instagram.com\/embed.js\"><\/script><\/p>\n","protected":false},"excerpt":{"rendered":"Il pleut ce week-end ? Bon, au lieu de tourner en rond \u00e0 la maison, autant en profiter&hellip;\n","protected":false},"author":2,"featured_media":251515,"comment_status":"","ping_status":"","sticky":false,"template":"","format":"standard","meta":{"footnotes":""},"categories":[2818],"tags":[1111,11,4156,4157,1777,674,1011,27,766,12,2636,25,953,1669,3140,4064],"class_list":{"0":"post-251514","1":"post","2":"type-post","3":"status-publish","4":"format-standard","5":"has-post-thumbnail","7":"category-nantes","8":"tag-actu","9":"tag-actualites","10":"tag-concerts","11":"tag-dj-sets","12":"tag-eu","13":"tag-europe","14":"tag-fr","15":"tag-france","16":"tag-nantes","17":"tag-news","18":"tag-pays-de-la-loire","19":"tag-republique-francaise","20":"tag-soiree","21":"tag-sorties","22":"tag-spectacle","23":"tag-week-end"},"share_on_mastodon":{"url":"https:\/\/pubeurope.com\/@fr\/114863388240025186","error":""},"_links":{"self":[{"href":"https:\/\/www.europesays.com\/fr\/wp-json\/wp\/v2\/posts\/251514","targetHints":{"allow":["GET"]}}],"collection":[{"href":"https:\/\/www.europesays.com\/fr\/wp-json\/wp\/v2\/posts"}],"about":[{"href":"https:\/\/www.europesays.com\/fr\/wp-json\/wp\/v2\/types\/post"}],"author":[{"embeddable":true,"href":"https:\/\/www.europesays.com\/fr\/wp-json\/wp\/v2\/users\/2"}],"replies":[{"embeddable":true,"href":"https:\/\/www.europesays.com\/fr\/wp-json\/wp\/v2\/comments?post=251514"}],"version-history":[{"count":0,"href":"https:\/\/www.europesays.com\/fr\/wp-json\/wp\/v2\/posts\/251514\/revisions"}],"wp:featuredmedia":[{"embeddable":true,"href":"https:\/\/www.europesays.com\/fr\/wp-json\/wp\/v2\/media\/251515"}],"wp:attachment":[{"href":"https:\/\/www.europesays.com\/fr\/wp-json\/wp\/v2\/media?parent=251514"}],"wp:term":[{"taxonomy":"category","embeddable":true,"href":"https:\/\/www.europesays.com\/fr\/wp-json\/wp\/v2\/categories?post=251514"},{"taxonomy":"post_tag","embeddable":true,"href":"https:\/\/www.europesays.com\/fr\/wp-json\/wp\/v2\/tags?post=251514"}],"curies":[{"name":"wp","href":"https:\/\/api.w.org\/{rel}","templated":true}]}}