{"id":251524,"date":"2025-07-16T14:33:19","date_gmt":"2025-07-16T14:33:19","guid":{"rendered":"https:\/\/www.europesays.com\/fr\/251524\/"},"modified":"2025-07-16T14:33:19","modified_gmt":"2025-07-16T14:33:19","slug":"leocorno-nouvelle-enseigne-italienne-au-mcarthurglen-roubaix","status":"publish","type":"post","link":"https:\/\/www.europesays.com\/fr\/251524\/","title":{"rendered":"Leocorno, nouvelle enseigne italienne au McArthurGlen Roubaix"},"content":{"rendered":"<p class=\"introduction\">Une nouvelle adresse gourmande d\u00e9barque \u00e0 McArthurGlen Roubaix ! P\u00e2tes fra\u00eeches, pizzas g\u00e9n\u00e9reuses, desserts maison\u2026 ce restaurant italien, succ\u00e9dant \u00e0 l\u2019enseigne Joe\u2019s Burger, m\u00eale saveurs transalpines, convivialit\u00e9 et service \u00e0 emporter. Une pause id\u00e9ale entre deux s\u00e9ances de shopping, avec terrasse.<\/p>\n<p>Deux fr\u00e8res, Christophe Squevin et Fr\u00e9d\u00e9ric Sonnais, sont \u00e0 la t\u00eate de ce nouvelle adresse gourmande. C\u2019est leur quatri\u00e8me \u00e9tablissement dans la r\u00e9gion depuis 2023, et ils n\u2019ont pas h\u00e9sit\u00e9 une seconde \u00e0 s\u2019installer \u00e0 Roubaix. Cinq \u00e9quivalents temps plein ont \u00e9t\u00e9 embauch\u00e9s et , une fois les cl\u00e9s re\u00e7ues, en 10 jours le restaurant pouvait ouvrir ses portes.<\/p>\n<p>Leocorno, mot italien signifiant \u201clicorne\u201d et \u00e9voquant un quartier de Sienne, incarne une cuisine italienne authentique et revisit\u00e9e. Le restaurant propose une carte vari\u00e9e de p\u00e2tes savoureuses, pizzas, salades, polpette maison et tiramisu fait maison, le tout \u00e9labor\u00e9 \u00e0 partir de produits frais\u00a0. Pour r\u00e9pondre aux attentes des visiteurs roubaisiens, Leocorno propose un service de vente \u00e0 emporter, id\u00e9al pour ceux qui souhaitent d\u00e9guster leurs plats italiens chez eux ou au bureau. Sp\u00e9cialit\u00e9s : p\u00e2tes, pizzas, salades, polpette pr\u00e9par\u00e9es sur place, tiramisu maison \u2026 Mais aussi\u00a0: cotoletta Saltimbocca, cotoletta Marsala ou Milanese, accompagn\u00e9s de salade ou de p\u00e2tes selon votre choix. En desserts : panna cotta, salade de fruits maison, pomme caram\u00e9lis\u00e9e avec glace vanille ou citron vert<\/p>\n<p>Le restaurant dispose d\u2019une capacit\u00e9 totale de 24 tables en salle et 30 en terrasse, am\u00e9nag\u00e9e pour rester utilisable en hiver. Le lieu est accessible aux personnes \u00e0 mobilit\u00e9 r\u00e9duite avec am\u00e9nagement de la disposition des tables au besoin<\/p>\n<p>Le restaurant est ouvert aux horaires du centre McArthurGlen, ce qui facilite les pauses d\u00e9jeuner ou go\u00fbter entre deux boutiques\u00a0!<\/p>\n","protected":false},"excerpt":{"rendered":"Une nouvelle adresse gourmande d\u00e9barque \u00e0 McArthurGlen Roubaix ! P\u00e2tes fra\u00eeches, pizzas g\u00e9n\u00e9reuses, desserts maison\u2026 ce restaurant italien,&hellip;\n","protected":false},"author":2,"featured_media":251525,"comment_status":"","ping_status":"","sticky":false,"template":"","format":"standard","meta":{"footnotes":""},"categories":[2815],"tags":[1111,11,215,1777,674,1011,27,811,1307,39165,12,25,1340],"class_list":{"0":"post-251524","1":"post","2":"type-post","3":"status-publish","4":"format-standard","5":"has-post-thumbnail","7":"category-lille","8":"tag-actu","9":"tag-actualites","10":"tag-commerce","11":"tag-eu","12":"tag-europe","13":"tag-fr","14":"tag-france","15":"tag-hauts-de-france","16":"tag-lille","17":"tag-mc-arthur-glenn","18":"tag-news","19":"tag-republique-francaise","20":"tag-restaurant"},"share_on_mastodon":{"url":"https:\/\/pubeurope.com\/@fr\/114863407488846594","error":""},"_links":{"self":[{"href":"https:\/\/www.europesays.com\/fr\/wp-json\/wp\/v2\/posts\/251524","targetHints":{"allow":["GET"]}}],"collection":[{"href":"https:\/\/www.europesays.com\/fr\/wp-json\/wp\/v2\/posts"}],"about":[{"href":"https:\/\/www.europesays.com\/fr\/wp-json\/wp\/v2\/types\/post"}],"author":[{"embeddable":true,"href":"https:\/\/www.europesays.com\/fr\/wp-json\/wp\/v2\/users\/2"}],"replies":[{"embeddable":true,"href":"https:\/\/www.europesays.com\/fr\/wp-json\/wp\/v2\/comments?post=251524"}],"version-history":[{"count":0,"href":"https:\/\/www.europesays.com\/fr\/wp-json\/wp\/v2\/posts\/251524\/revisions"}],"wp:featuredmedia":[{"embeddable":true,"href":"https:\/\/www.europesays.com\/fr\/wp-json\/wp\/v2\/media\/251525"}],"wp:attachment":[{"href":"https:\/\/www.europesays.com\/fr\/wp-json\/wp\/v2\/media?parent=251524"}],"wp:term":[{"taxonomy":"category","embeddable":true,"href":"https:\/\/www.europesays.com\/fr\/wp-json\/wp\/v2\/categories?post=251524"},{"taxonomy":"post_tag","embeddable":true,"href":"https:\/\/www.europesays.com\/fr\/wp-json\/wp\/v2\/tags?post=251524"}],"curies":[{"name":"wp","href":"https:\/\/api.w.org\/{rel}","templated":true}]}}